{"id":5912,"date":"2026-09-04T09:18:42","date_gmt":"2026-09-04T12:18:42","guid":{"rendered":"https:\/\/www.encontratatui.com.br\/guia\/dupla-companhia-estreia-desacorde-fabula-musical-sobre-memoria-identidade-e-pertencimento-em-salto-sp-nos-dias-15-e-16-de-setembro\/"},"modified":"2026-09-04T09:18:42","modified_gmt":"2026-09-04T12:18:42","slug":"dupla-companhia-estreia-desacorde-fabula-musical-sobre-memoria-identidade-e-pertencimento-em-salto-sp-nos-dias-15-e-16-de-setembro","status":"publish","type":"post","link":"https:\/\/www.encontratatui.com.br\/guia\/dupla-companhia-estreia-desacorde-fabula-musical-sobre-memoria-identidade-e-pertencimento-em-salto-sp-nos-dias-15-e-16-de-setembro\/","title":{"rendered":"Dupla Companhia estreia DESACORDE, f\u00e1bula musical sobre mem\u00f3ria, identidade e pertencimento em Salto (SP) nos dias 15 e 16 de setembro"},"content":{"rendered":"<h2>A Estreia de Desacorde: Um Marco no Teatro Infantojuvenil<\/h2>\n<p>A Dupla Companhia apresenta a temporada inaugural de <strong>Desacorde<\/strong>, uma f\u00e1bula musical direcionada especialmente ao p\u00fablico infantojuvenil. Este evento acontecer\u00e1 na cidade de Salto, SP, nos dias <strong>15 e 16 de setembro de 2026<\/strong>. As sess\u00f5es est\u00e3o programadas para ocorrer na Sala Palma de Ouro do Teatro Municipal. Haver\u00e1 uma apresenta\u00e7\u00e3o aberta ao p\u00fablico em geral na ter\u00e7a-feira, a partir das 20h, e duas sess\u00f5es na quarta-feira, \u00e0s 9h e \u00e0s 14h, que ser\u00e3o prioritariamente reservadas para escolas, mas tamb\u00e9m abertas ao p\u00fablico conforme disponibilidade.<\/p>\n<h2>O Significado de Desacorde: Mem\u00f3ria e Identidade<\/h2>\n<p>A narrativa central gira em torno de Viola, uma personagem que compreende que cada ser traz consigo um som \u00fanico na <strong>Cidade do Tatu que Canta<\/strong>. No entanto, Viola se sente pressionada a trocar sua melodia por uma que a fa\u00e7a mais aceita. Este conflito reflete as tens\u00f5es contempor\u00e2neas sobre pertencimento e identidade em uma sociedade que valoriza a homogeneidade e a inova\u00e7\u00e3o acelerada.<\/p>\n<h2>Viola e Sua Busca por Pertencimento<\/h2>\n<p>Na trama, Viola \u00e9 confrontada por Artificius, uma figura enigm\u00e1tica que promete transformar a realidade e tornar os sons antigos obsoletos. Assim, a f\u00e1bula explora a luta interna da protagonista: como evoluir pessoalmente sem esquecer suas ra\u00edzes? Esta \u00e9 uma quest\u00e3o que ressoa tanto com jovens quanto com adultos, levantando discuss\u00f5es sobre o que significa se adaptar sem perder o que nos define.<\/p>\n<p><img decoding=\"async\" src=\"https:\/\/www.encontratatui.com.br\/guia\/wp-content\/uploads\/2026\/09\/dupla-companhia-estreia-desacorde-fabula-musical-sobre-memoria-identidade-e-pertencimento-em-salto-s.webp\" alt=\"Desacorde\" loading=\"lazy\" \/><\/p>\n<h2>A Import\u00e2ncia do Acesso Cultural em Espet\u00e1culos Teatrais<\/h2>\n<p>A acessibilidade \u00e9 um aspecto fundamental neste projeto, com todas as apresenta\u00e7\u00f5es contando com tradu\u00e7\u00e3o em Libras. O acesso \u00e9 facilitado pelo modelo de ingresso solid\u00e1rio, que requer a doa\u00e7\u00e3o de um quilo de alimento n\u00e3o perec\u00edvel, refor\u00e7ando a conex\u00e3o com a comunidade local. Essa estrat\u00e9gia n\u00e3o s\u00f3 democratiza o acesso \u00e0 cultura, mas tamb\u00e9m promove a solidariedade.<\/p>\n<h2>Os Valores do Ingresso Solid\u00e1rio em Desacorde<\/h2>\n<p>Os alimentos arrecadados ser\u00e3o direcionados aos Vicentinos Saltenses, refor\u00e7ando a ideia de que a arte pode ser um ve\u00edculo de mudan\u00e7a social. Assim, os espectadores n\u00e3o apenas assistem a um espet\u00e1culo, mas tamb\u00e9m participam ativamente de uma a\u00e7\u00e3o solid\u00e1ria que beneficia a comunidade.<\/p>\n<h2>A Musicalidade e Seu Papel na Narra\u00e7\u00e3o da Hist\u00f3ria<\/h2>\n<p>A m\u00fasica desempenha um papel central em <strong>Desacorde<\/strong>, n\u00e3o apenas como entretenimento, mas como um elemento narrativo que articula os conflitos da hist\u00f3ria e as emo\u00e7\u00f5es dos personagens. As can\u00e7\u00f5es originais, compostas por Stela Nesrine e sob a supervis\u00e3o musical de Ernani Maletta, ajudam a dar vida \u00e0 trama e a enriquecer a experi\u00eancia do p\u00fablico.<\/p>\n<h2>Refer\u00eancias ao Mundo Circense e \u00e0 Cultura Caipira<\/h2>\n<p>A encena\u00e7\u00e3o combina elementos do circo com a rica tradi\u00e7\u00e3o caipira brasileira, criando um ambiente vibrante e m\u00e1gico. A cenografia, idealizada por Lucas Gonzaga e Fl\u00e1vio Pires, juntamente com figurinos que remetem \u00e0 cultura popular, transporta o p\u00fablico para um lugar onde a imagina\u00e7\u00e3o pode prosperar.<\/p>\n<h2>Desafios e Reflex\u00f5es para Crian\u00e7as e Adultos<\/h2>\n<p>O espet\u00e1culo suscita reflex\u00f5es importantes sobre a mem\u00f3ria coletiva e a constru\u00e7\u00e3o da identidade. Ao abordar quest\u00f5es que interpelam tanto crian\u00e7as quanto adultos, a f\u00e1bula questiona o que acontece quando se sacrifica a singularidade pela aceita\u00e7\u00e3o. A proposta \u00e9 estimular a audi\u00eancia a valorizar as diferentes vozes que comp\u00f5em uma comunidade.<\/p>\n<h2>O impacto da Mem\u00f3ria Coletiva nas Comunidades<\/h2>\n<p>A rela\u00e7\u00e3o entre a mem\u00f3ria individual e a identidade coletiva \u00e9 central em <strong>Desacorde<\/strong>. A pe\u00e7a enfatiza que a riqueza das hist\u00f3rias de um povo est\u00e1 nas nuances de suas experi\u00eancias compartilhadas, criando uma colcha de retalhos que enriquece o tecido social.<\/p>\n<h2>A Trilogia Mem\u00f3ria e o Legado da Dupla Companhia<\/h2>\n<p>A estreia de <strong>Desacorde<\/strong> marca o in\u00edcio de uma nova fase na trajet\u00f3ria art\u00edstica da Dupla Companhia, que est\u00e1 celebrando uma d\u00e9cada de sua forma\u00e7\u00e3o. O espet\u00e1culo integra a <strong>Trilogia Mem\u00f3ria<\/strong>, que tamb\u00e9m inclui obras como <em>As Tr\u00eas Marias<\/em> e <em>Nise em N\u00f3s<\/em>, cada uma abordando diferentes aspectos da mem\u00f3ria e suas implica\u00e7\u00f5es na vida das pessoas e das comunidades.<\/p>\n<p>Consolidando sua presen\u00e7a na cena cultural, a Dupla Companhia j\u00e1 se destacou como uma refer\u00eancia, sendo reconhecida como Melhor Companhia de Teatro no 24\u00ba Pr\u00eamio Cenym em 2025. Com mais de 50 cidades j\u00e1 visitadas, o impacto de suas produ\u00e7\u00f5es \u00e9 evidente e continua a inspirar novo p\u00fablico.<\/p>\n<h2>Conclus\u00e3o<\/h2>\n<p>A realiza\u00e7\u00e3o de <strong>Desacorde<\/strong> \u00e9 mais do que apenas uma apresenta\u00e7\u00e3o teatral: \u00e9 um convite a refletir sobre a identidade, o pertencimento e o valor de escutar as m\u00faltiplas vozes dentro de uma comunidade. Atrav\u00e9s do riso e da m\u00fasica, o espet\u00e1culo promete levar espectadores de todas as idades em uma jornada de autodescoberta e solidariedade, destacando a import\u00e2ncia de se manter conectado com nossas ra\u00edzes enquanto abra\u00e7amos o futuro.<\/p>\n","protected":false},"excerpt":{"rendered":"<p>Desacorde \u00e9 uma f\u00e1bula musical que reflete sobre mem\u00f3ria e pertencimento na sociedade contempor\u00e2nea.<\/p>\n","protected":false},"author":1,"featured_media":5911,"comment_status":"open","ping_status":"open","sticky":false,"template":"","format":"standard","meta":{"footnotes":""},"categories":[903],"tags":[],"class_list":["post-5912","post","type-post","status-publish","format-standard","has-post-thumbnail","hentry","category-teatro","has_thumb"],"yoast_head":"<!-- This site is optimized with the Yoast SEO plugin v28.1 - https:\/\/yoast.com\/product\/yoast-seo-wordpress\/ -->\n<title>Dupla Companhia estreia DESACORDE, f\u00e1bula musical sobre mem\u00f3ria, identidade e pertencimento em Salto (SP) nos dias 15 e 16 de setembro | Guia Comercial de Tatu\u00ed SP<\/title>\n<meta name=\"robots\" content=\"index, follow, max-snippet:-1, max-image-preview:large, max-video-preview:-1\" \/>\n<link rel=\"canonical\" href=\"https:\/\/www.encontratatui.com.br\/guia\/dupla-companhia-estreia-desacorde-fabula-musical-sobre-memoria-identidade-e-pertencimento-em-salto-sp-nos-dias-15-e-16-de-setembro\/\" \/>\n<meta property=\"og:locale\" content=\"pt_BR\" \/>\n<meta property=\"og:type\" content=\"article\" \/>\n<meta property=\"og:title\" content=\"Dupla Companhia estreia DESACORDE, f\u00e1bula musical sobre mem\u00f3ria, identidade e pertencimento em Salto (SP) nos dias 15 e 16 de setembro | Guia Comercial de Tatu\u00ed SP\" \/>\n<meta property=\"og:description\" content=\"Desacorde \u00e9 uma f\u00e1bula musical que reflete sobre mem\u00f3ria e pertencimento na sociedade contempor\u00e2nea.\" \/>\n<meta property=\"og:url\" content=\"https:\/\/www.encontratatui.com.br\/guia\/dupla-companhia-estreia-desacorde-fabula-musical-sobre-memoria-identidade-e-pertencimento-em-salto-sp-nos-dias-15-e-16-de-setembro\/\" \/>\n<meta property=\"og:site_name\" content=\"Guia Comercial de Tatu\u00ed SP\" \/>\n<meta property=\"article:published_time\" content=\"2026-09-04T12:18:42+00:00\" \/>\n<meta property=\"og:image\" content=\"https:\/\/www.encontratatui.com.br\/guia\/wp-content\/uploads\/2026\/09\/dupla-companhia-estreia-desacorde-fabula-musical-sobre-memoria-identidade-e-pertencimento-em-salto-s.webp\" \/>\n<meta name=\"author\" content=\"Encontra Tatu\u00ed\" \/>\n<meta name=\"twitter:card\" content=\"summary_large_image\" \/>\n<meta name=\"twitter:label1\" content=\"Escrito por\" \/>\n\t<meta name=\"twitter:data1\" content=\"Encontra Tatu\u00ed\" \/>\n\t<meta name=\"twitter:label2\" content=\"Est. tempo de leitura\" \/>\n\t<meta name=\"twitter:data2\" content=\"4 minutos\" \/>\n<script type=\"application\/ld+json\" class=\"yoast-schema-graph\">{\"@context\":\"https:\\\/\\\/schema.org\",\"@graph\":[{\"@type\":\"Article\",\"@id\":\"https:\\\/\\\/www.encontratatui.com.br\\\/guia\\\/dupla-companhia-estreia-desacorde-fabula-musical-sobre-memoria-identidade-e-pertencimento-em-salto-sp-nos-dias-15-e-16-de-setembro\\\/#article\",\"isPartOf\":{\"@id\":\"https:\\\/\\\/www.encontratatui.com.br\\\/guia\\\/dupla-companhia-estreia-desacorde-fabula-musical-sobre-memoria-identidade-e-pertencimento-em-salto-sp-nos-dias-15-e-16-de-setembro\\\/\"},\"author\":{\"name\":\"Encontra Tatu\u00ed\",\"@id\":\"https:\\\/\\\/www.encontratatui.com.br\\\/guia\\\/#\\\/schema\\\/person\\\/58bdf1fd3aa9b268c5f8255d8a6dbf25\"},\"headline\":\"Dupla Companhia estreia DESACORDE, f\u00e1bula musical sobre mem\u00f3ria, identidade e pertencimento em Salto (SP) nos dias 15 e 16 de setembro\",\"datePublished\":\"2026-09-04T12:18:42+00:00\",\"mainEntityOfPage\":{\"@id\":\"https:\\\/\\\/www.encontratatui.com.br\\\/guia\\\/dupla-companhia-estreia-desacorde-fabula-musical-sobre-memoria-identidade-e-pertencimento-em-salto-sp-nos-dias-15-e-16-de-setembro\\\/\"},\"wordCount\":873,\"commentCount\":0,\"image\":{\"@id\":\"https:\\\/\\\/www.encontratatui.com.br\\\/guia\\\/dupla-companhia-estreia-desacorde-fabula-musical-sobre-memoria-identidade-e-pertencimento-em-salto-sp-nos-dias-15-e-16-de-setembro\\\/#primaryimage\"},\"thumbnailUrl\":\"https:\\\/\\\/www.encontratatui.com.br\\\/guia\\\/wp-content\\\/uploads\\\/2026\\\/09\\\/dupla-companhia-estreia-desacorde-fabula-musical-sobre-memoria-identidade-e-pertencimento-em-salto-s.webp\",\"articleSection\":[\"Teatro Tatu\u00ed\"],\"inLanguage\":\"pt-BR\",\"potentialAction\":[{\"@type\":\"CommentAction\",\"name\":\"Comment\",\"target\":[\"https:\\\/\\\/www.encontratatui.com.br\\\/guia\\\/dupla-companhia-estreia-desacorde-fabula-musical-sobre-memoria-identidade-e-pertencimento-em-salto-sp-nos-dias-15-e-16-de-setembro\\\/#respond\"]}]},{\"@type\":\"WebPage\",\"@id\":\"https:\\\/\\\/www.encontratatui.com.br\\\/guia\\\/dupla-companhia-estreia-desacorde-fabula-musical-sobre-memoria-identidade-e-pertencimento-em-salto-sp-nos-dias-15-e-16-de-setembro\\\/\",\"url\":\"https:\\\/\\\/www.encontratatui.com.br\\\/guia\\\/dupla-companhia-estreia-desacorde-fabula-musical-sobre-memoria-identidade-e-pertencimento-em-salto-sp-nos-dias-15-e-16-de-setembro\\\/\",\"name\":\"Dupla Companhia estreia DESACORDE, f\u00e1bula musical sobre mem\u00f3ria, identidade e pertencimento em Salto (SP) nos dias 15 e 16 de setembro | Guia Comercial de Tatu\u00ed SP\",\"isPartOf\":{\"@id\":\"https:\\\/\\\/www.encontratatui.com.br\\\/guia\\\/#website\"},\"primaryImageOfPage\":{\"@id\":\"https:\\\/\\\/www.encontratatui.com.br\\\/guia\\\/dupla-companhia-estreia-desacorde-fabula-musical-sobre-memoria-identidade-e-pertencimento-em-salto-sp-nos-dias-15-e-16-de-setembro\\\/#primaryimage\"},\"image\":{\"@id\":\"https:\\\/\\\/www.encontratatui.com.br\\\/guia\\\/dupla-companhia-estreia-desacorde-fabula-musical-sobre-memoria-identidade-e-pertencimento-em-salto-sp-nos-dias-15-e-16-de-setembro\\\/#primaryimage\"},\"thumbnailUrl\":\"https:\\\/\\\/www.encontratatui.com.br\\\/guia\\\/wp-content\\\/uploads\\\/2026\\\/09\\\/dupla-companhia-estreia-desacorde-fabula-musical-sobre-memoria-identidade-e-pertencimento-em-salto-s.webp\",\"datePublished\":\"2026-09-04T12:18:42+00:00\",\"author\":{\"@id\":\"https:\\\/\\\/www.encontratatui.com.br\\\/guia\\\/#\\\/schema\\\/person\\\/58bdf1fd3aa9b268c5f8255d8a6dbf25\"},\"inLanguage\":\"pt-BR\",\"potentialAction\":[{\"@type\":\"ReadAction\",\"target\":[\"https:\\\/\\\/www.encontratatui.com.br\\\/guia\\\/dupla-companhia-estreia-desacorde-fabula-musical-sobre-memoria-identidade-e-pertencimento-em-salto-sp-nos-dias-15-e-16-de-setembro\\\/\"]}]},{\"@type\":\"ImageObject\",\"inLanguage\":\"pt-BR\",\"@id\":\"https:\\\/\\\/www.encontratatui.com.br\\\/guia\\\/dupla-companhia-estreia-desacorde-fabula-musical-sobre-memoria-identidade-e-pertencimento-em-salto-sp-nos-dias-15-e-16-de-setembro\\\/#primaryimage\",\"url\":\"https:\\\/\\\/www.encontratatui.com.br\\\/guia\\\/wp-content\\\/uploads\\\/2026\\\/09\\\/dupla-companhia-estreia-desacorde-fabula-musical-sobre-memoria-identidade-e-pertencimento-em-salto-s.webp\",\"contentUrl\":\"https:\\\/\\\/www.encontratatui.com.br\\\/guia\\\/wp-content\\\/uploads\\\/2026\\\/09\\\/dupla-companhia-estreia-desacorde-fabula-musical-sobre-memoria-identidade-e-pertencimento-em-salto-s.webp\",\"width\":280,\"height\":280,\"caption\":\"Desacorde\"},{\"@type\":\"WebSite\",\"@id\":\"https:\\\/\\\/www.encontratatui.com.br\\\/guia\\\/#website\",\"url\":\"https:\\\/\\\/www.encontratatui.com.br\\\/guia\\\/\",\"name\":\"Guia Comercial de Tatu\u00ed SP\",\"description\":\"ENCONTRA TATU\u00cd - O guia comercial de neg\u00f3cios e empresas, cultura e divers\u00e3o na cidade de Tatu\u00ed. Feito 100% para voc\u00ea morador!\",\"potentialAction\":[{\"@type\":\"SearchAction\",\"target\":{\"@type\":\"EntryPoint\",\"urlTemplate\":\"https:\\\/\\\/www.encontratatui.com.br\\\/guia\\\/?s={search_term_string}\"},\"query-input\":{\"@type\":\"PropertyValueSpecification\",\"valueRequired\":true,\"valueName\":\"search_term_string\"}}],\"inLanguage\":\"pt-BR\"},{\"@type\":\"Person\",\"@id\":\"https:\\\/\\\/www.encontratatui.com.br\\\/guia\\\/#\\\/schema\\\/person\\\/58bdf1fd3aa9b268c5f8255d8a6dbf25\",\"name\":\"Encontra Tatu\u00ed\",\"image\":{\"@type\":\"ImageObject\",\"inLanguage\":\"pt-BR\",\"@id\":\"https:\\\/\\\/www.encontratatui.com.br\\\/guia\\\/wp-content\\\/litespeed\\\/avatar\\\/e92a756db1fc224ef50d2f00ed0d047a.jpg?ver=1788446156\",\"url\":\"https:\\\/\\\/www.encontratatui.com.br\\\/guia\\\/wp-content\\\/litespeed\\\/avatar\\\/e92a756db1fc224ef50d2f00ed0d047a.jpg?ver=1788446156\",\"contentUrl\":\"https:\\\/\\\/www.encontratatui.com.br\\\/guia\\\/wp-content\\\/litespeed\\\/avatar\\\/e92a756db1fc224ef50d2f00ed0d047a.jpg?ver=1788446156\",\"caption\":\"Encontra Tatu\u00ed\"},\"url\":\"https:\\\/\\\/www.encontratatui.com.br\\\/guia\\\/author\\\/encontratatui\\\/\"}]}<\/script>\n<!-- \/ Yoast SEO plugin. -->","yoast_head_json":{"title":"Dupla Companhia estreia DESACORDE, f\u00e1bula musical sobre mem\u00f3ria, identidade e pertencimento em Salto (SP) nos dias 15 e 16 de setembro | Guia Comercial de Tatu\u00ed SP","robots":{"index":"index","follow":"follow","max-snippet":"max-snippet:-1","max-image-preview":"max-image-preview:large","max-video-preview":"max-video-preview:-1"},"canonical":"https:\/\/www.encontratatui.com.br\/guia\/dupla-companhia-estreia-desacorde-fabula-musical-sobre-memoria-identidade-e-pertencimento-em-salto-sp-nos-dias-15-e-16-de-setembro\/","og_locale":"pt_BR","og_type":"article","og_title":"Dupla Companhia estreia DESACORDE, f\u00e1bula musical sobre mem\u00f3ria, identidade e pertencimento em Salto (SP) nos dias 15 e 16 de setembro | Guia Comercial de Tatu\u00ed SP","og_description":"Desacorde \u00e9 uma f\u00e1bula musical que reflete sobre mem\u00f3ria e pertencimento na sociedade contempor\u00e2nea.","og_url":"https:\/\/www.encontratatui.com.br\/guia\/dupla-companhia-estreia-desacorde-fabula-musical-sobre-memoria-identidade-e-pertencimento-em-salto-sp-nos-dias-15-e-16-de-setembro\/","og_site_name":"Guia Comercial de Tatu\u00ed SP","article_published_time":"2026-09-04T12:18:42+00:00","og_image":[{"url":"https:\/\/www.encontratatui.com.br\/guia\/wp-content\/uploads\/2026\/09\/dupla-companhia-estreia-desacorde-fabula-musical-sobre-memoria-identidade-e-pertencimento-em-salto-s.webp","type":"","width":"","height":""}],"author":"Encontra Tatu\u00ed","twitter_card":"summary_large_image","twitter_misc":{"Escrito por":"Encontra Tatu\u00ed","Est. tempo de leitura":"4 minutos"},"schema":{"@context":"https:\/\/schema.org","@graph":[{"@type":"Article","@id":"https:\/\/www.encontratatui.com.br\/guia\/dupla-companhia-estreia-desacorde-fabula-musical-sobre-memoria-identidade-e-pertencimento-em-salto-sp-nos-dias-15-e-16-de-setembro\/#article","isPartOf":{"@id":"https:\/\/www.encontratatui.com.br\/guia\/dupla-companhia-estreia-desacorde-fabula-musical-sobre-memoria-identidade-e-pertencimento-em-salto-sp-nos-dias-15-e-16-de-setembro\/"},"author":{"name":"Encontra Tatu\u00ed","@id":"https:\/\/www.encontratatui.com.br\/guia\/#\/schema\/person\/58bdf1fd3aa9b268c5f8255d8a6dbf25"},"headline":"Dupla Companhia estreia DESACORDE, f\u00e1bula musical sobre mem\u00f3ria, identidade e pertencimento em Salto (SP) nos dias 15 e 16 de setembro","datePublished":"2026-09-04T12:18:42+00:00","mainEntityOfPage":{"@id":"https:\/\/www.encontratatui.com.br\/guia\/dupla-companhia-estreia-desacorde-fabula-musical-sobre-memoria-identidade-e-pertencimento-em-salto-sp-nos-dias-15-e-16-de-setembro\/"},"wordCount":873,"commentCount":0,"image":{"@id":"https:\/\/www.encontratatui.com.br\/guia\/dupla-companhia-estreia-desacorde-fabula-musical-sobre-memoria-identidade-e-pertencimento-em-salto-sp-nos-dias-15-e-16-de-setembro\/#primaryimage"},"thumbnailUrl":"https:\/\/www.encontratatui.com.br\/guia\/wp-content\/uploads\/2026\/09\/dupla-companhia-estreia-desacorde-fabula-musical-sobre-memoria-identidade-e-pertencimento-em-salto-s.webp","articleSection":["Teatro Tatu\u00ed"],"inLanguage":"pt-BR","potentialAction":[{"@type":"CommentAction","name":"Comment","target":["https:\/\/www.encontratatui.com.br\/guia\/dupla-companhia-estreia-desacorde-fabula-musical-sobre-memoria-identidade-e-pertencimento-em-salto-sp-nos-dias-15-e-16-de-setembro\/#respond"]}]},{"@type":"WebPage","@id":"https:\/\/www.encontratatui.com.br\/guia\/dupla-companhia-estreia-desacorde-fabula-musical-sobre-memoria-identidade-e-pertencimento-em-salto-sp-nos-dias-15-e-16-de-setembro\/","url":"https:\/\/www.encontratatui.com.br\/guia\/dupla-companhia-estreia-desacorde-fabula-musical-sobre-memoria-identidade-e-pertencimento-em-salto-sp-nos-dias-15-e-16-de-setembro\/","name":"Dupla Companhia estreia DESACORDE, f\u00e1bula musical sobre mem\u00f3ria, identidade e pertencimento em Salto (SP) nos dias 15 e 16 de setembro | Guia Comercial de Tatu\u00ed SP","isPartOf":{"@id":"https:\/\/www.encontratatui.com.br\/guia\/#website"},"primaryImageOfPage":{"@id":"https:\/\/www.encontratatui.com.br\/guia\/dupla-companhia-estreia-desacorde-fabula-musical-sobre-memoria-identidade-e-pertencimento-em-salto-sp-nos-dias-15-e-16-de-setembro\/#primaryimage"},"image":{"@id":"https:\/\/www.encontratatui.com.br\/guia\/dupla-companhia-estreia-desacorde-fabula-musical-sobre-memoria-identidade-e-pertencimento-em-salto-sp-nos-dias-15-e-16-de-setembro\/#primaryimage"},"thumbnailUrl":"https:\/\/www.encontratatui.com.br\/guia\/wp-content\/uploads\/2026\/09\/dupla-companhia-estreia-desacorde-fabula-musical-sobre-memoria-identidade-e-pertencimento-em-salto-s.webp","datePublished":"2026-09-04T12:18:42+00:00","author":{"@id":"https:\/\/www.encontratatui.com.br\/guia\/#\/schema\/person\/58bdf1fd3aa9b268c5f8255d8a6dbf25"},"inLanguage":"pt-BR","potentialAction":[{"@type":"ReadAction","target":["https:\/\/www.encontratatui.com.br\/guia\/dupla-companhia-estreia-desacorde-fabula-musical-sobre-memoria-identidade-e-pertencimento-em-salto-sp-nos-dias-15-e-16-de-setembro\/"]}]},{"@type":"ImageObject","inLanguage":"pt-BR","@id":"https:\/\/www.encontratatui.com.br\/guia\/dupla-companhia-estreia-desacorde-fabula-musical-sobre-memoria-identidade-e-pertencimento-em-salto-sp-nos-dias-15-e-16-de-setembro\/#primaryimage","url":"https:\/\/www.encontratatui.com.br\/guia\/wp-content\/uploads\/2026\/09\/dupla-companhia-estreia-desacorde-fabula-musical-sobre-memoria-identidade-e-pertencimento-em-salto-s.webp","contentUrl":"https:\/\/www.encontratatui.com.br\/guia\/wp-content\/uploads\/2026\/09\/dupla-companhia-estreia-desacorde-fabula-musical-sobre-memoria-identidade-e-pertencimento-em-salto-s.webp","width":280,"height":280,"caption":"Desacorde"},{"@type":"WebSite","@id":"https:\/\/www.encontratatui.com.br\/guia\/#website","url":"https:\/\/www.encontratatui.com.br\/guia\/","name":"Guia Comercial de Tatu\u00ed SP","description":"ENCONTRA TATU\u00cd - O guia comercial de neg\u00f3cios e empresas, cultura e divers\u00e3o na cidade de Tatu\u00ed. Feito 100% para voc\u00ea morador!","potentialAction":[{"@type":"SearchAction","target":{"@type":"EntryPoint","urlTemplate":"https:\/\/www.encontratatui.com.br\/guia\/?s={search_term_string}"},"query-input":{"@type":"PropertyValueSpecification","valueRequired":true,"valueName":"search_term_string"}}],"inLanguage":"pt-BR"},{"@type":"Person","@id":"https:\/\/www.encontratatui.com.br\/guia\/#\/schema\/person\/58bdf1fd3aa9b268c5f8255d8a6dbf25","name":"Encontra Tatu\u00ed","image":{"@type":"ImageObject","inLanguage":"pt-BR","@id":"https:\/\/www.encontratatui.com.br\/guia\/wp-content\/litespeed\/avatar\/e92a756db1fc224ef50d2f00ed0d047a.jpg?ver=1788446156","url":"https:\/\/www.encontratatui.com.br\/guia\/wp-content\/litespeed\/avatar\/e92a756db1fc224ef50d2f00ed0d047a.jpg?ver=1788446156","contentUrl":"https:\/\/www.encontratatui.com.br\/guia\/wp-content\/litespeed\/avatar\/e92a756db1fc224ef50d2f00ed0d047a.jpg?ver=1788446156","caption":"Encontra Tatu\u00ed"},"url":"https:\/\/www.encontratatui.com.br\/guia\/author\/encontratatui\/"}]}},"_links":{"self":[{"href":"https:\/\/www.encontratatui.com.br\/guia\/wp-json\/wp\/v2\/posts\/5912","targetHints":{"allow":["GET"]}}],"collection":[{"href":"https:\/\/www.encontratatui.com.br\/guia\/wp-json\/wp\/v2\/posts"}],"about":[{"href":"https:\/\/www.encontratatui.com.br\/guia\/wp-json\/wp\/v2\/types\/post"}],"author":[{"embeddable":true,"href":"https:\/\/www.encontratatui.com.br\/guia\/wp-json\/wp\/v2\/users\/1"}],"replies":[{"embeddable":true,"href":"https:\/\/www.encontratatui.com.br\/guia\/wp-json\/wp\/v2\/comments?post=5912"}],"version-history":[{"count":0,"href":"https:\/\/www.encontratatui.com.br\/guia\/wp-json\/wp\/v2\/posts\/5912\/revisions"}],"wp:featuredmedia":[{"embeddable":true,"href":"https:\/\/www.encontratatui.com.br\/guia\/wp-json\/wp\/v2\/media\/5911"}],"wp:attachment":[{"href":"https:\/\/www.encontratatui.com.br\/guia\/wp-json\/wp\/v2\/media?parent=5912"}],"wp:term":[{"taxonomy":"category","embeddable":true,"href":"https:\/\/www.encontratatui.com.br\/guia\/wp-json\/wp\/v2\/categories?post=5912"},{"taxonomy":"post_tag","embeddable":true,"href":"https:\/\/www.encontratatui.com.br\/guia\/wp-json\/wp\/v2\/tags?post=5912"}],"curies":[{"name":"wp","href":"https:\/\/api.w.org\/{rel}","templated":true}]}}