{"id":5906,"date":"2026-09-03T09:18:51","date_gmt":"2026-09-03T12:18:51","guid":{"rendered":"https:\/\/www.encontratatui.com.br\/guia\/violinista-do-interior-de-sp-primeira-da-forbes-under-30-se-apresenta-em-tatui-voltar-para-casa\/"},"modified":"2026-09-03T09:18:51","modified_gmt":"2026-09-03T12:18:51","slug":"violinista-do-interior-de-sp-primeira-da-forbes-under-30-se-apresenta-em-tatui-voltar-para-casa","status":"publish","type":"post","link":"https:\/\/www.encontratatui.com.br\/guia\/violinista-do-interior-de-sp-primeira-da-forbes-under-30-se-apresenta-em-tatui-voltar-para-casa\/","title":{"rendered":"Violinista do interior de SP, primeira da Forbes Under 30, se apresenta em Tatu\u00ed: &#8216;Voltar para casa&#8217;"},"content":{"rendered":"<h2>Retorno \u00e0s Ra\u00edzes em Tatu\u00ed<\/h2>\n<p>A violonista Gabriele Leite, nascida em Cerquilho, S\u00e3o Paulo, viveu uma jornada incr\u00edvel nos \u00faltimos anos. Ap\u00f3s se mudar para Nova York, onde reside h\u00e1 sete anos, Gabriele retorna ao Conservat\u00f3rio de Tatu\u00ed, institui\u00e7\u00e3o que desempenhou um papel fundamental em sua forma\u00e7\u00e3o musical. No dia 3 de setembro de 2026, a artista far\u00e1 seu primeiro show solo nesse local significativo, refletindo sua conex\u00e3o profunda com suas origens e a cidade que a moldou como musicista.<\/p>\n<h2>Trajet\u00f3ria Musical de Gabriele Leite<\/h2>\n<p>A trajet\u00f3ria de Gabriele na m\u00fasica come\u00e7ou de forma despretensiosa aos sete anos, quando se interessou por instrumentos musicais atrav\u00e9s de brincadeiras em casa. Ap\u00f3s ser incentivada pelos pais, come\u00e7ou a tocar viol\u00e3o atrav\u00e9s do Projeto Guri em 2004. O programa \u00e9 conhecido por oferecer educa\u00e7\u00e3o musical a crian\u00e7as e jovens, e foi ali que Gabriele descobriu sua verdadeira paix\u00e3o pelo viol\u00e3o, um amor que se solidificou durante seus estudos de cinco anos no Conservat\u00f3rio de Tatu\u00ed.<\/p>\n<h2>O Primeiro Show Solo no Conservat\u00f3rio<\/h2>\n<p>O retorno ao Conservat\u00f3rio de Tatu\u00ed para a apresenta\u00e7\u00e3o de seu primeiro show solo \u00e9 um marco significativo na carreira de Gabriele. Esse evento n\u00e3o \u00e9 apenas uma performance, mas uma celebra\u00e7\u00e3o de sua trajet\u00f3ria musical e das experi\u00eancias vividas durante seus anos de aprendizado na institui\u00e7\u00e3o. Gabriele expressa sua felicidade em voltar ao espa\u00e7o que considera sua &#8220;casa&#8221; musical, onde teve a oportunidade de expressar sua criatividade e aprimorar suas habilidades.<\/p>\n<p><img decoding=\"async\" src=\"https:\/\/www.encontratatui.com.br\/guia\/wp-content\/uploads\/2026\/09\/violinista-do-interior-de-sp-primeira-da-forbes-under-30-se-apresenta-em-tatui-voltar-para-casa.webp\" alt=\"Gabriele Leite\" loading=\"lazy\" \/><\/p>\n<h2>Conquistas da Violonista em Nova York<\/h2>\n<p>Atualmente, Gabriele reside em Nova York, onde continua sua forma\u00e7\u00e3o acad\u00eamica e art\u00edstica. Aprovada na Manhattan School of Music com uma bolsa integral, ela est\u00e1 cursando o doutorado em m\u00fasica, al\u00e9m de se apresentar em diversas ocasi\u00f5es como violonista cl\u00e1ssica. Em 2021, Gabriele fez hist\u00f3ria ao se tornar a primeira violonista cl\u00e1ssica da lista Forbes Under 30, reconhecendo seu impacto e contribui\u00e7\u00e3o para a m\u00fasica erudita.<\/p>\n<h2>A Influ\u00eancia do Projeto Guri<\/h2>\n<p>O Projeto Guri foi um marco na vida musical de Gabriele, permitindo que muitos jovens descobrissem suas habilidades art\u00edsticas. Para ela, a experi\u00eancia nesse programa foi vital, proporcionando n\u00e3o apenas educa\u00e7\u00e3o musical, mas tamb\u00e9m a oportunidade de interagir com outros m\u00fasicos e trocar experi\u00eancias enriquecedoras ao longo de sua trajet\u00f3ria de seis anos. Essa base s\u00f3lida pode ser vista nos pr\u00eamios e reconhecimentos que ela conquistou.<\/p>\n<h2>Pr\u00eamios e Reconhecimentos na M\u00fasica Brasileira<\/h2>\n<p>Gabriele Leite recebeu o pr\u00eamio na categoria Melhor Lan\u00e7amento Erudito no Pr\u00eamio da M\u00fasica Brasileira, destacando o \u00e1lbum &#8220;Gun\u00fbncho&#8221; lan\u00e7ado em 2025. Esse reconhecimento \u00e9 um reflexo de seu talento e dedica\u00e7\u00e3o em criar um espa\u00e7o significativo para a m\u00fasica cl\u00e1ssica contempor\u00e2nea, especialmente ao destacar obras de compositoras mulheres. O sucesso de seu trabalho a posiciona como uma refer\u00eancia no cen\u00e1rio musical brasileiro.<\/p>\n<h2>Expectativas para o Show<\/h2>\n<p>Com a apresenta\u00e7\u00e3o programada para o dia 3 de setembro, as expectativas s\u00e3o altas. Gabriele j\u00e1 compartilhou que o repert\u00f3rio incluir\u00e1 can\u00e7\u00f5es de seus dois \u00e1lbuns, &#8220;Territ\u00f3rios&#8221; e &#8220;Gun\u00fbncho&#8221;, que refletem suas experi\u00eancias pessoais e suas mem\u00f3rias de inf\u00e2ncia. Esta ser\u00e1 uma oportunidade para ela se reconectar com seu p\u00fablico local e mostrar a todos o quanto evoluiu enquanto artista.<\/p>\n<h2>Repert\u00f3rio do Concerto<\/h2>\n<p>O show incluir\u00e1 m\u00fasicas que retratam a trajet\u00f3ria e a ess\u00eancia de Gabriele. Ela combinar\u00e1 pe\u00e7as de seus \u00e1lbuns, al\u00e9m de trazer influ\u00eancias do repert\u00f3rio cl\u00e1ssico que aprendeu durante seus estudos. Gabriele usar\u00e1 seu viol\u00e3o para expressar as profundas emo\u00e7\u00f5es que cada uma dessas m\u00fasicas representa, prometendo uma apresenta\u00e7\u00e3o rica em arte e musicalidade.<\/p>\n<h2>A Import\u00e2ncia do Conservat\u00f3rio na Forma\u00e7\u00e3o<\/h2>\n<p>O Conservat\u00f3rio de Tatu\u00ed foi instrumental na forma\u00e7\u00e3o de Gabriele como musicista. Atrav\u00e9s de cinco anos de instru\u00e7\u00e3o intensiva sob a orienta\u00e7\u00e3o de professores qualificados, ela desenvolveu suas habilidades t\u00e9cnicas e te\u00f3ricas. O ambiente colaborativo e estimulante do conservat\u00f3rio moldou sua abordagem \u00e0 m\u00fasica e a ajudou a entender a import\u00e2ncia da pr\u00e1tica e da dedica\u00e7\u00e3o no cen\u00e1rio musical.<\/p>\n<h2>Gabriele como Refer\u00eancia para Jovens M\u00fasicos<\/h2>\n<p>Como uma jovem artista que superou desafios e alcan\u00e7ou grandes conquistas, Gabriele Leite se tornou uma fonte de inspira\u00e7\u00e3o para muitos jovens m\u00fasicos que sonham em seguir seus passos. Sua habilidade em mesclar tradi\u00e7\u00f5es musicais com novas express\u00f5es art\u00edsticas a coloca em um lugar de destaque, onde ela n\u00e3o s\u00f3 representa suas ra\u00edzes, mas tamb\u00e9m empodera as novas gera\u00e7\u00f5es a acreditar em seus sonhos.<\/p>\n","protected":false},"excerpt":{"rendered":"<p>Violonista Gabriele Leite faz seu primeiro show solo em Tatu\u00ed.<\/p>\n","protected":false},"author":1,"featured_media":5905,"comment_status":"open","ping_status":"open","sticky":false,"template":"","format":"standard","meta":{"footnotes":""},"categories":[902],"tags":[],"class_list":["post-5906","post","type-post","status-publish","format-standard","has-post-thumbnail","hentry","category-shows","has_thumb"],"yoast_head":"<!-- This site is optimized with the Yoast SEO plugin v28.1 - https:\/\/yoast.com\/product\/yoast-seo-wordpress\/ -->\n<title>Violinista do interior de SP, primeira da Forbes Under 30, se apresenta em Tatu\u00ed: &#039;Voltar para casa&#039; | Guia Comercial de Tatu\u00ed SP<\/title>\n<meta name=\"robots\" content=\"index, follow, max-snippet:-1, max-image-preview:large, max-video-preview:-1\" \/>\n<link rel=\"canonical\" href=\"https:\/\/www.encontratatui.com.br\/guia\/violinista-do-interior-de-sp-primeira-da-forbes-under-30-se-apresenta-em-tatui-voltar-para-casa\/\" \/>\n<meta property=\"og:locale\" content=\"pt_BR\" \/>\n<meta property=\"og:type\" content=\"article\" \/>\n<meta property=\"og:title\" content=\"Violinista do interior de SP, primeira da Forbes Under 30, se apresenta em Tatu\u00ed: &#039;Voltar para casa&#039; | Guia Comercial de Tatu\u00ed SP\" \/>\n<meta property=\"og:description\" content=\"Violonista Gabriele Leite faz seu primeiro show solo em Tatu\u00ed.\" \/>\n<meta property=\"og:url\" content=\"https:\/\/www.encontratatui.com.br\/guia\/violinista-do-interior-de-sp-primeira-da-forbes-under-30-se-apresenta-em-tatui-voltar-para-casa\/\" \/>\n<meta property=\"og:site_name\" content=\"Guia Comercial de Tatu\u00ed SP\" \/>\n<meta property=\"article:published_time\" content=\"2026-09-03T12:18:51+00:00\" \/>\n<meta property=\"og:image\" content=\"https:\/\/www.encontratatui.com.br\/guia\/wp-content\/uploads\/2026\/09\/violinista-do-interior-de-sp-primeira-da-forbes-under-30-se-apresenta-em-tatui-voltar-para-casa.webp\" \/>\n<meta name=\"author\" content=\"Encontra Tatu\u00ed\" \/>\n<meta name=\"twitter:card\" content=\"summary_large_image\" \/>\n<meta name=\"twitter:label1\" content=\"Escrito por\" \/>\n\t<meta name=\"twitter:data1\" content=\"Encontra Tatu\u00ed\" \/>\n\t<meta name=\"twitter:label2\" content=\"Est. tempo de leitura\" \/>\n\t<meta name=\"twitter:data2\" content=\"4 minutos\" \/>\n<script type=\"application\/ld+json\" class=\"yoast-schema-graph\">{\"@context\":\"https:\\\/\\\/schema.org\",\"@graph\":[{\"@type\":\"Article\",\"@id\":\"https:\\\/\\\/www.encontratatui.com.br\\\/guia\\\/violinista-do-interior-de-sp-primeira-da-forbes-under-30-se-apresenta-em-tatui-voltar-para-casa\\\/#article\",\"isPartOf\":{\"@id\":\"https:\\\/\\\/www.encontratatui.com.br\\\/guia\\\/violinista-do-interior-de-sp-primeira-da-forbes-under-30-se-apresenta-em-tatui-voltar-para-casa\\\/\"},\"author\":{\"name\":\"Encontra Tatu\u00ed\",\"@id\":\"https:\\\/\\\/www.encontratatui.com.br\\\/guia\\\/#\\\/schema\\\/person\\\/58bdf1fd3aa9b268c5f8255d8a6dbf25\"},\"headline\":\"Violinista do interior de SP, primeira da Forbes Under 30, se apresenta em Tatu\u00ed: &#8216;Voltar para casa&#8217;\",\"datePublished\":\"2026-09-03T12:18:51+00:00\",\"mainEntityOfPage\":{\"@id\":\"https:\\\/\\\/www.encontratatui.com.br\\\/guia\\\/violinista-do-interior-de-sp-primeira-da-forbes-under-30-se-apresenta-em-tatui-voltar-para-casa\\\/\"},\"wordCount\":831,\"commentCount\":0,\"image\":{\"@id\":\"https:\\\/\\\/www.encontratatui.com.br\\\/guia\\\/violinista-do-interior-de-sp-primeira-da-forbes-under-30-se-apresenta-em-tatui-voltar-para-casa\\\/#primaryimage\"},\"thumbnailUrl\":\"https:\\\/\\\/www.encontratatui.com.br\\\/guia\\\/wp-content\\\/uploads\\\/2026\\\/09\\\/violinista-do-interior-de-sp-primeira-da-forbes-under-30-se-apresenta-em-tatui-voltar-para-casa.webp\",\"articleSection\":[\"Shows Tatu\u00ed\"],\"inLanguage\":\"pt-BR\",\"potentialAction\":[{\"@type\":\"CommentAction\",\"name\":\"Comment\",\"target\":[\"https:\\\/\\\/www.encontratatui.com.br\\\/guia\\\/violinista-do-interior-de-sp-primeira-da-forbes-under-30-se-apresenta-em-tatui-voltar-para-casa\\\/#respond\"]}]},{\"@type\":\"WebPage\",\"@id\":\"https:\\\/\\\/www.encontratatui.com.br\\\/guia\\\/violinista-do-interior-de-sp-primeira-da-forbes-under-30-se-apresenta-em-tatui-voltar-para-casa\\\/\",\"url\":\"https:\\\/\\\/www.encontratatui.com.br\\\/guia\\\/violinista-do-interior-de-sp-primeira-da-forbes-under-30-se-apresenta-em-tatui-voltar-para-casa\\\/\",\"name\":\"Violinista do interior de SP, primeira da Forbes Under 30, se apresenta em Tatu\u00ed: 'Voltar para casa' | Guia Comercial de Tatu\u00ed SP\",\"isPartOf\":{\"@id\":\"https:\\\/\\\/www.encontratatui.com.br\\\/guia\\\/#website\"},\"primaryImageOfPage\":{\"@id\":\"https:\\\/\\\/www.encontratatui.com.br\\\/guia\\\/violinista-do-interior-de-sp-primeira-da-forbes-under-30-se-apresenta-em-tatui-voltar-para-casa\\\/#primaryimage\"},\"image\":{\"@id\":\"https:\\\/\\\/www.encontratatui.com.br\\\/guia\\\/violinista-do-interior-de-sp-primeira-da-forbes-under-30-se-apresenta-em-tatui-voltar-para-casa\\\/#primaryimage\"},\"thumbnailUrl\":\"https:\\\/\\\/www.encontratatui.com.br\\\/guia\\\/wp-content\\\/uploads\\\/2026\\\/09\\\/violinista-do-interior-de-sp-primeira-da-forbes-under-30-se-apresenta-em-tatui-voltar-para-casa.webp\",\"datePublished\":\"2026-09-03T12:18:51+00:00\",\"author\":{\"@id\":\"https:\\\/\\\/www.encontratatui.com.br\\\/guia\\\/#\\\/schema\\\/person\\\/58bdf1fd3aa9b268c5f8255d8a6dbf25\"},\"inLanguage\":\"pt-BR\",\"potentialAction\":[{\"@type\":\"ReadAction\",\"target\":[\"https:\\\/\\\/www.encontratatui.com.br\\\/guia\\\/violinista-do-interior-de-sp-primeira-da-forbes-under-30-se-apresenta-em-tatui-voltar-para-casa\\\/\"]}]},{\"@type\":\"ImageObject\",\"inLanguage\":\"pt-BR\",\"@id\":\"https:\\\/\\\/www.encontratatui.com.br\\\/guia\\\/violinista-do-interior-de-sp-primeira-da-forbes-under-30-se-apresenta-em-tatui-voltar-para-casa\\\/#primaryimage\",\"url\":\"https:\\\/\\\/www.encontratatui.com.br\\\/guia\\\/wp-content\\\/uploads\\\/2026\\\/09\\\/violinista-do-interior-de-sp-primeira-da-forbes-under-30-se-apresenta-em-tatui-voltar-para-casa.webp\",\"contentUrl\":\"https:\\\/\\\/www.encontratatui.com.br\\\/guia\\\/wp-content\\\/uploads\\\/2026\\\/09\\\/violinista-do-interior-de-sp-primeira-da-forbes-under-30-se-apresenta-em-tatui-voltar-para-casa.webp\",\"width\":280,\"height\":280,\"caption\":\"Gabriele Leite\"},{\"@type\":\"WebSite\",\"@id\":\"https:\\\/\\\/www.encontratatui.com.br\\\/guia\\\/#website\",\"url\":\"https:\\\/\\\/www.encontratatui.com.br\\\/guia\\\/\",\"name\":\"Guia Comercial de Tatu\u00ed SP\",\"description\":\"ENCONTRA TATU\u00cd - O guia comercial de neg\u00f3cios e empresas, cultura e divers\u00e3o na cidade de Tatu\u00ed. Feito 100% para voc\u00ea morador!\",\"potentialAction\":[{\"@type\":\"SearchAction\",\"target\":{\"@type\":\"EntryPoint\",\"urlTemplate\":\"https:\\\/\\\/www.encontratatui.com.br\\\/guia\\\/?s={search_term_string}\"},\"query-input\":{\"@type\":\"PropertyValueSpecification\",\"valueRequired\":true,\"valueName\":\"search_term_string\"}}],\"inLanguage\":\"pt-BR\"},{\"@type\":\"Person\",\"@id\":\"https:\\\/\\\/www.encontratatui.com.br\\\/guia\\\/#\\\/schema\\\/person\\\/58bdf1fd3aa9b268c5f8255d8a6dbf25\",\"name\":\"Encontra Tatu\u00ed\",\"image\":{\"@type\":\"ImageObject\",\"inLanguage\":\"pt-BR\",\"@id\":\"https:\\\/\\\/www.encontratatui.com.br\\\/guia\\\/wp-content\\\/litespeed\\\/avatar\\\/e92a756db1fc224ef50d2f00ed0d047a.jpg?ver=1788446156\",\"url\":\"https:\\\/\\\/www.encontratatui.com.br\\\/guia\\\/wp-content\\\/litespeed\\\/avatar\\\/e92a756db1fc224ef50d2f00ed0d047a.jpg?ver=1788446156\",\"contentUrl\":\"https:\\\/\\\/www.encontratatui.com.br\\\/guia\\\/wp-content\\\/litespeed\\\/avatar\\\/e92a756db1fc224ef50d2f00ed0d047a.jpg?ver=1788446156\",\"caption\":\"Encontra Tatu\u00ed\"},\"url\":\"https:\\\/\\\/www.encontratatui.com.br\\\/guia\\\/author\\\/encontratatui\\\/\"}]}<\/script>\n<!-- \/ Yoast SEO plugin. -->","yoast_head_json":{"title":"Violinista do interior de SP, primeira da Forbes Under 30, se apresenta em Tatu\u00ed: 'Voltar para casa' | Guia Comercial de Tatu\u00ed SP","robots":{"index":"index","follow":"follow","max-snippet":"max-snippet:-1","max-image-preview":"max-image-preview:large","max-video-preview":"max-video-preview:-1"},"canonical":"https:\/\/www.encontratatui.com.br\/guia\/violinista-do-interior-de-sp-primeira-da-forbes-under-30-se-apresenta-em-tatui-voltar-para-casa\/","og_locale":"pt_BR","og_type":"article","og_title":"Violinista do interior de SP, primeira da Forbes Under 30, se apresenta em Tatu\u00ed: 'Voltar para casa' | Guia Comercial de Tatu\u00ed SP","og_description":"Violonista Gabriele Leite faz seu primeiro show solo em Tatu\u00ed.","og_url":"https:\/\/www.encontratatui.com.br\/guia\/violinista-do-interior-de-sp-primeira-da-forbes-under-30-se-apresenta-em-tatui-voltar-para-casa\/","og_site_name":"Guia Comercial de Tatu\u00ed SP","article_published_time":"2026-09-03T12:18:51+00:00","og_image":[{"url":"https:\/\/www.encontratatui.com.br\/guia\/wp-content\/uploads\/2026\/09\/violinista-do-interior-de-sp-primeira-da-forbes-under-30-se-apresenta-em-tatui-voltar-para-casa.webp","type":"","width":"","height":""}],"author":"Encontra Tatu\u00ed","twitter_card":"summary_large_image","twitter_misc":{"Escrito por":"Encontra Tatu\u00ed","Est. tempo de leitura":"4 minutos"},"schema":{"@context":"https:\/\/schema.org","@graph":[{"@type":"Article","@id":"https:\/\/www.encontratatui.com.br\/guia\/violinista-do-interior-de-sp-primeira-da-forbes-under-30-se-apresenta-em-tatui-voltar-para-casa\/#article","isPartOf":{"@id":"https:\/\/www.encontratatui.com.br\/guia\/violinista-do-interior-de-sp-primeira-da-forbes-under-30-se-apresenta-em-tatui-voltar-para-casa\/"},"author":{"name":"Encontra Tatu\u00ed","@id":"https:\/\/www.encontratatui.com.br\/guia\/#\/schema\/person\/58bdf1fd3aa9b268c5f8255d8a6dbf25"},"headline":"Violinista do interior de SP, primeira da Forbes Under 30, se apresenta em Tatu\u00ed: &#8216;Voltar para casa&#8217;","datePublished":"2026-09-03T12:18:51+00:00","mainEntityOfPage":{"@id":"https:\/\/www.encontratatui.com.br\/guia\/violinista-do-interior-de-sp-primeira-da-forbes-under-30-se-apresenta-em-tatui-voltar-para-casa\/"},"wordCount":831,"commentCount":0,"image":{"@id":"https:\/\/www.encontratatui.com.br\/guia\/violinista-do-interior-de-sp-primeira-da-forbes-under-30-se-apresenta-em-tatui-voltar-para-casa\/#primaryimage"},"thumbnailUrl":"https:\/\/www.encontratatui.com.br\/guia\/wp-content\/uploads\/2026\/09\/violinista-do-interior-de-sp-primeira-da-forbes-under-30-se-apresenta-em-tatui-voltar-para-casa.webp","articleSection":["Shows Tatu\u00ed"],"inLanguage":"pt-BR","potentialAction":[{"@type":"CommentAction","name":"Comment","target":["https:\/\/www.encontratatui.com.br\/guia\/violinista-do-interior-de-sp-primeira-da-forbes-under-30-se-apresenta-em-tatui-voltar-para-casa\/#respond"]}]},{"@type":"WebPage","@id":"https:\/\/www.encontratatui.com.br\/guia\/violinista-do-interior-de-sp-primeira-da-forbes-under-30-se-apresenta-em-tatui-voltar-para-casa\/","url":"https:\/\/www.encontratatui.com.br\/guia\/violinista-do-interior-de-sp-primeira-da-forbes-under-30-se-apresenta-em-tatui-voltar-para-casa\/","name":"Violinista do interior de SP, primeira da Forbes Under 30, se apresenta em Tatu\u00ed: 'Voltar para casa' | Guia Comercial de Tatu\u00ed SP","isPartOf":{"@id":"https:\/\/www.encontratatui.com.br\/guia\/#website"},"primaryImageOfPage":{"@id":"https:\/\/www.encontratatui.com.br\/guia\/violinista-do-interior-de-sp-primeira-da-forbes-under-30-se-apresenta-em-tatui-voltar-para-casa\/#primaryimage"},"image":{"@id":"https:\/\/www.encontratatui.com.br\/guia\/violinista-do-interior-de-sp-primeira-da-forbes-under-30-se-apresenta-em-tatui-voltar-para-casa\/#primaryimage"},"thumbnailUrl":"https:\/\/www.encontratatui.com.br\/guia\/wp-content\/uploads\/2026\/09\/violinista-do-interior-de-sp-primeira-da-forbes-under-30-se-apresenta-em-tatui-voltar-para-casa.webp","datePublished":"2026-09-03T12:18:51+00:00","author":{"@id":"https:\/\/www.encontratatui.com.br\/guia\/#\/schema\/person\/58bdf1fd3aa9b268c5f8255d8a6dbf25"},"inLanguage":"pt-BR","potentialAction":[{"@type":"ReadAction","target":["https:\/\/www.encontratatui.com.br\/guia\/violinista-do-interior-de-sp-primeira-da-forbes-under-30-se-apresenta-em-tatui-voltar-para-casa\/"]}]},{"@type":"ImageObject","inLanguage":"pt-BR","@id":"https:\/\/www.encontratatui.com.br\/guia\/violinista-do-interior-de-sp-primeira-da-forbes-under-30-se-apresenta-em-tatui-voltar-para-casa\/#primaryimage","url":"https:\/\/www.encontratatui.com.br\/guia\/wp-content\/uploads\/2026\/09\/violinista-do-interior-de-sp-primeira-da-forbes-under-30-se-apresenta-em-tatui-voltar-para-casa.webp","contentUrl":"https:\/\/www.encontratatui.com.br\/guia\/wp-content\/uploads\/2026\/09\/violinista-do-interior-de-sp-primeira-da-forbes-under-30-se-apresenta-em-tatui-voltar-para-casa.webp","width":280,"height":280,"caption":"Gabriele Leite"},{"@type":"WebSite","@id":"https:\/\/www.encontratatui.com.br\/guia\/#website","url":"https:\/\/www.encontratatui.com.br\/guia\/","name":"Guia Comercial de Tatu\u00ed SP","description":"ENCONTRA TATU\u00cd - O guia comercial de neg\u00f3cios e empresas, cultura e divers\u00e3o na cidade de Tatu\u00ed. Feito 100% para voc\u00ea morador!","potentialAction":[{"@type":"SearchAction","target":{"@type":"EntryPoint","urlTemplate":"https:\/\/www.encontratatui.com.br\/guia\/?s={search_term_string}"},"query-input":{"@type":"PropertyValueSpecification","valueRequired":true,"valueName":"search_term_string"}}],"inLanguage":"pt-BR"},{"@type":"Person","@id":"https:\/\/www.encontratatui.com.br\/guia\/#\/schema\/person\/58bdf1fd3aa9b268c5f8255d8a6dbf25","name":"Encontra Tatu\u00ed","image":{"@type":"ImageObject","inLanguage":"pt-BR","@id":"https:\/\/www.encontratatui.com.br\/guia\/wp-content\/litespeed\/avatar\/e92a756db1fc224ef50d2f00ed0d047a.jpg?ver=1788446156","url":"https:\/\/www.encontratatui.com.br\/guia\/wp-content\/litespeed\/avatar\/e92a756db1fc224ef50d2f00ed0d047a.jpg?ver=1788446156","contentUrl":"https:\/\/www.encontratatui.com.br\/guia\/wp-content\/litespeed\/avatar\/e92a756db1fc224ef50d2f00ed0d047a.jpg?ver=1788446156","caption":"Encontra Tatu\u00ed"},"url":"https:\/\/www.encontratatui.com.br\/guia\/author\/encontratatui\/"}]}},"_links":{"self":[{"href":"https:\/\/www.encontratatui.com.br\/guia\/wp-json\/wp\/v2\/posts\/5906","targetHints":{"allow":["GET"]}}],"collection":[{"href":"https:\/\/www.encontratatui.com.br\/guia\/wp-json\/wp\/v2\/posts"}],"about":[{"href":"https:\/\/www.encontratatui.com.br\/guia\/wp-json\/wp\/v2\/types\/post"}],"author":[{"embeddable":true,"href":"https:\/\/www.encontratatui.com.br\/guia\/wp-json\/wp\/v2\/users\/1"}],"replies":[{"embeddable":true,"href":"https:\/\/www.encontratatui.com.br\/guia\/wp-json\/wp\/v2\/comments?post=5906"}],"version-history":[{"count":0,"href":"https:\/\/www.encontratatui.com.br\/guia\/wp-json\/wp\/v2\/posts\/5906\/revisions"}],"wp:featuredmedia":[{"embeddable":true,"href":"https:\/\/www.encontratatui.com.br\/guia\/wp-json\/wp\/v2\/media\/5905"}],"wp:attachment":[{"href":"https:\/\/www.encontratatui.com.br\/guia\/wp-json\/wp\/v2\/media?parent=5906"}],"wp:term":[{"taxonomy":"category","embeddable":true,"href":"https:\/\/www.encontratatui.com.br\/guia\/wp-json\/wp\/v2\/categories?post=5906"},{"taxonomy":"post_tag","embeddable":true,"href":"https:\/\/www.encontratatui.com.br\/guia\/wp-json\/wp\/v2\/tags?post=5906"}],"curies":[{"name":"wp","href":"https:\/\/api.w.org\/{rel}","templated":true}]}}