{"id":5868,"date":"2026-08-27T09:17:41","date_gmt":"2026-08-27T12:17:41","guid":{"rendered":"https:\/\/www.encontratatui.com.br\/guia\/comeca-a-adequacao-estrutural-do-museu-historico-paulo-setubal-de-tatui\/"},"modified":"2026-08-27T09:17:41","modified_gmt":"2026-08-27T12:17:41","slug":"comeca-a-adequacao-estrutural-do-museu-historico-paulo-setubal-de-tatui","status":"publish","type":"post","link":"https:\/\/www.encontratatui.com.br\/guia\/comeca-a-adequacao-estrutural-do-museu-historico-paulo-setubal-de-tatui\/","title":{"rendered":"Come\u00e7a a adequa\u00e7\u00e3o estrutural do Museu Hist\u00f3rico \u201cPaulo Set\u00fabal\u201d de Tatu\u00ed"},"content":{"rendered":"<h2>Objetivos da Adequa\u00e7\u00e3o Estrutural<\/h2>\n<p>A adequa\u00e7\u00e3o estrutural do Museu Hist\u00f3rico &#8220;Paulo Set\u00fabal&#8221; de Tatu\u00ed visa abordar quest\u00f5es fundamentais como a preserva\u00e7\u00e3o do patrim\u00f4nio cultural e a seguran\u00e7a da edifica\u00e7\u00e3o. O principal objetivo da interven\u00e7\u00e3o \u00e9 garantir que o museu possa continuar a servir a comunidade, oferecendo um espa\u00e7o seguro e acess\u00edvel para a visita\u00e7\u00e3o e atividades educacionais.<\/p>\n<p>Al\u00e9m disso, a recupera\u00e7\u00e3o estrutural \u00e9 uma iniciativa importante dentro do contexto das comemora\u00e7\u00f5es do bicenten\u00e1rio de Tatu\u00ed, programadas para 2026. A cidade, que tem uma rica hist\u00f3ria, se beneficiar\u00e1 de um museu revitalizado que acolher\u00e1 exposi\u00e7\u00f5es e eventos, refor\u00e7ando a identidade cultural local.<\/p>\n<h2>Apoio Financeiro da Fam\u00edlia Set\u00fabal<\/h2>\n<p>Um dos pilares que sustentam o projeto \u00e9 o financiamento proporcionado pela fam\u00edlia Set\u00fabal, que tem um hist\u00f3rico de envolvimento em iniciativas culturais e sociais na regi\u00e3o. Esse apoio financeiro \u00e9 crucial para a realiza\u00e7\u00e3o das obras, totalizando R$ 831 mil, garantindo que as melhorias necess\u00e1rias sejam implementadas de maneira eficaz e dentro do cronograma estipulado.<\/p>\n<p><img decoding=\"async\" src=\"https:\/\/www.encontratatui.com.br\/guia\/wp-content\/uploads\/2026\/08\/comeca-a-adequacao-estrutural-do-museu-historico-paulo-setubal-de-tatui.webp\" alt=\"adequa\u00e7\u00e3o estrutural do Museu Hist\u00f3rico \u201cPaulo Set\u00fabal\u201d de Tatu\u00ed\" loading=\"lazy\" \/><\/p>\n<p>A colabora\u00e7\u00e3o da fam\u00edlia Set\u00fabal n\u00e3o apenas refor\u00e7a a import\u00e2ncia hist\u00f3rica do patrim\u00f4nio, mas tamb\u00e9m estabelece um modelo de parceria entre o setor p\u00fablico e privado voltado para a preserva\u00e7\u00e3o da cultura local.<\/p>\n<h2>Processo de Recupera\u00e7\u00e3o do Edif\u00edcio<\/h2>\n<p>As obras de recupera\u00e7\u00e3o do Museu Hist\u00f3rico &#8220;Paulo Set\u00fabal&#8221; come\u00e7aram ap\u00f3s uma s\u00e9rie de estudos t\u00e9cnicos e avalia\u00e7\u00f5es de engenharia. Este processo envolveu a elabora\u00e7\u00e3o de um projeto espec\u00edfico que considerou as necessidades estruturais da constru\u00e7\u00e3o, que foi levantada em 1920.<\/p>\n<p>O projeto foi minuciosamente revisado e aprovado pelo Conselho Municipal de Defesa do Patrim\u00f4nio Hist\u00f3rico e Art\u00edstico de Tatu\u00ed (Condephat), garantindo que as interven\u00e7\u00f5es respeitem n\u00e3o apenas as normas t\u00e9cnicas, mas tamb\u00e9m a integridade hist\u00f3rica do pr\u00e9dio.<\/p>\n<h2>Necessidades Identificadas no Im\u00f3vel<\/h2>\n<p>A necessidade de adequa\u00e7\u00e3o surgiu diante da identifica\u00e7\u00e3o de fissuras e trincas que haviam se desenvolvido ao longo dos anos, resultado do recalque das funda\u00e7\u00f5es. Atrav\u00e9s de avalia\u00e7\u00f5es detalhadas, tornou-se evidente que a estrutura do pr\u00e9dio exigia um plano de a\u00e7\u00e3o para evitar danos futuros e garantir a seguran\u00e7a dos visitantes e do acervo.<\/p>\n<p>Portanto, um estudo aprofundado foi realizado visando identificar as causas das deteriora\u00e7\u00f5es e, assim, planejar de maneira eficaz a recupera\u00e7\u00e3o. Isso incluiu interven\u00e7\u00f5es nas funda\u00e7\u00f5es, no sistema de prote\u00e7\u00e3o contra descargas atmosf\u00e9ricas e melhorias no combate a inc\u00eandios.<\/p>\n<h2>Medidas de Seguran\u00e7a Implementadas<\/h2>\n<p>A execu\u00e7\u00e3o do projeto estrutural contempla tr\u00eas frentes principais de interven\u00e7\u00e3o: <\/p>\n<ul>\n<li><strong>Refor\u00e7o das Funda\u00e7\u00f5es:<\/strong> A instala\u00e7\u00e3o de estacas do tipo &#8220;Mega&#8221; ser\u00e1 uma das medidas centrais para dar suporte \u00e0 estrutura existente e evitar problemas futuros.<\/li>\n<li><strong>Adequa\u00e7\u00e3o do Sistema de Prote\u00e7\u00e3o Contra Descargas Atmosf\u00e9ricas:<\/strong> Um sistema atualizado de prote\u00e7\u00e3o \u00e9 fundamental para garantir a seguran\u00e7a do pr\u00e9dio. Com isso, a integridade da estrutura e do acervo estar\u00e3o protegidas contra descargas el\u00e9tricas.<\/li>\n<li><strong>Regulariza\u00e7\u00e3o do Sistema de Combate a Inc\u00eandio:<\/strong> As moderniza\u00e7\u00f5es necess\u00e1rias no sistema de combate a inc\u00eandio t\u00eam como objetivo oferecer uma resposta eficaz em caso de emerg\u00eancias, aumentando a seguran\u00e7a dos visitantes e funcion\u00e1rios.<\/li>\n<\/ul>\n<p>Essas interven\u00e7\u00f5es s\u00e3o primordiais para a integridade do museu e para a continuidade das suas atividades culturais.<\/p>\n<h2>Impacto Cultural da Interven\u00e7\u00e3o<\/h2>\n<p>A adequa\u00e7\u00e3o estrutural do museu n\u00e3o se resume apenas a melhorias f\u00edsicas; ela representa um compromisso com a preserva\u00e7\u00e3o da identidade cultural de Tatu\u00ed. O Museu Hist\u00f3rico &#8220;Paulo Set\u00fabal&#8221; \u00e9 um verdadeiro guardi\u00e3o da hist\u00f3ria local, e as interven\u00e7\u00f5es garantir\u00e3o que ele possa continuar esse papel de forma segura e eficiente.<\/p>\n<p>Com o aprimoramento do espa\u00e7o, a comunidade poder\u00e1 retomar as atividades culturais que foram suspensas devido \u00e0 condi\u00e7\u00e3o da edifica\u00e7\u00e3o. Assim, a revitaliza\u00e7\u00e3o do museu n\u00e3o apenas preserva a mem\u00f3ria de Tatu\u00ed, mas tamb\u00e9m enriquece a vida cultural da cidade, oferecendo novas oportunidades educativas e de entretenimento para os cidad\u00e3os e turistas.<\/p>\n<h2>Expectativas para o Futuro do Museu<\/h2>\n<p>Com a conclus\u00e3o das obras de recupera\u00e7\u00e3o, espera-se que o Museu Hist\u00f3rico &#8220;Paulo Set\u00fabal&#8221; esteja em plenas condi\u00e7\u00f5es de voltar a suas fun\u00e7\u00f5es dentro do ciclo de celebra\u00e7\u00f5es pelo bicenten\u00e1rio da cidade, que acontece entre agosto de 2026 e agosto de 2027.<\/p>\n<p>As expectativas s\u00e3o de que o espa\u00e7o ofere\u00e7a n\u00e3o apenas exposi\u00e7\u00f5es de seu acervo, mas tamb\u00e9m atividades interativas e eventos que engajem a comunidade, promovendo um maior interesse pela cultura e hist\u00f3ria locais.<\/p>\n<h2>Transfer\u00eancia de Atividades Culturais<\/h2>\n<p>Enquanto o museu est\u00e1 fechado, a administra\u00e7\u00e3o municipal decidiu transferir as atividades culturais e educativas para o Complexo Cultural de Mem\u00f3ria. Este espa\u00e7o inclui o Museu da Imagem e do Som \u2013 MIS Tatu\u00ed e o Memorial do Rugby 1928 \u2013 Dr. Gualter Nunes, garantindo que a cultura e a educa\u00e7\u00e3o n\u00e3o sejam interrompidas durante o per\u00edodo de obras.<\/p>\n<p>Tal movimenta\u00e7\u00e3o assegura que a popula\u00e7\u00e3o continue a ter acesso a atividades e eventos culturais, mantendo viva a chama da educa\u00e7\u00e3o e da valoriza\u00e7\u00e3o do patrim\u00f4nio hist\u00f3rico, mesmo fora do espa\u00e7o original do museu.<\/p>\n<h2>A Import\u00e2ncia do Patrim\u00f4nio Hist\u00f3rico<\/h2>\n<p>O Museu Hist\u00f3rico &#8220;Paulo Set\u00fabal&#8221; \u00e9 um \u00edcone da cidade, simbolizando a rica hist\u00f3ria de Tatu\u00ed e seus cidad\u00e3os. Sua preserva\u00e7\u00e3o \u00e9 vital n\u00e3o apenas para a mem\u00f3ria coletiva da cidade, mas tamb\u00e9m para a educa\u00e7\u00e3o das futuras gera\u00e7\u00f5es, que devem ter acesso \u00e0 hist\u00f3ria e patrim\u00f4nios que moldaram a identidade local.<\/p>\n<p>A adequa\u00e7\u00e3o do museu \u00e9 uma oportunidade de reafirmar a import\u00e2ncia do patrim\u00f4nio hist\u00f3rico e cultural como recursos fundamentais para o desenvolvimento social e econ\u00f4mico da regi\u00e3o, atraindo visitantes e estimulando o turismo cultural.<\/p>\n<h2>Construindo o Futuro de Tatu\u00ed<\/h2>\n<p>Finalmente, a interven\u00e7\u00e3o no Museu Hist\u00f3rico &#8220;Paulo Set\u00fabal&#8221; \u00e9 uma etapa significativa na constru\u00e7\u00e3o do futuro de Tatu\u00ed. Com forte apoio da comunidade e dos setores p\u00fablico e privado, a cidade se prepara para celebrar seu bicenten\u00e1rio de maneira grandiosa e impactante.<\/p>\n<p>As obras no museu s\u00e3o apenas uma parte das iniciativas que visam refor\u00e7ar a identidade cultural e promover a cidade, proporcionando espa\u00e7os adequados para a cria\u00e7\u00e3o, a preserva\u00e7\u00e3o e a valoriza\u00e7\u00e3o do patrim\u00f4nio local.<\/p>\n<p>A recupera\u00e7\u00e3o do Museu Hist\u00f3rico &#8220;Paulo Set\u00fabal&#8221; \u00e9, portanto, um s\u00edmbolo do cuidado com o passado, uma valoriza\u00e7\u00e3o do presente e um investimento acertado no futuro da cidade.<\/p>\n","protected":false},"excerpt":{"rendered":"<p>In\u00edcio das obras de adequa\u00e7\u00e3o estrutural no Museu Hist\u00f3rico \u201cPaulo Set\u00fabal\u201d em Tatu\u00ed.<\/p>\n","protected":false},"author":1,"featured_media":5867,"comment_status":"open","ping_status":"open","sticky":false,"template":"","format":"standard","meta":{"footnotes":""},"categories":[898],"tags":[],"class_list":["post-5868","post","type-post","status-publish","format-standard","has-post-thumbnail","hentry","category-exposicao","has_thumb"],"yoast_head":"<!-- This site is optimized with the Yoast SEO plugin v28.1 - https:\/\/yoast.com\/product\/yoast-seo-wordpress\/ -->\n<title>Come\u00e7a a adequa\u00e7\u00e3o estrutural do Museu Hist\u00f3rico \u201cPaulo Set\u00fabal\u201d de Tatu\u00ed | Guia Comercial de Tatu\u00ed SP<\/title>\n<meta name=\"robots\" content=\"index, follow, max-snippet:-1, max-image-preview:large, max-video-preview:-1\" \/>\n<link rel=\"canonical\" href=\"https:\/\/www.encontratatui.com.br\/guia\/comeca-a-adequacao-estrutural-do-museu-historico-paulo-setubal-de-tatui\/\" \/>\n<meta property=\"og:locale\" content=\"pt_BR\" \/>\n<meta property=\"og:type\" content=\"article\" \/>\n<meta property=\"og:title\" content=\"Come\u00e7a a adequa\u00e7\u00e3o estrutural do Museu Hist\u00f3rico \u201cPaulo Set\u00fabal\u201d de Tatu\u00ed | Guia Comercial de Tatu\u00ed SP\" \/>\n<meta property=\"og:description\" content=\"In\u00edcio das obras de adequa\u00e7\u00e3o estrutural no Museu Hist\u00f3rico \u201cPaulo Set\u00fabal\u201d em Tatu\u00ed.\" \/>\n<meta property=\"og:url\" content=\"https:\/\/www.encontratatui.com.br\/guia\/comeca-a-adequacao-estrutural-do-museu-historico-paulo-setubal-de-tatui\/\" \/>\n<meta property=\"og:site_name\" content=\"Guia Comercial de Tatu\u00ed SP\" \/>\n<meta property=\"article:published_time\" content=\"2026-08-27T12:17:41+00:00\" \/>\n<meta property=\"og:image\" content=\"https:\/\/www.encontratatui.com.br\/guia\/wp-content\/uploads\/2026\/08\/comeca-a-adequacao-estrutural-do-museu-historico-paulo-setubal-de-tatui.webp\" \/>\n<meta name=\"author\" content=\"Encontra Tatu\u00ed\" \/>\n<meta name=\"twitter:card\" content=\"summary_large_image\" \/>\n<meta name=\"twitter:label1\" content=\"Escrito por\" \/>\n\t<meta name=\"twitter:data1\" content=\"Encontra Tatu\u00ed\" \/>\n\t<meta name=\"twitter:label2\" content=\"Est. tempo de leitura\" \/>\n\t<meta name=\"twitter:data2\" content=\"6 minutos\" \/>\n<script type=\"application\/ld+json\" class=\"yoast-schema-graph\">{\"@context\":\"https:\\\/\\\/schema.org\",\"@graph\":[{\"@type\":\"Article\",\"@id\":\"https:\\\/\\\/www.encontratatui.com.br\\\/guia\\\/comeca-a-adequacao-estrutural-do-museu-historico-paulo-setubal-de-tatui\\\/#article\",\"isPartOf\":{\"@id\":\"https:\\\/\\\/www.encontratatui.com.br\\\/guia\\\/comeca-a-adequacao-estrutural-do-museu-historico-paulo-setubal-de-tatui\\\/\"},\"author\":{\"name\":\"Encontra Tatu\u00ed\",\"@id\":\"https:\\\/\\\/www.encontratatui.com.br\\\/guia\\\/#\\\/schema\\\/person\\\/58bdf1fd3aa9b268c5f8255d8a6dbf25\"},\"headline\":\"Come\u00e7a a adequa\u00e7\u00e3o estrutural do Museu Hist\u00f3rico \u201cPaulo Set\u00fabal\u201d de Tatu\u00ed\",\"datePublished\":\"2026-08-27T12:17:41+00:00\",\"mainEntityOfPage\":{\"@id\":\"https:\\\/\\\/www.encontratatui.com.br\\\/guia\\\/comeca-a-adequacao-estrutural-do-museu-historico-paulo-setubal-de-tatui\\\/\"},\"wordCount\":1168,\"commentCount\":0,\"image\":{\"@id\":\"https:\\\/\\\/www.encontratatui.com.br\\\/guia\\\/comeca-a-adequacao-estrutural-do-museu-historico-paulo-setubal-de-tatui\\\/#primaryimage\"},\"thumbnailUrl\":\"https:\\\/\\\/www.encontratatui.com.br\\\/guia\\\/wp-content\\\/uploads\\\/2026\\\/08\\\/comeca-a-adequacao-estrutural-do-museu-historico-paulo-setubal-de-tatui.webp\",\"articleSection\":[\"Exposi\u00e7\u00e3o Tatu\u00ed\"],\"inLanguage\":\"pt-BR\",\"potentialAction\":[{\"@type\":\"CommentAction\",\"name\":\"Comment\",\"target\":[\"https:\\\/\\\/www.encontratatui.com.br\\\/guia\\\/comeca-a-adequacao-estrutural-do-museu-historico-paulo-setubal-de-tatui\\\/#respond\"]}]},{\"@type\":\"WebPage\",\"@id\":\"https:\\\/\\\/www.encontratatui.com.br\\\/guia\\\/comeca-a-adequacao-estrutural-do-museu-historico-paulo-setubal-de-tatui\\\/\",\"url\":\"https:\\\/\\\/www.encontratatui.com.br\\\/guia\\\/comeca-a-adequacao-estrutural-do-museu-historico-paulo-setubal-de-tatui\\\/\",\"name\":\"Come\u00e7a a adequa\u00e7\u00e3o estrutural do Museu Hist\u00f3rico \u201cPaulo Set\u00fabal\u201d de Tatu\u00ed | Guia Comercial de Tatu\u00ed SP\",\"isPartOf\":{\"@id\":\"https:\\\/\\\/www.encontratatui.com.br\\\/guia\\\/#website\"},\"primaryImageOfPage\":{\"@id\":\"https:\\\/\\\/www.encontratatui.com.br\\\/guia\\\/comeca-a-adequacao-estrutural-do-museu-historico-paulo-setubal-de-tatui\\\/#primaryimage\"},\"image\":{\"@id\":\"https:\\\/\\\/www.encontratatui.com.br\\\/guia\\\/comeca-a-adequacao-estrutural-do-museu-historico-paulo-setubal-de-tatui\\\/#primaryimage\"},\"thumbnailUrl\":\"https:\\\/\\\/www.encontratatui.com.br\\\/guia\\\/wp-content\\\/uploads\\\/2026\\\/08\\\/comeca-a-adequacao-estrutural-do-museu-historico-paulo-setubal-de-tatui.webp\",\"datePublished\":\"2026-08-27T12:17:41+00:00\",\"author\":{\"@id\":\"https:\\\/\\\/www.encontratatui.com.br\\\/guia\\\/#\\\/schema\\\/person\\\/58bdf1fd3aa9b268c5f8255d8a6dbf25\"},\"inLanguage\":\"pt-BR\",\"potentialAction\":[{\"@type\":\"ReadAction\",\"target\":[\"https:\\\/\\\/www.encontratatui.com.br\\\/guia\\\/comeca-a-adequacao-estrutural-do-museu-historico-paulo-setubal-de-tatui\\\/\"]}]},{\"@type\":\"ImageObject\",\"inLanguage\":\"pt-BR\",\"@id\":\"https:\\\/\\\/www.encontratatui.com.br\\\/guia\\\/comeca-a-adequacao-estrutural-do-museu-historico-paulo-setubal-de-tatui\\\/#primaryimage\",\"url\":\"https:\\\/\\\/www.encontratatui.com.br\\\/guia\\\/wp-content\\\/uploads\\\/2026\\\/08\\\/comeca-a-adequacao-estrutural-do-museu-historico-paulo-setubal-de-tatui.webp\",\"contentUrl\":\"https:\\\/\\\/www.encontratatui.com.br\\\/guia\\\/wp-content\\\/uploads\\\/2026\\\/08\\\/comeca-a-adequacao-estrutural-do-museu-historico-paulo-setubal-de-tatui.webp\",\"width\":280,\"height\":280,\"caption\":\"adequa\u00e7\u00e3o estrutural do Museu Hist\u00f3rico \u201cPaulo Set\u00fabal\u201d de Tatu\u00ed\"},{\"@type\":\"WebSite\",\"@id\":\"https:\\\/\\\/www.encontratatui.com.br\\\/guia\\\/#website\",\"url\":\"https:\\\/\\\/www.encontratatui.com.br\\\/guia\\\/\",\"name\":\"Guia Comercial de Tatu\u00ed SP\",\"description\":\"ENCONTRA TATU\u00cd - O guia comercial de neg\u00f3cios e empresas, cultura e divers\u00e3o na cidade de Tatu\u00ed. Feito 100% para voc\u00ea morador!\",\"potentialAction\":[{\"@type\":\"SearchAction\",\"target\":{\"@type\":\"EntryPoint\",\"urlTemplate\":\"https:\\\/\\\/www.encontratatui.com.br\\\/guia\\\/?s={search_term_string}\"},\"query-input\":{\"@type\":\"PropertyValueSpecification\",\"valueRequired\":true,\"valueName\":\"search_term_string\"}}],\"inLanguage\":\"pt-BR\"},{\"@type\":\"Person\",\"@id\":\"https:\\\/\\\/www.encontratatui.com.br\\\/guia\\\/#\\\/schema\\\/person\\\/58bdf1fd3aa9b268c5f8255d8a6dbf25\",\"name\":\"Encontra Tatu\u00ed\",\"image\":{\"@type\":\"ImageObject\",\"inLanguage\":\"pt-BR\",\"@id\":\"https:\\\/\\\/www.encontratatui.com.br\\\/guia\\\/wp-content\\\/litespeed\\\/avatar\\\/e92a756db1fc224ef50d2f00ed0d047a.jpg?ver=1788446156\",\"url\":\"https:\\\/\\\/www.encontratatui.com.br\\\/guia\\\/wp-content\\\/litespeed\\\/avatar\\\/e92a756db1fc224ef50d2f00ed0d047a.jpg?ver=1788446156\",\"contentUrl\":\"https:\\\/\\\/www.encontratatui.com.br\\\/guia\\\/wp-content\\\/litespeed\\\/avatar\\\/e92a756db1fc224ef50d2f00ed0d047a.jpg?ver=1788446156\",\"caption\":\"Encontra Tatu\u00ed\"},\"url\":\"https:\\\/\\\/www.encontratatui.com.br\\\/guia\\\/author\\\/encontratatui\\\/\"}]}<\/script>\n<!-- \/ Yoast SEO plugin. -->","yoast_head_json":{"title":"Come\u00e7a a adequa\u00e7\u00e3o estrutural do Museu Hist\u00f3rico \u201cPaulo Set\u00fabal\u201d de Tatu\u00ed | Guia Comercial de Tatu\u00ed SP","robots":{"index":"index","follow":"follow","max-snippet":"max-snippet:-1","max-image-preview":"max-image-preview:large","max-video-preview":"max-video-preview:-1"},"canonical":"https:\/\/www.encontratatui.com.br\/guia\/comeca-a-adequacao-estrutural-do-museu-historico-paulo-setubal-de-tatui\/","og_locale":"pt_BR","og_type":"article","og_title":"Come\u00e7a a adequa\u00e7\u00e3o estrutural do Museu Hist\u00f3rico \u201cPaulo Set\u00fabal\u201d de Tatu\u00ed | Guia Comercial de Tatu\u00ed SP","og_description":"In\u00edcio das obras de adequa\u00e7\u00e3o estrutural no Museu Hist\u00f3rico \u201cPaulo Set\u00fabal\u201d em Tatu\u00ed.","og_url":"https:\/\/www.encontratatui.com.br\/guia\/comeca-a-adequacao-estrutural-do-museu-historico-paulo-setubal-de-tatui\/","og_site_name":"Guia Comercial de Tatu\u00ed SP","article_published_time":"2026-08-27T12:17:41+00:00","og_image":[{"url":"https:\/\/www.encontratatui.com.br\/guia\/wp-content\/uploads\/2026\/08\/comeca-a-adequacao-estrutural-do-museu-historico-paulo-setubal-de-tatui.webp","type":"","width":"","height":""}],"author":"Encontra Tatu\u00ed","twitter_card":"summary_large_image","twitter_misc":{"Escrito por":"Encontra Tatu\u00ed","Est. tempo de leitura":"6 minutos"},"schema":{"@context":"https:\/\/schema.org","@graph":[{"@type":"Article","@id":"https:\/\/www.encontratatui.com.br\/guia\/comeca-a-adequacao-estrutural-do-museu-historico-paulo-setubal-de-tatui\/#article","isPartOf":{"@id":"https:\/\/www.encontratatui.com.br\/guia\/comeca-a-adequacao-estrutural-do-museu-historico-paulo-setubal-de-tatui\/"},"author":{"name":"Encontra Tatu\u00ed","@id":"https:\/\/www.encontratatui.com.br\/guia\/#\/schema\/person\/58bdf1fd3aa9b268c5f8255d8a6dbf25"},"headline":"Come\u00e7a a adequa\u00e7\u00e3o estrutural do Museu Hist\u00f3rico \u201cPaulo Set\u00fabal\u201d de Tatu\u00ed","datePublished":"2026-08-27T12:17:41+00:00","mainEntityOfPage":{"@id":"https:\/\/www.encontratatui.com.br\/guia\/comeca-a-adequacao-estrutural-do-museu-historico-paulo-setubal-de-tatui\/"},"wordCount":1168,"commentCount":0,"image":{"@id":"https:\/\/www.encontratatui.com.br\/guia\/comeca-a-adequacao-estrutural-do-museu-historico-paulo-setubal-de-tatui\/#primaryimage"},"thumbnailUrl":"https:\/\/www.encontratatui.com.br\/guia\/wp-content\/uploads\/2026\/08\/comeca-a-adequacao-estrutural-do-museu-historico-paulo-setubal-de-tatui.webp","articleSection":["Exposi\u00e7\u00e3o Tatu\u00ed"],"inLanguage":"pt-BR","potentialAction":[{"@type":"CommentAction","name":"Comment","target":["https:\/\/www.encontratatui.com.br\/guia\/comeca-a-adequacao-estrutural-do-museu-historico-paulo-setubal-de-tatui\/#respond"]}]},{"@type":"WebPage","@id":"https:\/\/www.encontratatui.com.br\/guia\/comeca-a-adequacao-estrutural-do-museu-historico-paulo-setubal-de-tatui\/","url":"https:\/\/www.encontratatui.com.br\/guia\/comeca-a-adequacao-estrutural-do-museu-historico-paulo-setubal-de-tatui\/","name":"Come\u00e7a a adequa\u00e7\u00e3o estrutural do Museu Hist\u00f3rico \u201cPaulo Set\u00fabal\u201d de Tatu\u00ed | Guia Comercial de Tatu\u00ed SP","isPartOf":{"@id":"https:\/\/www.encontratatui.com.br\/guia\/#website"},"primaryImageOfPage":{"@id":"https:\/\/www.encontratatui.com.br\/guia\/comeca-a-adequacao-estrutural-do-museu-historico-paulo-setubal-de-tatui\/#primaryimage"},"image":{"@id":"https:\/\/www.encontratatui.com.br\/guia\/comeca-a-adequacao-estrutural-do-museu-historico-paulo-setubal-de-tatui\/#primaryimage"},"thumbnailUrl":"https:\/\/www.encontratatui.com.br\/guia\/wp-content\/uploads\/2026\/08\/comeca-a-adequacao-estrutural-do-museu-historico-paulo-setubal-de-tatui.webp","datePublished":"2026-08-27T12:17:41+00:00","author":{"@id":"https:\/\/www.encontratatui.com.br\/guia\/#\/schema\/person\/58bdf1fd3aa9b268c5f8255d8a6dbf25"},"inLanguage":"pt-BR","potentialAction":[{"@type":"ReadAction","target":["https:\/\/www.encontratatui.com.br\/guia\/comeca-a-adequacao-estrutural-do-museu-historico-paulo-setubal-de-tatui\/"]}]},{"@type":"ImageObject","inLanguage":"pt-BR","@id":"https:\/\/www.encontratatui.com.br\/guia\/comeca-a-adequacao-estrutural-do-museu-historico-paulo-setubal-de-tatui\/#primaryimage","url":"https:\/\/www.encontratatui.com.br\/guia\/wp-content\/uploads\/2026\/08\/comeca-a-adequacao-estrutural-do-museu-historico-paulo-setubal-de-tatui.webp","contentUrl":"https:\/\/www.encontratatui.com.br\/guia\/wp-content\/uploads\/2026\/08\/comeca-a-adequacao-estrutural-do-museu-historico-paulo-setubal-de-tatui.webp","width":280,"height":280,"caption":"adequa\u00e7\u00e3o estrutural do Museu Hist\u00f3rico \u201cPaulo Set\u00fabal\u201d de Tatu\u00ed"},{"@type":"WebSite","@id":"https:\/\/www.encontratatui.com.br\/guia\/#website","url":"https:\/\/www.encontratatui.com.br\/guia\/","name":"Guia Comercial de Tatu\u00ed SP","description":"ENCONTRA TATU\u00cd - O guia comercial de neg\u00f3cios e empresas, cultura e divers\u00e3o na cidade de Tatu\u00ed. Feito 100% para voc\u00ea morador!","potentialAction":[{"@type":"SearchAction","target":{"@type":"EntryPoint","urlTemplate":"https:\/\/www.encontratatui.com.br\/guia\/?s={search_term_string}"},"query-input":{"@type":"PropertyValueSpecification","valueRequired":true,"valueName":"search_term_string"}}],"inLanguage":"pt-BR"},{"@type":"Person","@id":"https:\/\/www.encontratatui.com.br\/guia\/#\/schema\/person\/58bdf1fd3aa9b268c5f8255d8a6dbf25","name":"Encontra Tatu\u00ed","image":{"@type":"ImageObject","inLanguage":"pt-BR","@id":"https:\/\/www.encontratatui.com.br\/guia\/wp-content\/litespeed\/avatar\/e92a756db1fc224ef50d2f00ed0d047a.jpg?ver=1788446156","url":"https:\/\/www.encontratatui.com.br\/guia\/wp-content\/litespeed\/avatar\/e92a756db1fc224ef50d2f00ed0d047a.jpg?ver=1788446156","contentUrl":"https:\/\/www.encontratatui.com.br\/guia\/wp-content\/litespeed\/avatar\/e92a756db1fc224ef50d2f00ed0d047a.jpg?ver=1788446156","caption":"Encontra Tatu\u00ed"},"url":"https:\/\/www.encontratatui.com.br\/guia\/author\/encontratatui\/"}]}},"_links":{"self":[{"href":"https:\/\/www.encontratatui.com.br\/guia\/wp-json\/wp\/v2\/posts\/5868","targetHints":{"allow":["GET"]}}],"collection":[{"href":"https:\/\/www.encontratatui.com.br\/guia\/wp-json\/wp\/v2\/posts"}],"about":[{"href":"https:\/\/www.encontratatui.com.br\/guia\/wp-json\/wp\/v2\/types\/post"}],"author":[{"embeddable":true,"href":"https:\/\/www.encontratatui.com.br\/guia\/wp-json\/wp\/v2\/users\/1"}],"replies":[{"embeddable":true,"href":"https:\/\/www.encontratatui.com.br\/guia\/wp-json\/wp\/v2\/comments?post=5868"}],"version-history":[{"count":0,"href":"https:\/\/www.encontratatui.com.br\/guia\/wp-json\/wp\/v2\/posts\/5868\/revisions"}],"wp:featuredmedia":[{"embeddable":true,"href":"https:\/\/www.encontratatui.com.br\/guia\/wp-json\/wp\/v2\/media\/5867"}],"wp:attachment":[{"href":"https:\/\/www.encontratatui.com.br\/guia\/wp-json\/wp\/v2\/media?parent=5868"}],"wp:term":[{"taxonomy":"category","embeddable":true,"href":"https:\/\/www.encontratatui.com.br\/guia\/wp-json\/wp\/v2\/categories?post=5868"},{"taxonomy":"post_tag","embeddable":true,"href":"https:\/\/www.encontratatui.com.br\/guia\/wp-json\/wp\/v2\/tags?post=5868"}],"curies":[{"name":"wp","href":"https:\/\/api.w.org\/{rel}","templated":true}]}}