{"id":5626,"date":"2026-07-14T12:55:35","date_gmt":"2026-07-14T15:55:35","guid":{"rendered":"https:\/\/www.encontratatui.com.br\/guia\/nacional-do-mangalarga-encerra-edicao-historica-em-tatui-e-reforca-forca-da-raca-no-brasil\/"},"modified":"2026-07-14T12:55:35","modified_gmt":"2026-07-14T15:55:35","slug":"nacional-do-mangalarga-encerra-edicao-historica-em-tatui-e-reforca-forca-da-raca-no-brasil","status":"publish","type":"post","link":"https:\/\/www.encontratatui.com.br\/guia\/nacional-do-mangalarga-encerra-edicao-historica-em-tatui-e-reforca-forca-da-raca-no-brasil\/","title":{"rendered":"Nacional do Mangalarga encerra edi\u00e7\u00e3o hist\u00f3rica em Tatu\u00ed e refor\u00e7a for\u00e7a da ra\u00e7a no Brasil"},"content":{"rendered":"<h2>A Hist\u00f3ria do Nacional do Mangalarga<\/h2>\n<p>A 48\u00aa Exposi\u00e7\u00e3o Nacional do Cavalo Mangalarga, que ocorreu em Tatu\u00ed (SP), marcou um cap\u00edtulo significativo na hist\u00f3ria da ra\u00e7a. Este evento anual \u00e9 promovido pela Associa\u00e7\u00e3o Brasileira de Criadores de Cavalos da Ra\u00e7a Mangalarga (ABCCRM) e, ao longo dos anos, tornou-se um ponto de encontro essencial para criadores, expositores e entusiastas da ra\u00e7a. Desde sua funda\u00e7\u00e3o em 1934, a ABCCRM vem desempenhando um papel crucial na preserva\u00e7\u00e3o e no desenvolvimento do Mangalarga, uma das ra\u00e7as mais ic\u00f4nicas do Brasil.<\/p>\n<h2>Melhores Momentos da Exposi\u00e7\u00e3o<\/h2>\n<p>Durante os nove dias do evento, diversas atra\u00e7\u00f5es e competi\u00e7\u00f5es capturaram a aten\u00e7\u00e3o do p\u00fablico, destacando a habilidade e a beleza dos animais em disputa. As Provas Sociais e o Ranch Sorting foram particularmente not\u00e1veis, apresentando a versatilidade do Mangalarga, enquanto as tradicionais disputas de marcha e morfologia evidenciaram a qualidade gen\u00e9tica dos exemplares presentes.<\/p>\n<h2>Import\u00e2ncia para a Comunidade do Mangalarga<\/h2>\n<p>A Exposi\u00e7\u00e3o Nacional n\u00e3o \u00e9 apenas uma competi\u00e7\u00e3o, mas tamb\u00e9m um espa\u00e7o fundamental para fortalecer relacionamentos entre criadores e fomentar neg\u00f3cios no setor. O evento promove a troca de conhecimento e experi\u00eancias, contribuindo para o crescimento e desenvolvimento da equinocultura nacional. Este ambiente de confraterniza\u00e7\u00e3o \u00e9 vital para o fortalecimento da comunidade em torno da ra\u00e7a.<\/p>\n<p><img decoding=\"async\" src=\"https:\/\/www.encontratatui.com.br\/guia\/wp-content\/uploads\/2026\/07\/nacional-do-mangalarga-encerra-edicao-historica-em-tatui-e-reforca-forca-da-raca-no-brasil.webp\" alt=\"Nacional do Mangalarga\" loading=\"lazy\" \/><\/p>\n<h2>Competi\u00e7\u00e3o e Qualidade Gen\u00e9tica<\/h2>\n<p>A edi\u00e7\u00e3o de 2026 destacou o elevado n\u00edvel t\u00e9cnico das competi\u00e7\u00f5es. Este ano, a participa\u00e7\u00e3o de criadores foi significativa, e a qualidade dos animais em pista foi admirada por todos. As competi\u00e7\u00f5es de morfologia e marcha revelaram a evolu\u00e7\u00e3o gen\u00e9tica da ra\u00e7a, demonstrando como os esfor\u00e7os dos criadores t\u00eam gerado melhorias nas caracter\u00edsticas dos Mangalargas.<\/p>\n<h2>Provas Funcionais e Atra\u00e7\u00f5es<\/h2>\n<p>Al\u00e9m das competi\u00e7\u00f5es convencionais, a programa\u00e7\u00e3o contou com atra\u00e7\u00f5es focadas na funcionalidade, como o Poeir\u00e3o e o Ranch Sorting. Essas provas evidenciam a adaptabilidade do Mangalarga e sua capacidade para diferentes modalidades e pr\u00e1ticas dentro da equinocultura, atraindo n\u00e3o apenas criadores, mas tamb\u00e9m espectadores que apreciam a mistura de habilidade e beleza dos equinos.<\/p>\n<h2>Os Grandes Campe\u00f5es Anunciados<\/h2>\n<p>Ao final do evento, foram anunciados os grandes campe\u00f5es em diversas categorias. Entre os vencedores, destacaram-se:<\/p>\n<ul>\n<li><strong>Cavalo Geral:<\/strong> Messi do Gadu (T.E.)<\/li>\n<li><strong>\u00c9gua Geral:<\/strong> Laura da Arax\u00e1 (T.E.)<\/li>\n<li><strong>Potranca Geral:<\/strong> Goi\u00e2nia J.E.B. (T.E.)<\/li>\n<li><strong>Potro Geral:<\/strong> Gal\u00eas J.E.B. (T.E.)<\/li>\n<\/ul>\n<p>Esses campe\u00f5es refletem o esfor\u00e7o dos criadores e a qualidade gen\u00e9tica que a ra\u00e7a Mangalarga possui atualmente.<\/p>\n<h2>Inova\u00e7\u00f5es e Transpar\u00eancia nos Julgamentos<\/h2>\n<p>Uma das inova\u00e7\u00f5es deste ano foi a introdu\u00e7\u00e3o de c\u00e2meras corporais na comiss\u00e3o julgadora, uma iniciativa que aumenta a transpar\u00eancia dos processos de julgamento. Este passo foi bem recebido, pois garante maior confian\u00e7a tanto para os competidores quanto para os espectadores, promovendo uma atmosfera mais justa e acess\u00edvel durante todo o evento.<\/p>\n<h2>Prepara\u00e7\u00e3o para a 50\u00aa Exposi\u00e7\u00e3o Nacional<\/h2>\n<p>Com os olhos voltados para a pr\u00f3xima edi\u00e7\u00e3o, a ABCCRM j\u00e1 est\u00e1 se preparando para a hist\u00f3rica 50\u00aa Exposi\u00e7\u00e3o Nacional, que acontecer\u00e1 em 2028. Este evento n\u00e3o apenas celebrar\u00e1 um marco significativo para a ra\u00e7a, mas tamb\u00e9m coincidir\u00e1 com as comemora\u00e7\u00f5es do centen\u00e1rio da associa\u00e7\u00e3o. A expectativa \u00e9 que a edi\u00e7\u00e3o de 2028 coloque a ra\u00e7a em uma posi\u00e7\u00e3o ainda mais destacada no cen\u00e1rio nacional e internacional.<\/p>\n<h2>Desenvolvimento Sustent\u00e1vel na Cria\u00e7\u00e3o<\/h2>\n<p>Al\u00e9m da competividade em pista, a ABCCRM enfatiza a import\u00e2ncia do bem-estar animal e pr\u00e1ticas sustent\u00e1veis. As iniciativas voltadas para pr\u00e1ticas de cria\u00e7\u00e3o respons\u00e1veis s\u00e3o parte essencial do desenvolvimento da equinocultura, promovendo um ambiente saud\u00e1vel tanto para os animais quanto para os criadores. Essa abordagem integrada tem se tornado s\u00edmbolo de responsabilidade dentro da comunidade do Mangalarga.<\/p>\n<h2>As Perspectivas Futuras da Ra\u00e7a<\/h2>\n<p>O futuro do Mangalarga parece promissor, com um mercado em expans\u00e3o que continua a atrair novos criadores e investidores. O aumento do interesse, n\u00e3o apenas pela ra\u00e7a, mas tamb\u00e9m por produtos e servi\u00e7os associados, mostra que h\u00e1 uma crescente valoriza\u00e7\u00e3o do Mangalarga no cen\u00e1rio do agroneg\u00f3cio brasileiro. A busca por excel\u00eancia gen\u00e9tica e desempenho funcional continuar\u00e1 a guiar o desenvolvimento futuro da ra\u00e7a, mantendo-a no topo das prefer\u00eancias do p\u00fablico.<\/p>\n<p>Assim, a 48\u00aa Exposi\u00e7\u00e3o Nacional n\u00e3o s\u00f3 consolidou a for\u00e7a da ra\u00e7a Mangalarga mas tamb\u00e9m tra\u00e7ou um caminho claro para seu futuro, unindo tradi\u00e7\u00e3o e inova\u00e7\u00f5es que beneficiar\u00e3o toda a comunidade envolvida.<\/p>\n","protected":false},"excerpt":{"rendered":"<p>Nacional do Mangalarga destaca campe\u00f5es e a for\u00e7a da ra\u00e7a no Brasil.<\/p>\n","protected":false},"author":1,"featured_media":5625,"comment_status":"open","ping_status":"open","sticky":false,"template":"","format":"standard","meta":{"footnotes":""},"categories":[897],"tags":[],"class_list":["post-5626","post","type-post","status-publish","format-standard","has-post-thumbnail","hentry","category-eventos","has_thumb"],"yoast_head":"<!-- This site is optimized with the Yoast SEO plugin v28.1 - https:\/\/yoast.com\/product\/yoast-seo-wordpress\/ -->\n<title>Nacional do Mangalarga encerra edi\u00e7\u00e3o hist\u00f3rica em Tatu\u00ed e refor\u00e7a for\u00e7a da ra\u00e7a no Brasil | Guia Comercial de Tatu\u00ed SP<\/title>\n<meta name=\"robots\" content=\"index, follow, max-snippet:-1, max-image-preview:large, max-video-preview:-1\" \/>\n<link rel=\"canonical\" href=\"https:\/\/www.encontratatui.com.br\/guia\/nacional-do-mangalarga-encerra-edicao-historica-em-tatui-e-reforca-forca-da-raca-no-brasil\/\" \/>\n<meta property=\"og:locale\" content=\"pt_BR\" \/>\n<meta property=\"og:type\" content=\"article\" \/>\n<meta property=\"og:title\" content=\"Nacional do Mangalarga encerra edi\u00e7\u00e3o hist\u00f3rica em Tatu\u00ed e refor\u00e7a for\u00e7a da ra\u00e7a no Brasil | Guia Comercial de Tatu\u00ed SP\" \/>\n<meta property=\"og:description\" content=\"Nacional do Mangalarga destaca campe\u00f5es e a for\u00e7a da ra\u00e7a no Brasil.\" \/>\n<meta property=\"og:url\" content=\"https:\/\/www.encontratatui.com.br\/guia\/nacional-do-mangalarga-encerra-edicao-historica-em-tatui-e-reforca-forca-da-raca-no-brasil\/\" \/>\n<meta property=\"og:site_name\" content=\"Guia Comercial de Tatu\u00ed SP\" \/>\n<meta property=\"article:published_time\" content=\"2026-07-14T15:55:35+00:00\" \/>\n<meta property=\"og:image\" content=\"https:\/\/www.encontratatui.com.br\/guia\/wp-content\/uploads\/2026\/07\/nacional-do-mangalarga-encerra-edicao-historica-em-tatui-e-reforca-forca-da-raca-no-brasil.webp\" \/>\n<meta name=\"author\" content=\"Encontra Tatu\u00ed\" \/>\n<meta name=\"twitter:card\" content=\"summary_large_image\" \/>\n<meta name=\"twitter:label1\" content=\"Escrito por\" \/>\n\t<meta name=\"twitter:data1\" content=\"Encontra Tatu\u00ed\" \/>\n\t<meta name=\"twitter:label2\" content=\"Est. tempo de leitura\" \/>\n\t<meta name=\"twitter:data2\" content=\"4 minutos\" \/>\n<script type=\"application\/ld+json\" class=\"yoast-schema-graph\">{\"@context\":\"https:\\\/\\\/schema.org\",\"@graph\":[{\"@type\":\"Article\",\"@id\":\"https:\\\/\\\/www.encontratatui.com.br\\\/guia\\\/nacional-do-mangalarga-encerra-edicao-historica-em-tatui-e-reforca-forca-da-raca-no-brasil\\\/#article\",\"isPartOf\":{\"@id\":\"https:\\\/\\\/www.encontratatui.com.br\\\/guia\\\/nacional-do-mangalarga-encerra-edicao-historica-em-tatui-e-reforca-forca-da-raca-no-brasil\\\/\"},\"author\":{\"name\":\"Encontra Tatu\u00ed\",\"@id\":\"https:\\\/\\\/www.encontratatui.com.br\\\/guia\\\/#\\\/schema\\\/person\\\/58bdf1fd3aa9b268c5f8255d8a6dbf25\"},\"headline\":\"Nacional do Mangalarga encerra edi\u00e7\u00e3o hist\u00f3rica em Tatu\u00ed e refor\u00e7a for\u00e7a da ra\u00e7a no Brasil\",\"datePublished\":\"2026-07-14T15:55:35+00:00\",\"mainEntityOfPage\":{\"@id\":\"https:\\\/\\\/www.encontratatui.com.br\\\/guia\\\/nacional-do-mangalarga-encerra-edicao-historica-em-tatui-e-reforca-forca-da-raca-no-brasil\\\/\"},\"wordCount\":817,\"commentCount\":0,\"image\":{\"@id\":\"https:\\\/\\\/www.encontratatui.com.br\\\/guia\\\/nacional-do-mangalarga-encerra-edicao-historica-em-tatui-e-reforca-forca-da-raca-no-brasil\\\/#primaryimage\"},\"thumbnailUrl\":\"https:\\\/\\\/www.encontratatui.com.br\\\/guia\\\/wp-content\\\/uploads\\\/2026\\\/07\\\/nacional-do-mangalarga-encerra-edicao-historica-em-tatui-e-reforca-forca-da-raca-no-brasil.webp\",\"articleSection\":[\"Eventos Tatu\u00ed\"],\"inLanguage\":\"pt-BR\",\"potentialAction\":[{\"@type\":\"CommentAction\",\"name\":\"Comment\",\"target\":[\"https:\\\/\\\/www.encontratatui.com.br\\\/guia\\\/nacional-do-mangalarga-encerra-edicao-historica-em-tatui-e-reforca-forca-da-raca-no-brasil\\\/#respond\"]}]},{\"@type\":\"WebPage\",\"@id\":\"https:\\\/\\\/www.encontratatui.com.br\\\/guia\\\/nacional-do-mangalarga-encerra-edicao-historica-em-tatui-e-reforca-forca-da-raca-no-brasil\\\/\",\"url\":\"https:\\\/\\\/www.encontratatui.com.br\\\/guia\\\/nacional-do-mangalarga-encerra-edicao-historica-em-tatui-e-reforca-forca-da-raca-no-brasil\\\/\",\"name\":\"Nacional do Mangalarga encerra edi\u00e7\u00e3o hist\u00f3rica em Tatu\u00ed e refor\u00e7a for\u00e7a da ra\u00e7a no Brasil | Guia Comercial de Tatu\u00ed SP\",\"isPartOf\":{\"@id\":\"https:\\\/\\\/www.encontratatui.com.br\\\/guia\\\/#website\"},\"primaryImageOfPage\":{\"@id\":\"https:\\\/\\\/www.encontratatui.com.br\\\/guia\\\/nacional-do-mangalarga-encerra-edicao-historica-em-tatui-e-reforca-forca-da-raca-no-brasil\\\/#primaryimage\"},\"image\":{\"@id\":\"https:\\\/\\\/www.encontratatui.com.br\\\/guia\\\/nacional-do-mangalarga-encerra-edicao-historica-em-tatui-e-reforca-forca-da-raca-no-brasil\\\/#primaryimage\"},\"thumbnailUrl\":\"https:\\\/\\\/www.encontratatui.com.br\\\/guia\\\/wp-content\\\/uploads\\\/2026\\\/07\\\/nacional-do-mangalarga-encerra-edicao-historica-em-tatui-e-reforca-forca-da-raca-no-brasil.webp\",\"datePublished\":\"2026-07-14T15:55:35+00:00\",\"author\":{\"@id\":\"https:\\\/\\\/www.encontratatui.com.br\\\/guia\\\/#\\\/schema\\\/person\\\/58bdf1fd3aa9b268c5f8255d8a6dbf25\"},\"inLanguage\":\"pt-BR\",\"potentialAction\":[{\"@type\":\"ReadAction\",\"target\":[\"https:\\\/\\\/www.encontratatui.com.br\\\/guia\\\/nacional-do-mangalarga-encerra-edicao-historica-em-tatui-e-reforca-forca-da-raca-no-brasil\\\/\"]}]},{\"@type\":\"ImageObject\",\"inLanguage\":\"pt-BR\",\"@id\":\"https:\\\/\\\/www.encontratatui.com.br\\\/guia\\\/nacional-do-mangalarga-encerra-edicao-historica-em-tatui-e-reforca-forca-da-raca-no-brasil\\\/#primaryimage\",\"url\":\"https:\\\/\\\/www.encontratatui.com.br\\\/guia\\\/wp-content\\\/uploads\\\/2026\\\/07\\\/nacional-do-mangalarga-encerra-edicao-historica-em-tatui-e-reforca-forca-da-raca-no-brasil.webp\",\"contentUrl\":\"https:\\\/\\\/www.encontratatui.com.br\\\/guia\\\/wp-content\\\/uploads\\\/2026\\\/07\\\/nacional-do-mangalarga-encerra-edicao-historica-em-tatui-e-reforca-forca-da-raca-no-brasil.webp\",\"width\":280,\"height\":280,\"caption\":\"Nacional do Mangalarga\"},{\"@type\":\"WebSite\",\"@id\":\"https:\\\/\\\/www.encontratatui.com.br\\\/guia\\\/#website\",\"url\":\"https:\\\/\\\/www.encontratatui.com.br\\\/guia\\\/\",\"name\":\"Guia Comercial de Tatu\u00ed SP\",\"description\":\"ENCONTRA TATU\u00cd - O guia comercial de neg\u00f3cios e empresas, cultura e divers\u00e3o na cidade de Tatu\u00ed. Feito 100% para voc\u00ea morador!\",\"potentialAction\":[{\"@type\":\"SearchAction\",\"target\":{\"@type\":\"EntryPoint\",\"urlTemplate\":\"https:\\\/\\\/www.encontratatui.com.br\\\/guia\\\/?s={search_term_string}\"},\"query-input\":{\"@type\":\"PropertyValueSpecification\",\"valueRequired\":true,\"valueName\":\"search_term_string\"}}],\"inLanguage\":\"pt-BR\"},{\"@type\":\"Person\",\"@id\":\"https:\\\/\\\/www.encontratatui.com.br\\\/guia\\\/#\\\/schema\\\/person\\\/58bdf1fd3aa9b268c5f8255d8a6dbf25\",\"name\":\"Encontra Tatu\u00ed\",\"image\":{\"@type\":\"ImageObject\",\"inLanguage\":\"pt-BR\",\"@id\":\"https:\\\/\\\/www.encontratatui.com.br\\\/guia\\\/wp-content\\\/litespeed\\\/avatar\\\/e92a756db1fc224ef50d2f00ed0d047a.jpg?ver=1788446156\",\"url\":\"https:\\\/\\\/www.encontratatui.com.br\\\/guia\\\/wp-content\\\/litespeed\\\/avatar\\\/e92a756db1fc224ef50d2f00ed0d047a.jpg?ver=1788446156\",\"contentUrl\":\"https:\\\/\\\/www.encontratatui.com.br\\\/guia\\\/wp-content\\\/litespeed\\\/avatar\\\/e92a756db1fc224ef50d2f00ed0d047a.jpg?ver=1788446156\",\"caption\":\"Encontra Tatu\u00ed\"},\"url\":\"https:\\\/\\\/www.encontratatui.com.br\\\/guia\\\/author\\\/encontratatui\\\/\"}]}<\/script>\n<!-- \/ Yoast SEO plugin. -->","yoast_head_json":{"title":"Nacional do Mangalarga encerra edi\u00e7\u00e3o hist\u00f3rica em Tatu\u00ed e refor\u00e7a for\u00e7a da ra\u00e7a no Brasil | Guia Comercial de Tatu\u00ed SP","robots":{"index":"index","follow":"follow","max-snippet":"max-snippet:-1","max-image-preview":"max-image-preview:large","max-video-preview":"max-video-preview:-1"},"canonical":"https:\/\/www.encontratatui.com.br\/guia\/nacional-do-mangalarga-encerra-edicao-historica-em-tatui-e-reforca-forca-da-raca-no-brasil\/","og_locale":"pt_BR","og_type":"article","og_title":"Nacional do Mangalarga encerra edi\u00e7\u00e3o hist\u00f3rica em Tatu\u00ed e refor\u00e7a for\u00e7a da ra\u00e7a no Brasil | Guia Comercial de Tatu\u00ed SP","og_description":"Nacional do Mangalarga destaca campe\u00f5es e a for\u00e7a da ra\u00e7a no Brasil.","og_url":"https:\/\/www.encontratatui.com.br\/guia\/nacional-do-mangalarga-encerra-edicao-historica-em-tatui-e-reforca-forca-da-raca-no-brasil\/","og_site_name":"Guia Comercial de Tatu\u00ed SP","article_published_time":"2026-07-14T15:55:35+00:00","og_image":[{"url":"https:\/\/www.encontratatui.com.br\/guia\/wp-content\/uploads\/2026\/07\/nacional-do-mangalarga-encerra-edicao-historica-em-tatui-e-reforca-forca-da-raca-no-brasil.webp","type":"","width":"","height":""}],"author":"Encontra Tatu\u00ed","twitter_card":"summary_large_image","twitter_misc":{"Escrito por":"Encontra Tatu\u00ed","Est. tempo de leitura":"4 minutos"},"schema":{"@context":"https:\/\/schema.org","@graph":[{"@type":"Article","@id":"https:\/\/www.encontratatui.com.br\/guia\/nacional-do-mangalarga-encerra-edicao-historica-em-tatui-e-reforca-forca-da-raca-no-brasil\/#article","isPartOf":{"@id":"https:\/\/www.encontratatui.com.br\/guia\/nacional-do-mangalarga-encerra-edicao-historica-em-tatui-e-reforca-forca-da-raca-no-brasil\/"},"author":{"name":"Encontra Tatu\u00ed","@id":"https:\/\/www.encontratatui.com.br\/guia\/#\/schema\/person\/58bdf1fd3aa9b268c5f8255d8a6dbf25"},"headline":"Nacional do Mangalarga encerra edi\u00e7\u00e3o hist\u00f3rica em Tatu\u00ed e refor\u00e7a for\u00e7a da ra\u00e7a no Brasil","datePublished":"2026-07-14T15:55:35+00:00","mainEntityOfPage":{"@id":"https:\/\/www.encontratatui.com.br\/guia\/nacional-do-mangalarga-encerra-edicao-historica-em-tatui-e-reforca-forca-da-raca-no-brasil\/"},"wordCount":817,"commentCount":0,"image":{"@id":"https:\/\/www.encontratatui.com.br\/guia\/nacional-do-mangalarga-encerra-edicao-historica-em-tatui-e-reforca-forca-da-raca-no-brasil\/#primaryimage"},"thumbnailUrl":"https:\/\/www.encontratatui.com.br\/guia\/wp-content\/uploads\/2026\/07\/nacional-do-mangalarga-encerra-edicao-historica-em-tatui-e-reforca-forca-da-raca-no-brasil.webp","articleSection":["Eventos Tatu\u00ed"],"inLanguage":"pt-BR","potentialAction":[{"@type":"CommentAction","name":"Comment","target":["https:\/\/www.encontratatui.com.br\/guia\/nacional-do-mangalarga-encerra-edicao-historica-em-tatui-e-reforca-forca-da-raca-no-brasil\/#respond"]}]},{"@type":"WebPage","@id":"https:\/\/www.encontratatui.com.br\/guia\/nacional-do-mangalarga-encerra-edicao-historica-em-tatui-e-reforca-forca-da-raca-no-brasil\/","url":"https:\/\/www.encontratatui.com.br\/guia\/nacional-do-mangalarga-encerra-edicao-historica-em-tatui-e-reforca-forca-da-raca-no-brasil\/","name":"Nacional do Mangalarga encerra edi\u00e7\u00e3o hist\u00f3rica em Tatu\u00ed e refor\u00e7a for\u00e7a da ra\u00e7a no Brasil | Guia Comercial de Tatu\u00ed SP","isPartOf":{"@id":"https:\/\/www.encontratatui.com.br\/guia\/#website"},"primaryImageOfPage":{"@id":"https:\/\/www.encontratatui.com.br\/guia\/nacional-do-mangalarga-encerra-edicao-historica-em-tatui-e-reforca-forca-da-raca-no-brasil\/#primaryimage"},"image":{"@id":"https:\/\/www.encontratatui.com.br\/guia\/nacional-do-mangalarga-encerra-edicao-historica-em-tatui-e-reforca-forca-da-raca-no-brasil\/#primaryimage"},"thumbnailUrl":"https:\/\/www.encontratatui.com.br\/guia\/wp-content\/uploads\/2026\/07\/nacional-do-mangalarga-encerra-edicao-historica-em-tatui-e-reforca-forca-da-raca-no-brasil.webp","datePublished":"2026-07-14T15:55:35+00:00","author":{"@id":"https:\/\/www.encontratatui.com.br\/guia\/#\/schema\/person\/58bdf1fd3aa9b268c5f8255d8a6dbf25"},"inLanguage":"pt-BR","potentialAction":[{"@type":"ReadAction","target":["https:\/\/www.encontratatui.com.br\/guia\/nacional-do-mangalarga-encerra-edicao-historica-em-tatui-e-reforca-forca-da-raca-no-brasil\/"]}]},{"@type":"ImageObject","inLanguage":"pt-BR","@id":"https:\/\/www.encontratatui.com.br\/guia\/nacional-do-mangalarga-encerra-edicao-historica-em-tatui-e-reforca-forca-da-raca-no-brasil\/#primaryimage","url":"https:\/\/www.encontratatui.com.br\/guia\/wp-content\/uploads\/2026\/07\/nacional-do-mangalarga-encerra-edicao-historica-em-tatui-e-reforca-forca-da-raca-no-brasil.webp","contentUrl":"https:\/\/www.encontratatui.com.br\/guia\/wp-content\/uploads\/2026\/07\/nacional-do-mangalarga-encerra-edicao-historica-em-tatui-e-reforca-forca-da-raca-no-brasil.webp","width":280,"height":280,"caption":"Nacional do Mangalarga"},{"@type":"WebSite","@id":"https:\/\/www.encontratatui.com.br\/guia\/#website","url":"https:\/\/www.encontratatui.com.br\/guia\/","name":"Guia Comercial de Tatu\u00ed SP","description":"ENCONTRA TATU\u00cd - O guia comercial de neg\u00f3cios e empresas, cultura e divers\u00e3o na cidade de Tatu\u00ed. Feito 100% para voc\u00ea morador!","potentialAction":[{"@type":"SearchAction","target":{"@type":"EntryPoint","urlTemplate":"https:\/\/www.encontratatui.com.br\/guia\/?s={search_term_string}"},"query-input":{"@type":"PropertyValueSpecification","valueRequired":true,"valueName":"search_term_string"}}],"inLanguage":"pt-BR"},{"@type":"Person","@id":"https:\/\/www.encontratatui.com.br\/guia\/#\/schema\/person\/58bdf1fd3aa9b268c5f8255d8a6dbf25","name":"Encontra Tatu\u00ed","image":{"@type":"ImageObject","inLanguage":"pt-BR","@id":"https:\/\/www.encontratatui.com.br\/guia\/wp-content\/litespeed\/avatar\/e92a756db1fc224ef50d2f00ed0d047a.jpg?ver=1788446156","url":"https:\/\/www.encontratatui.com.br\/guia\/wp-content\/litespeed\/avatar\/e92a756db1fc224ef50d2f00ed0d047a.jpg?ver=1788446156","contentUrl":"https:\/\/www.encontratatui.com.br\/guia\/wp-content\/litespeed\/avatar\/e92a756db1fc224ef50d2f00ed0d047a.jpg?ver=1788446156","caption":"Encontra Tatu\u00ed"},"url":"https:\/\/www.encontratatui.com.br\/guia\/author\/encontratatui\/"}]}},"_links":{"self":[{"href":"https:\/\/www.encontratatui.com.br\/guia\/wp-json\/wp\/v2\/posts\/5626","targetHints":{"allow":["GET"]}}],"collection":[{"href":"https:\/\/www.encontratatui.com.br\/guia\/wp-json\/wp\/v2\/posts"}],"about":[{"href":"https:\/\/www.encontratatui.com.br\/guia\/wp-json\/wp\/v2\/types\/post"}],"author":[{"embeddable":true,"href":"https:\/\/www.encontratatui.com.br\/guia\/wp-json\/wp\/v2\/users\/1"}],"replies":[{"embeddable":true,"href":"https:\/\/www.encontratatui.com.br\/guia\/wp-json\/wp\/v2\/comments?post=5626"}],"version-history":[{"count":0,"href":"https:\/\/www.encontratatui.com.br\/guia\/wp-json\/wp\/v2\/posts\/5626\/revisions"}],"wp:featuredmedia":[{"embeddable":true,"href":"https:\/\/www.encontratatui.com.br\/guia\/wp-json\/wp\/v2\/media\/5625"}],"wp:attachment":[{"href":"https:\/\/www.encontratatui.com.br\/guia\/wp-json\/wp\/v2\/media?parent=5626"}],"wp:term":[{"taxonomy":"category","embeddable":true,"href":"https:\/\/www.encontratatui.com.br\/guia\/wp-json\/wp\/v2\/categories?post=5626"},{"taxonomy":"post_tag","embeddable":true,"href":"https:\/\/www.encontratatui.com.br\/guia\/wp-json\/wp\/v2\/tags?post=5626"}],"curies":[{"name":"wp","href":"https:\/\/api.w.org\/{rel}","templated":true}]}}