{"id":5607,"date":"2026-07-11T06:03:23","date_gmt":"2026-07-11T09:03:23","guid":{"rendered":"https:\/\/www.encontratatui.com.br\/guia\/12a-feira-do-doce-de-tatui-segue-ate-22h-na-praca-da-matriz\/"},"modified":"2026-07-11T06:03:23","modified_gmt":"2026-07-11T09:03:23","slug":"12a-feira-do-doce-de-tatui-segue-ate-22h-na-praca-da-matriz","status":"publish","type":"post","link":"https:\/\/www.encontratatui.com.br\/guia\/12a-feira-do-doce-de-tatui-segue-ate-22h-na-praca-da-matriz\/","title":{"rendered":"12\u00aa Feira do Doce de Tatu\u00ed segue at\u00e9 22h na Pra\u00e7a da Matriz"},"content":{"rendered":"<h2>Gastronomia Diversificada<\/h2>\n<p>A 12\u00aa Feira do Doce de Tatu\u00ed \u00e9 uma verdadeira celebra\u00e7\u00e3o da gastronomia, oferecendo uma ampla variedade de op\u00e7\u00f5es que encantam os visitantes. Desde doces tradicionais da regi\u00e3o at\u00e9 del\u00edcias contempor\u00e2neas, a feira apresenta iguarias que agradam a todos os paladares. As barracas s\u00e3o adornadas com produtos artesanais, como doces caseiros, chocolates e guloseimas de todos os tipos, destacando a riqueza cultural e a criatividade dos produtores locais.<\/p>\n<p>Entre as op\u00e7\u00f5es, \u00e9 poss\u00edvel encontrar del\u00edcias como:<\/p>\n<ul>\n<li><strong>Doces Artesanais:<\/strong> Preparados com ingredientes locais, trazendo um sabor aut\u00eantico.<\/li>\n<li><strong>Chocolates Gourmet:<\/strong> Feitos por chocolatiers da regi\u00e3o, com combina\u00e7\u00f5es inusitadas.<\/li>\n<li><strong>Guloseimas T\u00edpicas:<\/strong> Como p\u00e9 de moleque, rapadura e cocada, que encantam os mais nost\u00e1lgicos.<\/li>\n<li><strong>Bebidas Regionais:<\/strong> Sucos e licores que complementam a experi\u00eancia gastron\u00f4mica.<\/li>\n<\/ul>\n<p>Essas op\u00e7\u00f5es n\u00e3o s\u00f3 celebram a do\u00e7ura, mas tamb\u00e9m a diversidade culin\u00e1ria do interior paulista, fazendo da feira um verdadeiro deleite para os amantes da boa comida.<\/p>\n<p><img decoding=\"async\" src=\"https:\/\/www.encontratatui.com.br\/guia\/wp-content\/uploads\/2026\/07\/12-feira-do-doce-de-tatui-segue-ate-22h-na-praca-da-matriz.webp\" alt=\"12\u00aa Feira do Doce de Tatu\u00ed\" loading=\"lazy\" \/><\/p>\n<h2>Programa\u00e7\u00e3o Especial para o P\u00fablico<\/h2>\n<p>Al\u00e9m das del\u00edcias gastron\u00f4micas, a 12\u00aa Feira do Doce de Tatu\u00ed conta com uma programa\u00e7\u00e3o variada que inclui atra\u00e7\u00f5es musicais, apresenta\u00e7\u00f5es art\u00edsticas e atividades para crian\u00e7as. Essa combina\u00e7\u00e3o faz com que o evento seja uma experi\u00eancia completa para todas as idades.<\/p>\n<ul>\n<li><strong>M\u00fasica Ao Vivo:<\/strong> Bandas locais se apresentam em palcos montados na pra\u00e7a, proporcionando entretenimento de qualidade.<\/li>\n<li><strong>Atividades Infantis:<\/strong> Espa\u00e7os dedicados para a divers\u00e3o das crian\u00e7as, com jogos e brincadeiras.<\/li>\n<li><strong>Workshops:<\/strong> Aulas sobre a hist\u00f3ria da confeitaria regional e dicas para preparar os doces mais populares.<\/li>\n<\/ul>\n<p>Essas iniciativas tornam a feira um ponto de encontro para fam\u00edlias e amigos, promovendo a cultura da cidade e a intera\u00e7\u00e3o social entre os visitantes.<\/p>\n<h2>Localiza\u00e7\u00e3o do Evento<\/h2>\n<p>A feira est\u00e1 situada na Pra\u00e7a da Matriz de Tatu\u00ed, um local central e de f\u00e1cil acesso. A pra\u00e7a \u00e9 frequentemente utilizada para eventos culturais, o que a torna um cen\u00e1rio ideal para esta celebra\u00e7\u00e3o gastron\u00f4mica. A localiza\u00e7\u00e3o favorece um grande fluxo de visitantes, permitindo que tanto moradores quanto turistas aproveitem a festa.<\/p>\n<h2>Hist\u00f3ria da Feira do Doce<\/h2>\n<p>A Feira do Doce de Tatu\u00ed tem uma hist\u00f3ria rica que remonta a v\u00e1rias edi\u00e7\u00f5es anteriores. Desde sua primeira realiza\u00e7\u00e3o, o evento tem como objetivo valorizar a tradi\u00e7\u00e3o da do\u00e7aria local e promover os produtores artesanais. A feira surgiu como uma forma de resgatar e preservar as receitas antigas que fazem parte da cultura regional, atraindo assim um p\u00fablico cada vez maior a cada edi\u00e7\u00e3o.<\/p>\n<h2>O Que Fazer na Pra\u00e7a da Matriz<\/h2>\n<p>Durante a 12\u00aa Feira do Doce, a Pra\u00e7a da Matriz se transforma em um espa\u00e7o vibrante, oferecendo muito mais do que apenas del\u00edcias doces. Al\u00e9m de degustar as iguarias, os visitantes podem:<\/p>\n<ul>\n<li><strong>Explorar Stands de Artesanato:<\/strong> Conhecer o trabalho de artistas e artes\u00e3os locais.<\/li>\n<li><strong>Participar de Apresenta\u00e7\u00f5es Culturais:<\/strong> Assistir a dan\u00e7as e pe\u00e7as teatrais que refletem a cultura da regi\u00e3o.<\/li>\n<li><strong>Socializar:<\/strong> Aproveitar o espa\u00e7o para reunir amigos e familiares em um ambiente festivo.<\/li>\n<\/ul>\n<h2>Hor\u00e1rios e Atra\u00e7\u00f5es<\/h2>\n<p>A 12\u00aa Feira do Doce de Tatu\u00ed acontece durante um per\u00edodo espec\u00edfico, proporcionando hor\u00e1rios flex\u00edveis para que todos possam participa. O evento est\u00e1 programado para se estender at\u00e9 \u00e0s 22h, garantindo que as pessoas possam aproveitar ao m\u00e1ximo as del\u00edcias e atra\u00e7\u00f5es. As atra\u00e7\u00f5es variam ao longo do evento, com programa\u00e7\u00e3o que inclui desde shows at\u00e9 apresenta\u00e7\u00f5es culturais, mantendo sempre o entretenimento em alta.<\/p>\n<h2>Seguran\u00e7a e Conforto<\/h2>\n<p>A organiza\u00e7\u00e3o do evento se preocupa em garantir um ambiente seguro e confort\u00e1vel para todos os frequentadores. Um esquema de seguran\u00e7a est\u00e1 montado para que os visitantes transitem com tranquilidade, e medidas sanit\u00e1rias s\u00e3o implementadas para preservar a sa\u00fade do p\u00fablico. Banheiros e \u00e1reas de descanso tamb\u00e9m s\u00e3o disponibilizados, garantindo uma experi\u00eancia agrad\u00e1vel e sem preocupa\u00e7\u00f5es.<\/p>\n<h2>Como Chegar \u00e0 Feira<\/h2>\n<p>Chegar \u00e0 12\u00aa Feira do Doce de Tatu\u00ed \u00e9 f\u00e1cil e conveniente. A pra\u00e7a est\u00e1 localizada em uma \u00e1rea de f\u00e1cil acesso, com op\u00e7\u00f5es de transporte p\u00fablico e estacionamento adequados nas proximidades. Para aqueles que preferem o transporte p\u00fablico, linhas de \u00f4nibus atendem a regi\u00e3o, permitindo que muitos visitantes acessem o evento sem dificuldades. Se optar por ir de carro, h\u00e1 estacionamentos nas redondezas que facilitam a chegada.<\/p>\n<h2>Dicas para Aproveitar ao M\u00e1ximo<\/h2>\n<p>Para garantir que os visitantes desfrutem plenamente da 12\u00aa Feira do Doce, algumas dicas podem ser \u00fateis:<\/p>\n<ul>\n<li><strong>Chegue Cedo:<\/strong> Assim voc\u00ea tem mais tempo para explorar as barracas e experimentar diversos pratos.<\/li>\n<li><strong>Experimente Tudo:<\/strong> N\u00e3o se restrinja apenas aos doces; experimente tamb\u00e9m as op\u00e7\u00f5es salgadas.<\/li>\n<li><strong>Leve Dinheiro Vivo:<\/strong> Apesar de algumas barracas aceitarem cart\u00f5es, \u00e9 sempre bom ter dinheiro em m\u00e3os.<\/li>\n<li><strong>Participe das Atividades:<\/strong> Envolva-se nas apresenta\u00e7\u00f5es e workshops para enriquecer sua experi\u00eancia.<\/li>\n<\/ul>\n<h2>A Import\u00e2ncia Cultural da Feira<\/h2>\n<p>A 12\u00aa Feira do Doce n\u00e3o \u00e9 apenas um evento gastron\u00f4mico, mas tamb\u00e9m uma celebra\u00e7\u00e3o da cultura de Tatu\u00ed. Ela desempenha um papel fundamental na preserva\u00e7\u00e3o das tradi\u00e7\u00f5es locais e na promo\u00e7\u00e3o dos sabores da regi\u00e3o. A feira proporciona aos participantes um espa\u00e7o de conv\u00edvio, onde se pode aprender, apreciar e se conectar com a hist\u00f3ria e as ra\u00edzes da cidade.<\/p>\n<p>Este evento estimula a economia local, ajuda a fortalecer la\u00e7os comunit\u00e1rios e contribui para atrair turistas que v\u00eam de longe para experimentar a riqueza cultural de Tatu\u00ed. Assim, a Feira do Doce \u00e9 mais do que um simples festival: \u00e9 um verdadeiro patrim\u00f4nio cultural que merece ser celebrado e preservado.<\/p>\n","protected":false},"excerpt":{"rendered":"<p>A 12\u00aa Feira do Doce de Tatu\u00ed traz op\u00e7\u00f5es incr\u00edveis at\u00e9 22h.<\/p>\n","protected":false},"author":1,"featured_media":5606,"comment_status":"open","ping_status":"open","sticky":false,"template":"","format":"standard","meta":{"footnotes":""},"categories":[897],"tags":[],"class_list":["post-5607","post","type-post","status-publish","format-standard","has-post-thumbnail","hentry","category-eventos","has_thumb"],"yoast_head":"<!-- This site is optimized with the Yoast SEO plugin v28.1 - https:\/\/yoast.com\/product\/yoast-seo-wordpress\/ -->\n<title>12\u00aa Feira do Doce de Tatu\u00ed segue at\u00e9 22h na Pra\u00e7a da Matriz | Guia Comercial de Tatu\u00ed SP<\/title>\n<meta name=\"robots\" content=\"index, follow, max-snippet:-1, max-image-preview:large, max-video-preview:-1\" \/>\n<link rel=\"canonical\" href=\"https:\/\/www.encontratatui.com.br\/guia\/12a-feira-do-doce-de-tatui-segue-ate-22h-na-praca-da-matriz\/\" \/>\n<meta property=\"og:locale\" content=\"pt_BR\" \/>\n<meta property=\"og:type\" content=\"article\" \/>\n<meta property=\"og:title\" content=\"12\u00aa Feira do Doce de Tatu\u00ed segue at\u00e9 22h na Pra\u00e7a da Matriz | Guia Comercial de Tatu\u00ed SP\" \/>\n<meta property=\"og:description\" content=\"A 12\u00aa Feira do Doce de Tatu\u00ed traz op\u00e7\u00f5es incr\u00edveis at\u00e9 22h.\" \/>\n<meta property=\"og:url\" content=\"https:\/\/www.encontratatui.com.br\/guia\/12a-feira-do-doce-de-tatui-segue-ate-22h-na-praca-da-matriz\/\" \/>\n<meta property=\"og:site_name\" content=\"Guia Comercial de Tatu\u00ed SP\" \/>\n<meta property=\"article:published_time\" content=\"2026-07-11T09:03:23+00:00\" \/>\n<meta property=\"og:image\" content=\"https:\/\/www.encontratatui.com.br\/guia\/wp-content\/uploads\/2026\/07\/12-feira-do-doce-de-tatui-segue-ate-22h-na-praca-da-matriz.webp\" \/>\n<meta name=\"author\" content=\"Encontra Tatu\u00ed\" \/>\n<meta name=\"twitter:card\" content=\"summary_large_image\" \/>\n<meta name=\"twitter:label1\" content=\"Escrito por\" \/>\n\t<meta name=\"twitter:data1\" content=\"Encontra Tatu\u00ed\" \/>\n\t<meta name=\"twitter:label2\" content=\"Est. tempo de leitura\" \/>\n\t<meta name=\"twitter:data2\" content=\"5 minutos\" \/>\n<script type=\"application\/ld+json\" class=\"yoast-schema-graph\">{\"@context\":\"https:\\\/\\\/schema.org\",\"@graph\":[{\"@type\":\"Article\",\"@id\":\"https:\\\/\\\/www.encontratatui.com.br\\\/guia\\\/12a-feira-do-doce-de-tatui-segue-ate-22h-na-praca-da-matriz\\\/#article\",\"isPartOf\":{\"@id\":\"https:\\\/\\\/www.encontratatui.com.br\\\/guia\\\/12a-feira-do-doce-de-tatui-segue-ate-22h-na-praca-da-matriz\\\/\"},\"author\":{\"name\":\"Encontra Tatu\u00ed\",\"@id\":\"https:\\\/\\\/www.encontratatui.com.br\\\/guia\\\/#\\\/schema\\\/person\\\/58bdf1fd3aa9b268c5f8255d8a6dbf25\"},\"headline\":\"12\u00aa Feira do Doce de Tatu\u00ed segue at\u00e9 22h na Pra\u00e7a da Matriz\",\"datePublished\":\"2026-07-11T09:03:23+00:00\",\"mainEntityOfPage\":{\"@id\":\"https:\\\/\\\/www.encontratatui.com.br\\\/guia\\\/12a-feira-do-doce-de-tatui-segue-ate-22h-na-praca-da-matriz\\\/\"},\"wordCount\":985,\"commentCount\":0,\"image\":{\"@id\":\"https:\\\/\\\/www.encontratatui.com.br\\\/guia\\\/12a-feira-do-doce-de-tatui-segue-ate-22h-na-praca-da-matriz\\\/#primaryimage\"},\"thumbnailUrl\":\"https:\\\/\\\/www.encontratatui.com.br\\\/guia\\\/wp-content\\\/uploads\\\/2026\\\/07\\\/12-feira-do-doce-de-tatui-segue-ate-22h-na-praca-da-matriz.webp\",\"articleSection\":[\"Eventos Tatu\u00ed\"],\"inLanguage\":\"pt-BR\",\"potentialAction\":[{\"@type\":\"CommentAction\",\"name\":\"Comment\",\"target\":[\"https:\\\/\\\/www.encontratatui.com.br\\\/guia\\\/12a-feira-do-doce-de-tatui-segue-ate-22h-na-praca-da-matriz\\\/#respond\"]}]},{\"@type\":\"WebPage\",\"@id\":\"https:\\\/\\\/www.encontratatui.com.br\\\/guia\\\/12a-feira-do-doce-de-tatui-segue-ate-22h-na-praca-da-matriz\\\/\",\"url\":\"https:\\\/\\\/www.encontratatui.com.br\\\/guia\\\/12a-feira-do-doce-de-tatui-segue-ate-22h-na-praca-da-matriz\\\/\",\"name\":\"12\u00aa Feira do Doce de Tatu\u00ed segue at\u00e9 22h na Pra\u00e7a da Matriz | Guia Comercial de Tatu\u00ed SP\",\"isPartOf\":{\"@id\":\"https:\\\/\\\/www.encontratatui.com.br\\\/guia\\\/#website\"},\"primaryImageOfPage\":{\"@id\":\"https:\\\/\\\/www.encontratatui.com.br\\\/guia\\\/12a-feira-do-doce-de-tatui-segue-ate-22h-na-praca-da-matriz\\\/#primaryimage\"},\"image\":{\"@id\":\"https:\\\/\\\/www.encontratatui.com.br\\\/guia\\\/12a-feira-do-doce-de-tatui-segue-ate-22h-na-praca-da-matriz\\\/#primaryimage\"},\"thumbnailUrl\":\"https:\\\/\\\/www.encontratatui.com.br\\\/guia\\\/wp-content\\\/uploads\\\/2026\\\/07\\\/12-feira-do-doce-de-tatui-segue-ate-22h-na-praca-da-matriz.webp\",\"datePublished\":\"2026-07-11T09:03:23+00:00\",\"author\":{\"@id\":\"https:\\\/\\\/www.encontratatui.com.br\\\/guia\\\/#\\\/schema\\\/person\\\/58bdf1fd3aa9b268c5f8255d8a6dbf25\"},\"inLanguage\":\"pt-BR\",\"potentialAction\":[{\"@type\":\"ReadAction\",\"target\":[\"https:\\\/\\\/www.encontratatui.com.br\\\/guia\\\/12a-feira-do-doce-de-tatui-segue-ate-22h-na-praca-da-matriz\\\/\"]}]},{\"@type\":\"ImageObject\",\"inLanguage\":\"pt-BR\",\"@id\":\"https:\\\/\\\/www.encontratatui.com.br\\\/guia\\\/12a-feira-do-doce-de-tatui-segue-ate-22h-na-praca-da-matriz\\\/#primaryimage\",\"url\":\"https:\\\/\\\/www.encontratatui.com.br\\\/guia\\\/wp-content\\\/uploads\\\/2026\\\/07\\\/12-feira-do-doce-de-tatui-segue-ate-22h-na-praca-da-matriz.webp\",\"contentUrl\":\"https:\\\/\\\/www.encontratatui.com.br\\\/guia\\\/wp-content\\\/uploads\\\/2026\\\/07\\\/12-feira-do-doce-de-tatui-segue-ate-22h-na-praca-da-matriz.webp\",\"width\":280,\"height\":280,\"caption\":\"12\u00aa Feira do Doce de Tatu\u00ed\"},{\"@type\":\"WebSite\",\"@id\":\"https:\\\/\\\/www.encontratatui.com.br\\\/guia\\\/#website\",\"url\":\"https:\\\/\\\/www.encontratatui.com.br\\\/guia\\\/\",\"name\":\"Guia Comercial de Tatu\u00ed SP\",\"description\":\"ENCONTRA TATU\u00cd - O guia comercial de neg\u00f3cios e empresas, cultura e divers\u00e3o na cidade de Tatu\u00ed. Feito 100% para voc\u00ea morador!\",\"potentialAction\":[{\"@type\":\"SearchAction\",\"target\":{\"@type\":\"EntryPoint\",\"urlTemplate\":\"https:\\\/\\\/www.encontratatui.com.br\\\/guia\\\/?s={search_term_string}\"},\"query-input\":{\"@type\":\"PropertyValueSpecification\",\"valueRequired\":true,\"valueName\":\"search_term_string\"}}],\"inLanguage\":\"pt-BR\"},{\"@type\":\"Person\",\"@id\":\"https:\\\/\\\/www.encontratatui.com.br\\\/guia\\\/#\\\/schema\\\/person\\\/58bdf1fd3aa9b268c5f8255d8a6dbf25\",\"name\":\"Encontra Tatu\u00ed\",\"image\":{\"@type\":\"ImageObject\",\"inLanguage\":\"pt-BR\",\"@id\":\"https:\\\/\\\/www.encontratatui.com.br\\\/guia\\\/wp-content\\\/litespeed\\\/avatar\\\/e92a756db1fc224ef50d2f00ed0d047a.jpg?ver=1788446156\",\"url\":\"https:\\\/\\\/www.encontratatui.com.br\\\/guia\\\/wp-content\\\/litespeed\\\/avatar\\\/e92a756db1fc224ef50d2f00ed0d047a.jpg?ver=1788446156\",\"contentUrl\":\"https:\\\/\\\/www.encontratatui.com.br\\\/guia\\\/wp-content\\\/litespeed\\\/avatar\\\/e92a756db1fc224ef50d2f00ed0d047a.jpg?ver=1788446156\",\"caption\":\"Encontra Tatu\u00ed\"},\"url\":\"https:\\\/\\\/www.encontratatui.com.br\\\/guia\\\/author\\\/encontratatui\\\/\"}]}<\/script>\n<!-- \/ Yoast SEO plugin. -->","yoast_head_json":{"title":"12\u00aa Feira do Doce de Tatu\u00ed segue at\u00e9 22h na Pra\u00e7a da Matriz | Guia Comercial de Tatu\u00ed SP","robots":{"index":"index","follow":"follow","max-snippet":"max-snippet:-1","max-image-preview":"max-image-preview:large","max-video-preview":"max-video-preview:-1"},"canonical":"https:\/\/www.encontratatui.com.br\/guia\/12a-feira-do-doce-de-tatui-segue-ate-22h-na-praca-da-matriz\/","og_locale":"pt_BR","og_type":"article","og_title":"12\u00aa Feira do Doce de Tatu\u00ed segue at\u00e9 22h na Pra\u00e7a da Matriz | Guia Comercial de Tatu\u00ed SP","og_description":"A 12\u00aa Feira do Doce de Tatu\u00ed traz op\u00e7\u00f5es incr\u00edveis at\u00e9 22h.","og_url":"https:\/\/www.encontratatui.com.br\/guia\/12a-feira-do-doce-de-tatui-segue-ate-22h-na-praca-da-matriz\/","og_site_name":"Guia Comercial de Tatu\u00ed SP","article_published_time":"2026-07-11T09:03:23+00:00","og_image":[{"url":"https:\/\/www.encontratatui.com.br\/guia\/wp-content\/uploads\/2026\/07\/12-feira-do-doce-de-tatui-segue-ate-22h-na-praca-da-matriz.webp","type":"","width":"","height":""}],"author":"Encontra Tatu\u00ed","twitter_card":"summary_large_image","twitter_misc":{"Escrito por":"Encontra Tatu\u00ed","Est. tempo de leitura":"5 minutos"},"schema":{"@context":"https:\/\/schema.org","@graph":[{"@type":"Article","@id":"https:\/\/www.encontratatui.com.br\/guia\/12a-feira-do-doce-de-tatui-segue-ate-22h-na-praca-da-matriz\/#article","isPartOf":{"@id":"https:\/\/www.encontratatui.com.br\/guia\/12a-feira-do-doce-de-tatui-segue-ate-22h-na-praca-da-matriz\/"},"author":{"name":"Encontra Tatu\u00ed","@id":"https:\/\/www.encontratatui.com.br\/guia\/#\/schema\/person\/58bdf1fd3aa9b268c5f8255d8a6dbf25"},"headline":"12\u00aa Feira do Doce de Tatu\u00ed segue at\u00e9 22h na Pra\u00e7a da Matriz","datePublished":"2026-07-11T09:03:23+00:00","mainEntityOfPage":{"@id":"https:\/\/www.encontratatui.com.br\/guia\/12a-feira-do-doce-de-tatui-segue-ate-22h-na-praca-da-matriz\/"},"wordCount":985,"commentCount":0,"image":{"@id":"https:\/\/www.encontratatui.com.br\/guia\/12a-feira-do-doce-de-tatui-segue-ate-22h-na-praca-da-matriz\/#primaryimage"},"thumbnailUrl":"https:\/\/www.encontratatui.com.br\/guia\/wp-content\/uploads\/2026\/07\/12-feira-do-doce-de-tatui-segue-ate-22h-na-praca-da-matriz.webp","articleSection":["Eventos Tatu\u00ed"],"inLanguage":"pt-BR","potentialAction":[{"@type":"CommentAction","name":"Comment","target":["https:\/\/www.encontratatui.com.br\/guia\/12a-feira-do-doce-de-tatui-segue-ate-22h-na-praca-da-matriz\/#respond"]}]},{"@type":"WebPage","@id":"https:\/\/www.encontratatui.com.br\/guia\/12a-feira-do-doce-de-tatui-segue-ate-22h-na-praca-da-matriz\/","url":"https:\/\/www.encontratatui.com.br\/guia\/12a-feira-do-doce-de-tatui-segue-ate-22h-na-praca-da-matriz\/","name":"12\u00aa Feira do Doce de Tatu\u00ed segue at\u00e9 22h na Pra\u00e7a da Matriz | Guia Comercial de Tatu\u00ed SP","isPartOf":{"@id":"https:\/\/www.encontratatui.com.br\/guia\/#website"},"primaryImageOfPage":{"@id":"https:\/\/www.encontratatui.com.br\/guia\/12a-feira-do-doce-de-tatui-segue-ate-22h-na-praca-da-matriz\/#primaryimage"},"image":{"@id":"https:\/\/www.encontratatui.com.br\/guia\/12a-feira-do-doce-de-tatui-segue-ate-22h-na-praca-da-matriz\/#primaryimage"},"thumbnailUrl":"https:\/\/www.encontratatui.com.br\/guia\/wp-content\/uploads\/2026\/07\/12-feira-do-doce-de-tatui-segue-ate-22h-na-praca-da-matriz.webp","datePublished":"2026-07-11T09:03:23+00:00","author":{"@id":"https:\/\/www.encontratatui.com.br\/guia\/#\/schema\/person\/58bdf1fd3aa9b268c5f8255d8a6dbf25"},"inLanguage":"pt-BR","potentialAction":[{"@type":"ReadAction","target":["https:\/\/www.encontratatui.com.br\/guia\/12a-feira-do-doce-de-tatui-segue-ate-22h-na-praca-da-matriz\/"]}]},{"@type":"ImageObject","inLanguage":"pt-BR","@id":"https:\/\/www.encontratatui.com.br\/guia\/12a-feira-do-doce-de-tatui-segue-ate-22h-na-praca-da-matriz\/#primaryimage","url":"https:\/\/www.encontratatui.com.br\/guia\/wp-content\/uploads\/2026\/07\/12-feira-do-doce-de-tatui-segue-ate-22h-na-praca-da-matriz.webp","contentUrl":"https:\/\/www.encontratatui.com.br\/guia\/wp-content\/uploads\/2026\/07\/12-feira-do-doce-de-tatui-segue-ate-22h-na-praca-da-matriz.webp","width":280,"height":280,"caption":"12\u00aa Feira do Doce de Tatu\u00ed"},{"@type":"WebSite","@id":"https:\/\/www.encontratatui.com.br\/guia\/#website","url":"https:\/\/www.encontratatui.com.br\/guia\/","name":"Guia Comercial de Tatu\u00ed SP","description":"ENCONTRA TATU\u00cd - O guia comercial de neg\u00f3cios e empresas, cultura e divers\u00e3o na cidade de Tatu\u00ed. Feito 100% para voc\u00ea morador!","potentialAction":[{"@type":"SearchAction","target":{"@type":"EntryPoint","urlTemplate":"https:\/\/www.encontratatui.com.br\/guia\/?s={search_term_string}"},"query-input":{"@type":"PropertyValueSpecification","valueRequired":true,"valueName":"search_term_string"}}],"inLanguage":"pt-BR"},{"@type":"Person","@id":"https:\/\/www.encontratatui.com.br\/guia\/#\/schema\/person\/58bdf1fd3aa9b268c5f8255d8a6dbf25","name":"Encontra Tatu\u00ed","image":{"@type":"ImageObject","inLanguage":"pt-BR","@id":"https:\/\/www.encontratatui.com.br\/guia\/wp-content\/litespeed\/avatar\/e92a756db1fc224ef50d2f00ed0d047a.jpg?ver=1788446156","url":"https:\/\/www.encontratatui.com.br\/guia\/wp-content\/litespeed\/avatar\/e92a756db1fc224ef50d2f00ed0d047a.jpg?ver=1788446156","contentUrl":"https:\/\/www.encontratatui.com.br\/guia\/wp-content\/litespeed\/avatar\/e92a756db1fc224ef50d2f00ed0d047a.jpg?ver=1788446156","caption":"Encontra Tatu\u00ed"},"url":"https:\/\/www.encontratatui.com.br\/guia\/author\/encontratatui\/"}]}},"_links":{"self":[{"href":"https:\/\/www.encontratatui.com.br\/guia\/wp-json\/wp\/v2\/posts\/5607","targetHints":{"allow":["GET"]}}],"collection":[{"href":"https:\/\/www.encontratatui.com.br\/guia\/wp-json\/wp\/v2\/posts"}],"about":[{"href":"https:\/\/www.encontratatui.com.br\/guia\/wp-json\/wp\/v2\/types\/post"}],"author":[{"embeddable":true,"href":"https:\/\/www.encontratatui.com.br\/guia\/wp-json\/wp\/v2\/users\/1"}],"replies":[{"embeddable":true,"href":"https:\/\/www.encontratatui.com.br\/guia\/wp-json\/wp\/v2\/comments?post=5607"}],"version-history":[{"count":0,"href":"https:\/\/www.encontratatui.com.br\/guia\/wp-json\/wp\/v2\/posts\/5607\/revisions"}],"wp:featuredmedia":[{"embeddable":true,"href":"https:\/\/www.encontratatui.com.br\/guia\/wp-json\/wp\/v2\/media\/5606"}],"wp:attachment":[{"href":"https:\/\/www.encontratatui.com.br\/guia\/wp-json\/wp\/v2\/media?parent=5607"}],"wp:term":[{"taxonomy":"category","embeddable":true,"href":"https:\/\/www.encontratatui.com.br\/guia\/wp-json\/wp\/v2\/categories?post=5607"},{"taxonomy":"post_tag","embeddable":true,"href":"https:\/\/www.encontratatui.com.br\/guia\/wp-json\/wp\/v2\/tags?post=5607"}],"curies":[{"name":"wp","href":"https:\/\/api.w.org\/{rel}","templated":true}]}}