{"id":5595,"date":"2026-07-09T06:12:49","date_gmt":"2026-07-09T09:12:49","guid":{"rendered":"https:\/\/www.encontratatui.com.br\/guia\/agenda-cultural-destaca-a-12a-feira-do-doce-de-tatui\/"},"modified":"2026-07-09T06:12:49","modified_gmt":"2026-07-09T09:12:49","slug":"agenda-cultural-destaca-a-12a-feira-do-doce-de-tatui","status":"publish","type":"post","link":"https:\/\/www.encontratatui.com.br\/guia\/agenda-cultural-destaca-a-12a-feira-do-doce-de-tatui\/","title":{"rendered":"Agenda Cultural destaca a 12\u00aa Feira do Doce de Tatu\u00ed"},"content":{"rendered":"<h2>O que esperar da 12\u00aa Feira do Doce de Tatu\u00ed<\/h2>\n<p>A 12\u00aa Feira do Doce de Tatu\u00ed promete ser um evento imperd\u00edvel para todos os amantes de doces e cultura. Durante o evento, os visitantes ter\u00e3o a oportunidade de experimentar uma grande variedade de iguarias, todas confeccionadas com muito carinho pelos doceiros locais. Este ano, o evento se destaca tamb\u00e9m por ser parte do Festival Capital da M\u00fasica &#8220;Maestro Ant\u00f4nio Carlos Neves Campos&#8221;, o que significa que, al\u00e9m das del\u00edcias a\u00e7ucaradas, os participantes poder\u00e3o desfrutar de uma rica programa\u00e7\u00e3o musical espalhada pela Pra\u00e7a da Matriz.<\/p>\n<h2>Localiza\u00e7\u00e3o e Hor\u00e1rios do Evento<\/h2>\n<p>A Feira do Doce ocorrer\u00e1 na Pra\u00e7a da Matriz, um espa\u00e7o central e agrad\u00e1vel da cidade, facilitando o acesso a todos os visitantes. As atividades est\u00e3o programadas para acontecer das 10h \u00e0s 22h, oferecendo um dia inteiro de divers\u00e3o e doces. Os participantes podem esperar uma atmosfera vibrante, repleta de m\u00fasica, sabor e intera\u00e7\u00f5es.<\/p>\n<h2>Atra\u00e7\u00f5es Musicais Imperd\u00edveis<\/h2>\n<p>Um dos principais atrativos da 12\u00aa Feira do Doce s\u00e3o os shows agendados no Festival Capital da M\u00fasica. A programa\u00e7\u00e3o musical cobre uma diversidade de g\u00eaneros, garantindo que haja algo para todos os gostos. Os visitantes poder\u00e3o desfrutar de apresenta\u00e7\u00f5es que v\u00e3o desde MPB at\u00e9 bandas de rock, todos apresentados por talentos locais e regionais.<\/p>\n<p><img decoding=\"async\" src=\"https:\/\/www.encontratatui.com.br\/guia\/wp-content\/uploads\/2026\/07\/agenda-cultural-destaca-a-12-feira-do-doce-de-tatui.webp\" alt=\"Feira do Doce de Tatu\u00ed\" loading=\"lazy\" \/><\/p>\n<h2>Hist\u00f3ria da Feira do Doce de Tatu\u00ed<\/h2>\n<p>A Feira do Doce de Tatu\u00ed n\u00e3o \u00e9 apenas um evento gastron\u00f4mico; \u00e9 parte da tradi\u00e7\u00e3o cultural da cidade. Com anos de hist\u00f3ria, a feira cresceu e se transformou, incorporando novos sabores e experi\u00eancias, mas sempre mantendo o foco na do\u00e7ura das especialidades locais. A cada edi\u00e7\u00e3o, novas receitas s\u00e3o trazidas, mantendo viva a paix\u00e3o pelos doces artesanais.<\/p>\n<h2>Os Destaques da Gastronomia Local<\/h2>\n<p>A gastronomia da Feira do Doce \u00e9 um verdadeiro tesouro. Entre os destaques, est\u00e3o os doces t\u00edpicos da regi\u00e3o, que incluem:<\/p>\n<ul>\n<li><strong>Ambrosia:<\/strong> Um doce tradicional feito \u00e0 base de leite, com uma textura cremosa e sabor inconfund\u00edvel.<\/li>\n<li><strong>P\u00e9 de moleque:<\/strong> Doce feito de amendoim e a\u00e7\u00facar, ideal para aqueles que apreciam sabor crocante.<\/li>\n<li><strong>Gel\u00e9ia de mocot\u00f3:<\/strong> Um doce que faz parte da cultura local, muito apreciado como sobremesa.<\/li>\n<li><strong>Bolachas de nata:<\/strong> Delicadas e saborosas, perfeitas para acompanhar um caf\u00e9 ou ch\u00e1.<\/li>\n<\/ul>\n<p>Esses e outros doces estar\u00e3o \u00e0 disposi\u00e7\u00e3o, prontos para conquistar o paladar de quem visita a feira.<\/p>\n<h2>Festival Capital da M\u00fasica: Uma Celebra\u00e7\u00e3o Cultural<\/h2>\n<p>O Festival Capital da M\u00fasica &#8220;Maestro Ant\u00f4nio Carlos Neves Campos&#8221; vem para complementar a atmosfera da feira, promovendo a m\u00fasica e a cultura local. Este festival tem como objetivo valorizar os artistas regionais e oferecer um espa\u00e7o para o talento se manifestar. Durante a feira, os visitantes poder\u00e3o acompanhar apresenta\u00e7\u00f5es de v\u00e1rias bandas, grupos de m\u00fasica raiz, MPB, rock e muito mais, criando uma experi\u00eancia completa de entretenimento.<\/p>\n<h2>Programa\u00e7\u00e3o Completa da Feira<\/h2>\n<p>Com uma programa\u00e7\u00e3o diversificada, a 12\u00aa Feira do Doce de Tatu\u00ed promete atividades para todos. Confira algumas das atra\u00e7\u00f5es que est\u00e3o programadas:<\/p>\n<ul>\n<li><strong>Dia 8\/7 (quarta-feira):<\/strong> In\u00edcio com atividades diversas, come\u00e7ando \u00e0s 10h, incluindo o show de Davi Pav\u00e3o e a apresenta\u00e7\u00e3o do Grupo de M\u00fasica Raiz do Conservat\u00f3rio.<\/li>\n<li><strong>Dia 9\/7 (quinta-feira):<\/strong> Cerim\u00f4nia de abertura e apresenta\u00e7\u00e3o da Orquestra Sinf\u00f4nica de Tatu\u00ed, com Luiza Possi.<\/li>\n<li><strong>Dia 10\/7 (sexta-feira):<\/strong> Expectativa para o show da Turma do Mickey e a parceria com a Big Band do Conservat\u00f3rio.<\/li>\n<li><strong>Dia 11\/7 (s\u00e1bado):<\/strong> Destaque para a apresenta\u00e7\u00e3o do grupo The Beatles (Official Brazil), ideal para os f\u00e3s do quarteto brit\u00e2nico.<\/li>\n<li><strong>Dia 12\/7 (domingo):<\/strong> Encerramento com performances de Jazz e shows infantis, al\u00e9m de atividades para toda a fam\u00edlia.<\/li>\n<\/ul>\n<h2>Atividades para toda a Fam\u00edlia<\/h2>\n<p>A feira \u00e9 um evento pensado para que pessoas de todas as idades possam se divertir. Teremos diversas atividades, desde apresenta\u00e7\u00f5es musicais at\u00e9 espa\u00e7os interativos para crian\u00e7as, garantindo entretenimento para toda a fam\u00edlia. O ambiente festivo convida a um passeio agrad\u00e1vel, onde adultos e crian\u00e7as podem se divertir, comer e se encantar com a cultura local.<\/p>\n<h2>Impacto Cultural na Comunidade de Tatu\u00ed<\/h2>\n<p>Eventos como a 12\u00aa Feira do Doce t\u00eam um impacto significativo na comunidade, n\u00e3o apenas promovendo a cultura e a m\u00fasica, mas tamb\u00e9m incentivando a economia local. Os doceiros que participam da feira encontram uma oportunidade valiosa para mostrar seus produtos e atrair novos clientes. Al\u00e9m disso, a intera\u00e7\u00e3o entre a comunidade e os visitantes fortalece os la\u00e7os sociais e culturais da cidade.<\/p>\n<h2>Convidados Especiais e Participa\u00e7\u00f5es Famosas<\/h2>\n<p>A 12\u00aa Feira do Doce conta com a presen\u00e7a de artistas e convidados especiais que tornar\u00e3o o evento ainda mais memor\u00e1vel. As participa\u00e7\u00f5es de m\u00fasicos reconhecidos e grupos de renome regional s\u00e3o um atrativo a mais, oferecendo performances \u00fanicas para o p\u00fablico. Portanto, os visitantes podem esperar surpresas e momentos especiais durante toda a feira.<\/p>\n<p>Em resumo, a 12\u00aa Feira do Doce de Tatu\u00ed \u00e9 um evento que promete muita do\u00e7ura e alegria, trazendo al\u00e9m da gastronomia local, uma rica programa\u00e7\u00e3o cultural e musical. N\u00e3o perca a oportunidade de celebrar as tradi\u00e7\u00f5es e tirar um tempo para apreciar as del\u00edcias que a cidade tem a oferecer.<\/p>\n","protected":false},"excerpt":{"rendered":"<p>A 12\u00aa Feira do Doce de Tatu\u00ed une doces deliciosos e m\u00fasica ao vivo na Pra\u00e7a da Matriz.<\/p>\n","protected":false},"author":1,"featured_media":5594,"comment_status":"open","ping_status":"open","sticky":false,"template":"","format":"standard","meta":{"footnotes":""},"categories":[898],"tags":[],"class_list":["post-5595","post","type-post","status-publish","format-standard","has-post-thumbnail","hentry","category-exposicao","has_thumb"],"yoast_head":"<!-- This site is optimized with the Yoast SEO plugin v28.1 - https:\/\/yoast.com\/product\/yoast-seo-wordpress\/ -->\n<title>Agenda Cultural destaca a 12\u00aa Feira do Doce de Tatu\u00ed | Guia Comercial de Tatu\u00ed SP<\/title>\n<meta name=\"robots\" content=\"index, follow, max-snippet:-1, max-image-preview:large, max-video-preview:-1\" \/>\n<link rel=\"canonical\" href=\"https:\/\/www.encontratatui.com.br\/guia\/agenda-cultural-destaca-a-12a-feira-do-doce-de-tatui\/\" \/>\n<meta property=\"og:locale\" content=\"pt_BR\" \/>\n<meta property=\"og:type\" content=\"article\" \/>\n<meta property=\"og:title\" content=\"Agenda Cultural destaca a 12\u00aa Feira do Doce de Tatu\u00ed | Guia Comercial de Tatu\u00ed SP\" \/>\n<meta property=\"og:description\" content=\"A 12\u00aa Feira do Doce de Tatu\u00ed une doces deliciosos e m\u00fasica ao vivo na Pra\u00e7a da Matriz.\" \/>\n<meta property=\"og:url\" content=\"https:\/\/www.encontratatui.com.br\/guia\/agenda-cultural-destaca-a-12a-feira-do-doce-de-tatui\/\" \/>\n<meta property=\"og:site_name\" content=\"Guia Comercial de Tatu\u00ed SP\" \/>\n<meta property=\"article:published_time\" content=\"2026-07-09T09:12:49+00:00\" \/>\n<meta property=\"og:image\" content=\"https:\/\/www.encontratatui.com.br\/guia\/wp-content\/uploads\/2026\/07\/agenda-cultural-destaca-a-12-feira-do-doce-de-tatui.webp\" \/>\n<meta name=\"author\" content=\"Encontra Tatu\u00ed\" \/>\n<meta name=\"twitter:card\" content=\"summary_large_image\" \/>\n<meta name=\"twitter:label1\" content=\"Escrito por\" \/>\n\t<meta name=\"twitter:data1\" content=\"Encontra Tatu\u00ed\" \/>\n\t<meta name=\"twitter:label2\" content=\"Est. tempo de leitura\" \/>\n\t<meta name=\"twitter:data2\" content=\"5 minutos\" \/>\n<script type=\"application\/ld+json\" class=\"yoast-schema-graph\">{\"@context\":\"https:\\\/\\\/schema.org\",\"@graph\":[{\"@type\":\"Article\",\"@id\":\"https:\\\/\\\/www.encontratatui.com.br\\\/guia\\\/agenda-cultural-destaca-a-12a-feira-do-doce-de-tatui\\\/#article\",\"isPartOf\":{\"@id\":\"https:\\\/\\\/www.encontratatui.com.br\\\/guia\\\/agenda-cultural-destaca-a-12a-feira-do-doce-de-tatui\\\/\"},\"author\":{\"name\":\"Encontra Tatu\u00ed\",\"@id\":\"https:\\\/\\\/www.encontratatui.com.br\\\/guia\\\/#\\\/schema\\\/person\\\/58bdf1fd3aa9b268c5f8255d8a6dbf25\"},\"headline\":\"Agenda Cultural destaca a 12\u00aa Feira do Doce de Tatu\u00ed\",\"datePublished\":\"2026-07-09T09:12:49+00:00\",\"mainEntityOfPage\":{\"@id\":\"https:\\\/\\\/www.encontratatui.com.br\\\/guia\\\/agenda-cultural-destaca-a-12a-feira-do-doce-de-tatui\\\/\"},\"wordCount\":918,\"commentCount\":0,\"image\":{\"@id\":\"https:\\\/\\\/www.encontratatui.com.br\\\/guia\\\/agenda-cultural-destaca-a-12a-feira-do-doce-de-tatui\\\/#primaryimage\"},\"thumbnailUrl\":\"https:\\\/\\\/www.encontratatui.com.br\\\/guia\\\/wp-content\\\/uploads\\\/2026\\\/07\\\/agenda-cultural-destaca-a-12-feira-do-doce-de-tatui.webp\",\"articleSection\":[\"Exposi\u00e7\u00e3o Tatu\u00ed\"],\"inLanguage\":\"pt-BR\",\"potentialAction\":[{\"@type\":\"CommentAction\",\"name\":\"Comment\",\"target\":[\"https:\\\/\\\/www.encontratatui.com.br\\\/guia\\\/agenda-cultural-destaca-a-12a-feira-do-doce-de-tatui\\\/#respond\"]}]},{\"@type\":\"WebPage\",\"@id\":\"https:\\\/\\\/www.encontratatui.com.br\\\/guia\\\/agenda-cultural-destaca-a-12a-feira-do-doce-de-tatui\\\/\",\"url\":\"https:\\\/\\\/www.encontratatui.com.br\\\/guia\\\/agenda-cultural-destaca-a-12a-feira-do-doce-de-tatui\\\/\",\"name\":\"Agenda Cultural destaca a 12\u00aa Feira do Doce de Tatu\u00ed | Guia Comercial de Tatu\u00ed SP\",\"isPartOf\":{\"@id\":\"https:\\\/\\\/www.encontratatui.com.br\\\/guia\\\/#website\"},\"primaryImageOfPage\":{\"@id\":\"https:\\\/\\\/www.encontratatui.com.br\\\/guia\\\/agenda-cultural-destaca-a-12a-feira-do-doce-de-tatui\\\/#primaryimage\"},\"image\":{\"@id\":\"https:\\\/\\\/www.encontratatui.com.br\\\/guia\\\/agenda-cultural-destaca-a-12a-feira-do-doce-de-tatui\\\/#primaryimage\"},\"thumbnailUrl\":\"https:\\\/\\\/www.encontratatui.com.br\\\/guia\\\/wp-content\\\/uploads\\\/2026\\\/07\\\/agenda-cultural-destaca-a-12-feira-do-doce-de-tatui.webp\",\"datePublished\":\"2026-07-09T09:12:49+00:00\",\"author\":{\"@id\":\"https:\\\/\\\/www.encontratatui.com.br\\\/guia\\\/#\\\/schema\\\/person\\\/58bdf1fd3aa9b268c5f8255d8a6dbf25\"},\"inLanguage\":\"pt-BR\",\"potentialAction\":[{\"@type\":\"ReadAction\",\"target\":[\"https:\\\/\\\/www.encontratatui.com.br\\\/guia\\\/agenda-cultural-destaca-a-12a-feira-do-doce-de-tatui\\\/\"]}]},{\"@type\":\"ImageObject\",\"inLanguage\":\"pt-BR\",\"@id\":\"https:\\\/\\\/www.encontratatui.com.br\\\/guia\\\/agenda-cultural-destaca-a-12a-feira-do-doce-de-tatui\\\/#primaryimage\",\"url\":\"https:\\\/\\\/www.encontratatui.com.br\\\/guia\\\/wp-content\\\/uploads\\\/2026\\\/07\\\/agenda-cultural-destaca-a-12-feira-do-doce-de-tatui.webp\",\"contentUrl\":\"https:\\\/\\\/www.encontratatui.com.br\\\/guia\\\/wp-content\\\/uploads\\\/2026\\\/07\\\/agenda-cultural-destaca-a-12-feira-do-doce-de-tatui.webp\",\"width\":280,\"height\":280,\"caption\":\"Feira do Doce de Tatu\u00ed\"},{\"@type\":\"WebSite\",\"@id\":\"https:\\\/\\\/www.encontratatui.com.br\\\/guia\\\/#website\",\"url\":\"https:\\\/\\\/www.encontratatui.com.br\\\/guia\\\/\",\"name\":\"Guia Comercial de Tatu\u00ed SP\",\"description\":\"ENCONTRA TATU\u00cd - O guia comercial de neg\u00f3cios e empresas, cultura e divers\u00e3o na cidade de Tatu\u00ed. Feito 100% para voc\u00ea morador!\",\"potentialAction\":[{\"@type\":\"SearchAction\",\"target\":{\"@type\":\"EntryPoint\",\"urlTemplate\":\"https:\\\/\\\/www.encontratatui.com.br\\\/guia\\\/?s={search_term_string}\"},\"query-input\":{\"@type\":\"PropertyValueSpecification\",\"valueRequired\":true,\"valueName\":\"search_term_string\"}}],\"inLanguage\":\"pt-BR\"},{\"@type\":\"Person\",\"@id\":\"https:\\\/\\\/www.encontratatui.com.br\\\/guia\\\/#\\\/schema\\\/person\\\/58bdf1fd3aa9b268c5f8255d8a6dbf25\",\"name\":\"Encontra Tatu\u00ed\",\"image\":{\"@type\":\"ImageObject\",\"inLanguage\":\"pt-BR\",\"@id\":\"https:\\\/\\\/www.encontratatui.com.br\\\/guia\\\/wp-content\\\/litespeed\\\/avatar\\\/e92a756db1fc224ef50d2f00ed0d047a.jpg?ver=1788446156\",\"url\":\"https:\\\/\\\/www.encontratatui.com.br\\\/guia\\\/wp-content\\\/litespeed\\\/avatar\\\/e92a756db1fc224ef50d2f00ed0d047a.jpg?ver=1788446156\",\"contentUrl\":\"https:\\\/\\\/www.encontratatui.com.br\\\/guia\\\/wp-content\\\/litespeed\\\/avatar\\\/e92a756db1fc224ef50d2f00ed0d047a.jpg?ver=1788446156\",\"caption\":\"Encontra Tatu\u00ed\"},\"url\":\"https:\\\/\\\/www.encontratatui.com.br\\\/guia\\\/author\\\/encontratatui\\\/\"}]}<\/script>\n<!-- \/ Yoast SEO plugin. -->","yoast_head_json":{"title":"Agenda Cultural destaca a 12\u00aa Feira do Doce de Tatu\u00ed | Guia Comercial de Tatu\u00ed SP","robots":{"index":"index","follow":"follow","max-snippet":"max-snippet:-1","max-image-preview":"max-image-preview:large","max-video-preview":"max-video-preview:-1"},"canonical":"https:\/\/www.encontratatui.com.br\/guia\/agenda-cultural-destaca-a-12a-feira-do-doce-de-tatui\/","og_locale":"pt_BR","og_type":"article","og_title":"Agenda Cultural destaca a 12\u00aa Feira do Doce de Tatu\u00ed | Guia Comercial de Tatu\u00ed SP","og_description":"A 12\u00aa Feira do Doce de Tatu\u00ed une doces deliciosos e m\u00fasica ao vivo na Pra\u00e7a da Matriz.","og_url":"https:\/\/www.encontratatui.com.br\/guia\/agenda-cultural-destaca-a-12a-feira-do-doce-de-tatui\/","og_site_name":"Guia Comercial de Tatu\u00ed SP","article_published_time":"2026-07-09T09:12:49+00:00","og_image":[{"url":"https:\/\/www.encontratatui.com.br\/guia\/wp-content\/uploads\/2026\/07\/agenda-cultural-destaca-a-12-feira-do-doce-de-tatui.webp","type":"","width":"","height":""}],"author":"Encontra Tatu\u00ed","twitter_card":"summary_large_image","twitter_misc":{"Escrito por":"Encontra Tatu\u00ed","Est. tempo de leitura":"5 minutos"},"schema":{"@context":"https:\/\/schema.org","@graph":[{"@type":"Article","@id":"https:\/\/www.encontratatui.com.br\/guia\/agenda-cultural-destaca-a-12a-feira-do-doce-de-tatui\/#article","isPartOf":{"@id":"https:\/\/www.encontratatui.com.br\/guia\/agenda-cultural-destaca-a-12a-feira-do-doce-de-tatui\/"},"author":{"name":"Encontra Tatu\u00ed","@id":"https:\/\/www.encontratatui.com.br\/guia\/#\/schema\/person\/58bdf1fd3aa9b268c5f8255d8a6dbf25"},"headline":"Agenda Cultural destaca a 12\u00aa Feira do Doce de Tatu\u00ed","datePublished":"2026-07-09T09:12:49+00:00","mainEntityOfPage":{"@id":"https:\/\/www.encontratatui.com.br\/guia\/agenda-cultural-destaca-a-12a-feira-do-doce-de-tatui\/"},"wordCount":918,"commentCount":0,"image":{"@id":"https:\/\/www.encontratatui.com.br\/guia\/agenda-cultural-destaca-a-12a-feira-do-doce-de-tatui\/#primaryimage"},"thumbnailUrl":"https:\/\/www.encontratatui.com.br\/guia\/wp-content\/uploads\/2026\/07\/agenda-cultural-destaca-a-12-feira-do-doce-de-tatui.webp","articleSection":["Exposi\u00e7\u00e3o Tatu\u00ed"],"inLanguage":"pt-BR","potentialAction":[{"@type":"CommentAction","name":"Comment","target":["https:\/\/www.encontratatui.com.br\/guia\/agenda-cultural-destaca-a-12a-feira-do-doce-de-tatui\/#respond"]}]},{"@type":"WebPage","@id":"https:\/\/www.encontratatui.com.br\/guia\/agenda-cultural-destaca-a-12a-feira-do-doce-de-tatui\/","url":"https:\/\/www.encontratatui.com.br\/guia\/agenda-cultural-destaca-a-12a-feira-do-doce-de-tatui\/","name":"Agenda Cultural destaca a 12\u00aa Feira do Doce de Tatu\u00ed | Guia Comercial de Tatu\u00ed SP","isPartOf":{"@id":"https:\/\/www.encontratatui.com.br\/guia\/#website"},"primaryImageOfPage":{"@id":"https:\/\/www.encontratatui.com.br\/guia\/agenda-cultural-destaca-a-12a-feira-do-doce-de-tatui\/#primaryimage"},"image":{"@id":"https:\/\/www.encontratatui.com.br\/guia\/agenda-cultural-destaca-a-12a-feira-do-doce-de-tatui\/#primaryimage"},"thumbnailUrl":"https:\/\/www.encontratatui.com.br\/guia\/wp-content\/uploads\/2026\/07\/agenda-cultural-destaca-a-12-feira-do-doce-de-tatui.webp","datePublished":"2026-07-09T09:12:49+00:00","author":{"@id":"https:\/\/www.encontratatui.com.br\/guia\/#\/schema\/person\/58bdf1fd3aa9b268c5f8255d8a6dbf25"},"inLanguage":"pt-BR","potentialAction":[{"@type":"ReadAction","target":["https:\/\/www.encontratatui.com.br\/guia\/agenda-cultural-destaca-a-12a-feira-do-doce-de-tatui\/"]}]},{"@type":"ImageObject","inLanguage":"pt-BR","@id":"https:\/\/www.encontratatui.com.br\/guia\/agenda-cultural-destaca-a-12a-feira-do-doce-de-tatui\/#primaryimage","url":"https:\/\/www.encontratatui.com.br\/guia\/wp-content\/uploads\/2026\/07\/agenda-cultural-destaca-a-12-feira-do-doce-de-tatui.webp","contentUrl":"https:\/\/www.encontratatui.com.br\/guia\/wp-content\/uploads\/2026\/07\/agenda-cultural-destaca-a-12-feira-do-doce-de-tatui.webp","width":280,"height":280,"caption":"Feira do Doce de Tatu\u00ed"},{"@type":"WebSite","@id":"https:\/\/www.encontratatui.com.br\/guia\/#website","url":"https:\/\/www.encontratatui.com.br\/guia\/","name":"Guia Comercial de Tatu\u00ed SP","description":"ENCONTRA TATU\u00cd - O guia comercial de neg\u00f3cios e empresas, cultura e divers\u00e3o na cidade de Tatu\u00ed. Feito 100% para voc\u00ea morador!","potentialAction":[{"@type":"SearchAction","target":{"@type":"EntryPoint","urlTemplate":"https:\/\/www.encontratatui.com.br\/guia\/?s={search_term_string}"},"query-input":{"@type":"PropertyValueSpecification","valueRequired":true,"valueName":"search_term_string"}}],"inLanguage":"pt-BR"},{"@type":"Person","@id":"https:\/\/www.encontratatui.com.br\/guia\/#\/schema\/person\/58bdf1fd3aa9b268c5f8255d8a6dbf25","name":"Encontra Tatu\u00ed","image":{"@type":"ImageObject","inLanguage":"pt-BR","@id":"https:\/\/www.encontratatui.com.br\/guia\/wp-content\/litespeed\/avatar\/e92a756db1fc224ef50d2f00ed0d047a.jpg?ver=1788446156","url":"https:\/\/www.encontratatui.com.br\/guia\/wp-content\/litespeed\/avatar\/e92a756db1fc224ef50d2f00ed0d047a.jpg?ver=1788446156","contentUrl":"https:\/\/www.encontratatui.com.br\/guia\/wp-content\/litespeed\/avatar\/e92a756db1fc224ef50d2f00ed0d047a.jpg?ver=1788446156","caption":"Encontra Tatu\u00ed"},"url":"https:\/\/www.encontratatui.com.br\/guia\/author\/encontratatui\/"}]}},"_links":{"self":[{"href":"https:\/\/www.encontratatui.com.br\/guia\/wp-json\/wp\/v2\/posts\/5595","targetHints":{"allow":["GET"]}}],"collection":[{"href":"https:\/\/www.encontratatui.com.br\/guia\/wp-json\/wp\/v2\/posts"}],"about":[{"href":"https:\/\/www.encontratatui.com.br\/guia\/wp-json\/wp\/v2\/types\/post"}],"author":[{"embeddable":true,"href":"https:\/\/www.encontratatui.com.br\/guia\/wp-json\/wp\/v2\/users\/1"}],"replies":[{"embeddable":true,"href":"https:\/\/www.encontratatui.com.br\/guia\/wp-json\/wp\/v2\/comments?post=5595"}],"version-history":[{"count":0,"href":"https:\/\/www.encontratatui.com.br\/guia\/wp-json\/wp\/v2\/posts\/5595\/revisions"}],"wp:featuredmedia":[{"embeddable":true,"href":"https:\/\/www.encontratatui.com.br\/guia\/wp-json\/wp\/v2\/media\/5594"}],"wp:attachment":[{"href":"https:\/\/www.encontratatui.com.br\/guia\/wp-json\/wp\/v2\/media?parent=5595"}],"wp:term":[{"taxonomy":"category","embeddable":true,"href":"https:\/\/www.encontratatui.com.br\/guia\/wp-json\/wp\/v2\/categories?post=5595"},{"taxonomy":"post_tag","embeddable":true,"href":"https:\/\/www.encontratatui.com.br\/guia\/wp-json\/wp\/v2\/tags?post=5595"}],"curies":[{"name":"wp","href":"https:\/\/api.w.org\/{rel}","templated":true}]}}