{"id":5560,"date":"2026-07-03T11:16:03","date_gmt":"2026-07-03T14:16:03","guid":{"rendered":"https:\/\/www.encontratatui.com.br\/guia\/pedagios-de-cidades-do-interior-de-sp-terao-reajuste-no-valor-a-partir-desta-quarta\/"},"modified":"2026-07-03T11:16:03","modified_gmt":"2026-07-03T14:16:03","slug":"pedagios-de-cidades-do-interior-de-sp-terao-reajuste-no-valor-a-partir-desta-quarta","status":"publish","type":"post","link":"https:\/\/www.encontratatui.com.br\/guia\/pedagios-de-cidades-do-interior-de-sp-terao-reajuste-no-valor-a-partir-desta-quarta\/","title":{"rendered":"Ped\u00e1gios de cidades do interior de SP ter\u00e3o reajuste no valor a partir desta quarta"},"content":{"rendered":"<h2>Nova Tarifa dos Ped\u00e1gios no Interior de SP<\/h2>\n<p>A partir da pr\u00f3xima quarta-feira, diversos ped\u00e1gios nas rodovias do interior de S\u00e3o Paulo sofrer\u00e3o um aumento nas tarifas. A mudan\u00e7a, que afeta v\u00e1rias pra\u00e7as de ped\u00e1gio em cidades como Itapetininga, Sorocaba, Bauru, S\u00e3o Jos\u00e9 do Rio Preto e Presidente Prudente, foi oficialmente divulgada pela Ag\u00eancia de Transportes do Estado de S\u00e3o Paulo (Artesp) no Di\u00e1rio Oficial do Governo Estadual no dia 23 de junho. Essa altera\u00e7\u00e3o ir\u00e1 vigorar a partir da meia-noite do dia 1\u00ba de julho.<\/p>\n<h2>O Que Motiva a Altera\u00e7\u00e3o nos Pre\u00e7os?<\/h2>\n<p>A revis\u00e3o das tarifas de ped\u00e1gio \u00e9 determinada por v\u00e1rios fatores, incluindo a necessidade de manuten\u00e7\u00e3o e melhorias nas estradas, bem como ajustes inflacion\u00e1rios que influenciam o custo operacional das concession\u00e1rias. A Artesp considera esses fatores para garantir que os servi\u00e7os prestados, como seguran\u00e7a e conforto aos motoristas, sejam mantidos em n\u00edveis adequados. \u00c9 importante ressaltar que esses ajustes seguem a periodicidade estabelecida em contrato entre as entidades respons\u00e1veis pelo servi\u00e7o e o governo paulista.<\/p>\n<h2>Impacto do Aumento para Motoristas<\/h2>\n<p>O reajuste impactar\u00e1 diretamente os motoristas que utilizam as rodovias afetadas. Aumentos nas tarifas podem influenciar o custo das viagens, principalmente para aqueles que realizam o trajeto com frequ\u00eancia. A pr\u00e1tica de planejar rotas alternativas poder\u00e1 ser uma estrat\u00e9gia adotada para evitar ped\u00e1gios mais altos.<\/p>\n<p><img decoding=\"async\" src=\"https:\/\/www.encontratatui.com.br\/guia\/wp-content\/uploads\/2026\/07\/pedagios-de-cidades-do-interior-de-sp-terao-reajuste-no-valor-a-partir-desta-quarta.webp\" alt=\"altera\u00e7\u00e3o nos valores dos ped\u00e1gios\" loading=\"lazy\" \/><\/p>\n<p>Al\u00e9m disso, motoristas e empresas de transporte devem avaliar o custo-benef\u00edcio de suas rotas habituais, considerando a nova tabela de tarifas. \u00c9 bom lembrar que, para alguns usu\u00e1rios, o aumento pode resultar em mudan\u00e7as de h\u00e1bitos, levando a um aumento na busca por alternativas vi\u00e1veis de transporte.<\/p>\n<h2>Regi\u00f5es Mais Afetadas pela Mudan\u00e7a<\/h2>\n<p>As regi\u00f5es que sofrer\u00e3o os reajustes incluem:<\/p>\n<ul>\n<li><strong>Itapetininga:<\/strong> principais pontos de ped\u00e1gio nesta regi\u00e3o s\u00e3o a Rodovia Castello Branco e a Rodovia Ant\u00f4nio Romano Schincariol.<\/li>\n<li><strong>Sorocaba:<\/strong> afetada principalmente pela Rodovia Dom Pedro I e pela Rodovia dos Bandeirantes.<\/li>\n<li><strong>Bauru:<\/strong> com aumento na tarifa da Rodovia Marechal Rondon.<\/li>\n<li><strong>S\u00e3o Jos\u00e9 do Rio Preto:<\/strong> ped\u00e1gios relevantes est\u00e3o na Rodovia Marechal Rondon.<\/li>\n<li><strong>Presidente Prudente:<\/strong> impactada pela Rodovia Raposo Tavares.<\/li>\n<\/ul>\n<h2>Como a Artesp Regulamenta Essas Tarifa\u00e7\u00f5es?<\/h2>\n<p>A Artesp \u00e9 a ag\u00eancia respons\u00e1vel por regular o servi\u00e7o de transporte rodovi\u00e1rio em S\u00e3o Paulo. O procedimento para a revis\u00e3o das tarifas de ped\u00e1gio segue uma s\u00e9rie de etapas, incluindo a an\u00e1lise de custos das concession\u00e1rias, auditorias financeiras e consultas p\u00fablicas. Isso garante que os interesses dos usu\u00e1rios sejam considerados na defini\u00e7\u00e3o dos novos pre\u00e7os. Em cada revis\u00e3o, busca-se garantir que o estado se mantenha em conformidade com as normas e que a qualidade dos servi\u00e7os de transporte melhore continuamente.<\/p>\n<h2>Expectativas para Futuras Mudan\u00e7as nas Tarifas<\/h2>\n<p>Com a realiza\u00e7\u00e3o desse aumento, existe a expectativa de que as tarifas continuem a ser revistas periodicamente. \u00c9 importante que motoristas e passageiros estejam cientes de que novos reajustes podem ocorrer a cada ano, com base nas diretrizes estabelecidas pela Artesp e nas necessidades do levantamento de dados econ\u00f4mico-financeiros.<\/p>\n<h2>Hist\u00f3rico de Aumentos nos Ped\u00e1gios<\/h2>\n<p>O hist\u00f3rico recente de aumentos nos ped\u00e1gios \u00e9 marcado por revis\u00f5es anuais que costumam ocorrer em julho. As taxas, nos \u00faltimos anos, t\u00eam sido influenciadas diretamente pela infla\u00e7\u00e3o e pelo custo das manuten\u00e7\u00f5es nas estradas. Motoristas que costumam viajar nas rodovias de S\u00e3o Paulo devem se informar sobre cada aumento posterior para evitar surpresas. Ao longo dos anos, tem-se observado que a sinaliza\u00e7\u00e3o e o comprometimento com a manuten\u00e7\u00e3o das rodovias s\u00e3o frequentemente utilizados pelas concession\u00e1rias para justificar os aumentos.<\/p>\n<h2>Alternativas para Evitar Ped\u00e1gios Caros<\/h2>\n<p>Para motoristas que desejam evitar os altos custos dos ped\u00e1gios, algumas estrat\u00e9gias podem ser eficazes:<\/p>\n<ul>\n<li><strong>Planejamento de Rota:<\/strong> Utilize aplicativos de navega\u00e7\u00e3o para identificar alternativas gratuitas ou com menos ped\u00e1gios.<\/li>\n<li><strong>Caronas Compartilhadas:<\/strong> Considere compartilhar o carro com outros para dividir os custos.<\/li>\n<li><strong>Uso de Transporte P\u00fablico:<\/strong> Sempre que poss\u00edvel, opte por \u00f4nibus ou trens que cobrem o mesmo trajeto sem custo de ped\u00e1gio.<\/li>\n<li><strong>Avalia\u00e7\u00e3o do Hor\u00e1rio de Viagem:<\/strong> Viagens durante hor\u00e1rios de menor movimento podem evitar congestionamentos, economizando tempo e custo com combust\u00edvel.<\/li>\n<\/ul>\n<h2>Como Informar-se Sobre Novas Tarifas de Ped\u00e1gio<\/h2>\n<p>Os usu\u00e1rios podem se atualizar sobre as tarifas de ped\u00e1gio de v\u00e1rias maneiras:<\/p>\n<ul>\n<li><strong>Visitar o site da Artesp:<\/strong> A ag\u00eancia frequentemente publica as atualiza\u00e7\u00f5es e not\u00edcias relacionadas a ped\u00e1gios e rodovias.<\/li>\n<li><strong>Aplicativos de Navega\u00e7\u00e3o:<\/strong> Algumas plataformas de navega\u00e7\u00e3o t\u00eam informa\u00e7\u00f5es em tempo real sobre as tarifas.<\/li>\n<li><strong>Grupos e Comunidades Online:<\/strong> Participar de f\u00f3runs sobre viagens pode ser uma boa ideia para compartilhar experi\u00eancias e dicas.<\/li>\n<\/ul>\n<p>Ainda, \u00e9 recomend\u00e1vel consultar as concession\u00e1rias espec\u00edficas de cada rodovia para informa\u00e7\u00f5es precisas sobre as tarifas em vigor.<\/p>\n<h2>Rea\u00e7\u00f5es dos Motoristas e Usu\u00e1rios das Estradas<\/h2>\n<p>A rea\u00e7\u00e3o dos motoristas diante do aumento das tarifas varia. Muitos questionam a necessidade desses aumentos constantes, solicitando mais transpar\u00eancia nos gastos das concession\u00e1rias e nas melhorias realizadas. Nas redes sociais, as discuss\u00f5es sobre esse assunto s\u00e3o intensas, com motoristas expressando suas preocupa\u00e7\u00f5es e sugest\u00f5es.<\/p>\n<p>Al\u00e9m de criticas, tamb\u00e9m h\u00e1 motoristas que reconhecem a import\u00e2ncia de manter a infraestrutura das estradas, afirmando que os aumentos s\u00e3o um investimento necess\u00e1rio. A aceita\u00e7\u00e3o ou rejei\u00e7\u00e3o dessas mudan\u00e7as depende do ponto de vista de cada usu\u00e1rio e de suas experi\u00eancias nas rodovias afetadas.<\/p>\n","protected":false},"excerpt":{"rendered":"<p>Altera\u00e7\u00e3o nos ped\u00e1gios do interior de SP promete mudan\u00e7as importantes para motoristas.<\/p>\n","protected":false},"author":1,"featured_media":5559,"comment_status":"open","ping_status":"open","sticky":false,"template":"","format":"standard","meta":{"footnotes":""},"categories":[904],"tags":[],"class_list":["post-5560","post","type-post","status-publish","format-standard","has-post-thumbnail","hentry","category-transito","has_thumb"],"yoast_head":"<!-- This site is optimized with the Yoast SEO plugin v28.1 - https:\/\/yoast.com\/product\/yoast-seo-wordpress\/ -->\n<title>Ped\u00e1gios de cidades do interior de SP ter\u00e3o reajuste no valor a partir desta quarta | Guia Comercial de Tatu\u00ed SP<\/title>\n<meta name=\"robots\" content=\"index, follow, max-snippet:-1, max-image-preview:large, max-video-preview:-1\" \/>\n<link rel=\"canonical\" href=\"https:\/\/www.encontratatui.com.br\/guia\/pedagios-de-cidades-do-interior-de-sp-terao-reajuste-no-valor-a-partir-desta-quarta\/\" \/>\n<meta property=\"og:locale\" content=\"pt_BR\" \/>\n<meta property=\"og:type\" content=\"article\" \/>\n<meta property=\"og:title\" content=\"Ped\u00e1gios de cidades do interior de SP ter\u00e3o reajuste no valor a partir desta quarta | Guia Comercial de Tatu\u00ed SP\" \/>\n<meta property=\"og:description\" content=\"Altera\u00e7\u00e3o nos ped\u00e1gios do interior de SP promete mudan\u00e7as importantes para motoristas.\" \/>\n<meta property=\"og:url\" content=\"https:\/\/www.encontratatui.com.br\/guia\/pedagios-de-cidades-do-interior-de-sp-terao-reajuste-no-valor-a-partir-desta-quarta\/\" \/>\n<meta property=\"og:site_name\" content=\"Guia Comercial de Tatu\u00ed SP\" \/>\n<meta property=\"article:published_time\" content=\"2026-07-03T14:16:03+00:00\" \/>\n<meta property=\"og:image\" content=\"https:\/\/www.encontratatui.com.br\/guia\/wp-content\/uploads\/2026\/07\/pedagios-de-cidades-do-interior-de-sp-terao-reajuste-no-valor-a-partir-desta-quarta.webp\" \/>\n<meta name=\"author\" content=\"Encontra Tatu\u00ed\" \/>\n<meta name=\"twitter:card\" content=\"summary_large_image\" \/>\n<meta name=\"twitter:label1\" content=\"Escrito por\" \/>\n\t<meta name=\"twitter:data1\" content=\"Encontra Tatu\u00ed\" \/>\n\t<meta name=\"twitter:label2\" content=\"Est. tempo de leitura\" \/>\n\t<meta name=\"twitter:data2\" content=\"5 minutos\" \/>\n<script type=\"application\/ld+json\" class=\"yoast-schema-graph\">{\"@context\":\"https:\\\/\\\/schema.org\",\"@graph\":[{\"@type\":\"Article\",\"@id\":\"https:\\\/\\\/www.encontratatui.com.br\\\/guia\\\/pedagios-de-cidades-do-interior-de-sp-terao-reajuste-no-valor-a-partir-desta-quarta\\\/#article\",\"isPartOf\":{\"@id\":\"https:\\\/\\\/www.encontratatui.com.br\\\/guia\\\/pedagios-de-cidades-do-interior-de-sp-terao-reajuste-no-valor-a-partir-desta-quarta\\\/\"},\"author\":{\"name\":\"Encontra Tatu\u00ed\",\"@id\":\"https:\\\/\\\/www.encontratatui.com.br\\\/guia\\\/#\\\/schema\\\/person\\\/58bdf1fd3aa9b268c5f8255d8a6dbf25\"},\"headline\":\"Ped\u00e1gios de cidades do interior de SP ter\u00e3o reajuste no valor a partir desta quarta\",\"datePublished\":\"2026-07-03T14:16:03+00:00\",\"mainEntityOfPage\":{\"@id\":\"https:\\\/\\\/www.encontratatui.com.br\\\/guia\\\/pedagios-de-cidades-do-interior-de-sp-terao-reajuste-no-valor-a-partir-desta-quarta\\\/\"},\"wordCount\":976,\"commentCount\":0,\"image\":{\"@id\":\"https:\\\/\\\/www.encontratatui.com.br\\\/guia\\\/pedagios-de-cidades-do-interior-de-sp-terao-reajuste-no-valor-a-partir-desta-quarta\\\/#primaryimage\"},\"thumbnailUrl\":\"https:\\\/\\\/www.encontratatui.com.br\\\/guia\\\/wp-content\\\/uploads\\\/2026\\\/07\\\/pedagios-de-cidades-do-interior-de-sp-terao-reajuste-no-valor-a-partir-desta-quarta.webp\",\"articleSection\":[\"Tr\u00e2nsito Tatu\u00ed\"],\"inLanguage\":\"pt-BR\",\"potentialAction\":[{\"@type\":\"CommentAction\",\"name\":\"Comment\",\"target\":[\"https:\\\/\\\/www.encontratatui.com.br\\\/guia\\\/pedagios-de-cidades-do-interior-de-sp-terao-reajuste-no-valor-a-partir-desta-quarta\\\/#respond\"]}]},{\"@type\":\"WebPage\",\"@id\":\"https:\\\/\\\/www.encontratatui.com.br\\\/guia\\\/pedagios-de-cidades-do-interior-de-sp-terao-reajuste-no-valor-a-partir-desta-quarta\\\/\",\"url\":\"https:\\\/\\\/www.encontratatui.com.br\\\/guia\\\/pedagios-de-cidades-do-interior-de-sp-terao-reajuste-no-valor-a-partir-desta-quarta\\\/\",\"name\":\"Ped\u00e1gios de cidades do interior de SP ter\u00e3o reajuste no valor a partir desta quarta | Guia Comercial de Tatu\u00ed SP\",\"isPartOf\":{\"@id\":\"https:\\\/\\\/www.encontratatui.com.br\\\/guia\\\/#website\"},\"primaryImageOfPage\":{\"@id\":\"https:\\\/\\\/www.encontratatui.com.br\\\/guia\\\/pedagios-de-cidades-do-interior-de-sp-terao-reajuste-no-valor-a-partir-desta-quarta\\\/#primaryimage\"},\"image\":{\"@id\":\"https:\\\/\\\/www.encontratatui.com.br\\\/guia\\\/pedagios-de-cidades-do-interior-de-sp-terao-reajuste-no-valor-a-partir-desta-quarta\\\/#primaryimage\"},\"thumbnailUrl\":\"https:\\\/\\\/www.encontratatui.com.br\\\/guia\\\/wp-content\\\/uploads\\\/2026\\\/07\\\/pedagios-de-cidades-do-interior-de-sp-terao-reajuste-no-valor-a-partir-desta-quarta.webp\",\"datePublished\":\"2026-07-03T14:16:03+00:00\",\"author\":{\"@id\":\"https:\\\/\\\/www.encontratatui.com.br\\\/guia\\\/#\\\/schema\\\/person\\\/58bdf1fd3aa9b268c5f8255d8a6dbf25\"},\"inLanguage\":\"pt-BR\",\"potentialAction\":[{\"@type\":\"ReadAction\",\"target\":[\"https:\\\/\\\/www.encontratatui.com.br\\\/guia\\\/pedagios-de-cidades-do-interior-de-sp-terao-reajuste-no-valor-a-partir-desta-quarta\\\/\"]}]},{\"@type\":\"ImageObject\",\"inLanguage\":\"pt-BR\",\"@id\":\"https:\\\/\\\/www.encontratatui.com.br\\\/guia\\\/pedagios-de-cidades-do-interior-de-sp-terao-reajuste-no-valor-a-partir-desta-quarta\\\/#primaryimage\",\"url\":\"https:\\\/\\\/www.encontratatui.com.br\\\/guia\\\/wp-content\\\/uploads\\\/2026\\\/07\\\/pedagios-de-cidades-do-interior-de-sp-terao-reajuste-no-valor-a-partir-desta-quarta.webp\",\"contentUrl\":\"https:\\\/\\\/www.encontratatui.com.br\\\/guia\\\/wp-content\\\/uploads\\\/2026\\\/07\\\/pedagios-de-cidades-do-interior-de-sp-terao-reajuste-no-valor-a-partir-desta-quarta.webp\",\"width\":280,\"height\":280,\"caption\":\"altera\u00e7\u00e3o nos valores dos ped\u00e1gios\"},{\"@type\":\"WebSite\",\"@id\":\"https:\\\/\\\/www.encontratatui.com.br\\\/guia\\\/#website\",\"url\":\"https:\\\/\\\/www.encontratatui.com.br\\\/guia\\\/\",\"name\":\"Guia Comercial de Tatu\u00ed SP\",\"description\":\"ENCONTRA TATU\u00cd - O guia comercial de neg\u00f3cios e empresas, cultura e divers\u00e3o na cidade de Tatu\u00ed. Feito 100% para voc\u00ea morador!\",\"potentialAction\":[{\"@type\":\"SearchAction\",\"target\":{\"@type\":\"EntryPoint\",\"urlTemplate\":\"https:\\\/\\\/www.encontratatui.com.br\\\/guia\\\/?s={search_term_string}\"},\"query-input\":{\"@type\":\"PropertyValueSpecification\",\"valueRequired\":true,\"valueName\":\"search_term_string\"}}],\"inLanguage\":\"pt-BR\"},{\"@type\":\"Person\",\"@id\":\"https:\\\/\\\/www.encontratatui.com.br\\\/guia\\\/#\\\/schema\\\/person\\\/58bdf1fd3aa9b268c5f8255d8a6dbf25\",\"name\":\"Encontra Tatu\u00ed\",\"image\":{\"@type\":\"ImageObject\",\"inLanguage\":\"pt-BR\",\"@id\":\"https:\\\/\\\/www.encontratatui.com.br\\\/guia\\\/wp-content\\\/litespeed\\\/avatar\\\/e92a756db1fc224ef50d2f00ed0d047a.jpg?ver=1788446156\",\"url\":\"https:\\\/\\\/www.encontratatui.com.br\\\/guia\\\/wp-content\\\/litespeed\\\/avatar\\\/e92a756db1fc224ef50d2f00ed0d047a.jpg?ver=1788446156\",\"contentUrl\":\"https:\\\/\\\/www.encontratatui.com.br\\\/guia\\\/wp-content\\\/litespeed\\\/avatar\\\/e92a756db1fc224ef50d2f00ed0d047a.jpg?ver=1788446156\",\"caption\":\"Encontra Tatu\u00ed\"},\"url\":\"https:\\\/\\\/www.encontratatui.com.br\\\/guia\\\/author\\\/encontratatui\\\/\"}]}<\/script>\n<!-- \/ Yoast SEO plugin. -->","yoast_head_json":{"title":"Ped\u00e1gios de cidades do interior de SP ter\u00e3o reajuste no valor a partir desta quarta | Guia Comercial de Tatu\u00ed SP","robots":{"index":"index","follow":"follow","max-snippet":"max-snippet:-1","max-image-preview":"max-image-preview:large","max-video-preview":"max-video-preview:-1"},"canonical":"https:\/\/www.encontratatui.com.br\/guia\/pedagios-de-cidades-do-interior-de-sp-terao-reajuste-no-valor-a-partir-desta-quarta\/","og_locale":"pt_BR","og_type":"article","og_title":"Ped\u00e1gios de cidades do interior de SP ter\u00e3o reajuste no valor a partir desta quarta | Guia Comercial de Tatu\u00ed SP","og_description":"Altera\u00e7\u00e3o nos ped\u00e1gios do interior de SP promete mudan\u00e7as importantes para motoristas.","og_url":"https:\/\/www.encontratatui.com.br\/guia\/pedagios-de-cidades-do-interior-de-sp-terao-reajuste-no-valor-a-partir-desta-quarta\/","og_site_name":"Guia Comercial de Tatu\u00ed SP","article_published_time":"2026-07-03T14:16:03+00:00","og_image":[{"url":"https:\/\/www.encontratatui.com.br\/guia\/wp-content\/uploads\/2026\/07\/pedagios-de-cidades-do-interior-de-sp-terao-reajuste-no-valor-a-partir-desta-quarta.webp","type":"","width":"","height":""}],"author":"Encontra Tatu\u00ed","twitter_card":"summary_large_image","twitter_misc":{"Escrito por":"Encontra Tatu\u00ed","Est. tempo de leitura":"5 minutos"},"schema":{"@context":"https:\/\/schema.org","@graph":[{"@type":"Article","@id":"https:\/\/www.encontratatui.com.br\/guia\/pedagios-de-cidades-do-interior-de-sp-terao-reajuste-no-valor-a-partir-desta-quarta\/#article","isPartOf":{"@id":"https:\/\/www.encontratatui.com.br\/guia\/pedagios-de-cidades-do-interior-de-sp-terao-reajuste-no-valor-a-partir-desta-quarta\/"},"author":{"name":"Encontra Tatu\u00ed","@id":"https:\/\/www.encontratatui.com.br\/guia\/#\/schema\/person\/58bdf1fd3aa9b268c5f8255d8a6dbf25"},"headline":"Ped\u00e1gios de cidades do interior de SP ter\u00e3o reajuste no valor a partir desta quarta","datePublished":"2026-07-03T14:16:03+00:00","mainEntityOfPage":{"@id":"https:\/\/www.encontratatui.com.br\/guia\/pedagios-de-cidades-do-interior-de-sp-terao-reajuste-no-valor-a-partir-desta-quarta\/"},"wordCount":976,"commentCount":0,"image":{"@id":"https:\/\/www.encontratatui.com.br\/guia\/pedagios-de-cidades-do-interior-de-sp-terao-reajuste-no-valor-a-partir-desta-quarta\/#primaryimage"},"thumbnailUrl":"https:\/\/www.encontratatui.com.br\/guia\/wp-content\/uploads\/2026\/07\/pedagios-de-cidades-do-interior-de-sp-terao-reajuste-no-valor-a-partir-desta-quarta.webp","articleSection":["Tr\u00e2nsito Tatu\u00ed"],"inLanguage":"pt-BR","potentialAction":[{"@type":"CommentAction","name":"Comment","target":["https:\/\/www.encontratatui.com.br\/guia\/pedagios-de-cidades-do-interior-de-sp-terao-reajuste-no-valor-a-partir-desta-quarta\/#respond"]}]},{"@type":"WebPage","@id":"https:\/\/www.encontratatui.com.br\/guia\/pedagios-de-cidades-do-interior-de-sp-terao-reajuste-no-valor-a-partir-desta-quarta\/","url":"https:\/\/www.encontratatui.com.br\/guia\/pedagios-de-cidades-do-interior-de-sp-terao-reajuste-no-valor-a-partir-desta-quarta\/","name":"Ped\u00e1gios de cidades do interior de SP ter\u00e3o reajuste no valor a partir desta quarta | Guia Comercial de Tatu\u00ed SP","isPartOf":{"@id":"https:\/\/www.encontratatui.com.br\/guia\/#website"},"primaryImageOfPage":{"@id":"https:\/\/www.encontratatui.com.br\/guia\/pedagios-de-cidades-do-interior-de-sp-terao-reajuste-no-valor-a-partir-desta-quarta\/#primaryimage"},"image":{"@id":"https:\/\/www.encontratatui.com.br\/guia\/pedagios-de-cidades-do-interior-de-sp-terao-reajuste-no-valor-a-partir-desta-quarta\/#primaryimage"},"thumbnailUrl":"https:\/\/www.encontratatui.com.br\/guia\/wp-content\/uploads\/2026\/07\/pedagios-de-cidades-do-interior-de-sp-terao-reajuste-no-valor-a-partir-desta-quarta.webp","datePublished":"2026-07-03T14:16:03+00:00","author":{"@id":"https:\/\/www.encontratatui.com.br\/guia\/#\/schema\/person\/58bdf1fd3aa9b268c5f8255d8a6dbf25"},"inLanguage":"pt-BR","potentialAction":[{"@type":"ReadAction","target":["https:\/\/www.encontratatui.com.br\/guia\/pedagios-de-cidades-do-interior-de-sp-terao-reajuste-no-valor-a-partir-desta-quarta\/"]}]},{"@type":"ImageObject","inLanguage":"pt-BR","@id":"https:\/\/www.encontratatui.com.br\/guia\/pedagios-de-cidades-do-interior-de-sp-terao-reajuste-no-valor-a-partir-desta-quarta\/#primaryimage","url":"https:\/\/www.encontratatui.com.br\/guia\/wp-content\/uploads\/2026\/07\/pedagios-de-cidades-do-interior-de-sp-terao-reajuste-no-valor-a-partir-desta-quarta.webp","contentUrl":"https:\/\/www.encontratatui.com.br\/guia\/wp-content\/uploads\/2026\/07\/pedagios-de-cidades-do-interior-de-sp-terao-reajuste-no-valor-a-partir-desta-quarta.webp","width":280,"height":280,"caption":"altera\u00e7\u00e3o nos valores dos ped\u00e1gios"},{"@type":"WebSite","@id":"https:\/\/www.encontratatui.com.br\/guia\/#website","url":"https:\/\/www.encontratatui.com.br\/guia\/","name":"Guia Comercial de Tatu\u00ed SP","description":"ENCONTRA TATU\u00cd - O guia comercial de neg\u00f3cios e empresas, cultura e divers\u00e3o na cidade de Tatu\u00ed. Feito 100% para voc\u00ea morador!","potentialAction":[{"@type":"SearchAction","target":{"@type":"EntryPoint","urlTemplate":"https:\/\/www.encontratatui.com.br\/guia\/?s={search_term_string}"},"query-input":{"@type":"PropertyValueSpecification","valueRequired":true,"valueName":"search_term_string"}}],"inLanguage":"pt-BR"},{"@type":"Person","@id":"https:\/\/www.encontratatui.com.br\/guia\/#\/schema\/person\/58bdf1fd3aa9b268c5f8255d8a6dbf25","name":"Encontra Tatu\u00ed","image":{"@type":"ImageObject","inLanguage":"pt-BR","@id":"https:\/\/www.encontratatui.com.br\/guia\/wp-content\/litespeed\/avatar\/e92a756db1fc224ef50d2f00ed0d047a.jpg?ver=1788446156","url":"https:\/\/www.encontratatui.com.br\/guia\/wp-content\/litespeed\/avatar\/e92a756db1fc224ef50d2f00ed0d047a.jpg?ver=1788446156","contentUrl":"https:\/\/www.encontratatui.com.br\/guia\/wp-content\/litespeed\/avatar\/e92a756db1fc224ef50d2f00ed0d047a.jpg?ver=1788446156","caption":"Encontra Tatu\u00ed"},"url":"https:\/\/www.encontratatui.com.br\/guia\/author\/encontratatui\/"}]}},"_links":{"self":[{"href":"https:\/\/www.encontratatui.com.br\/guia\/wp-json\/wp\/v2\/posts\/5560","targetHints":{"allow":["GET"]}}],"collection":[{"href":"https:\/\/www.encontratatui.com.br\/guia\/wp-json\/wp\/v2\/posts"}],"about":[{"href":"https:\/\/www.encontratatui.com.br\/guia\/wp-json\/wp\/v2\/types\/post"}],"author":[{"embeddable":true,"href":"https:\/\/www.encontratatui.com.br\/guia\/wp-json\/wp\/v2\/users\/1"}],"replies":[{"embeddable":true,"href":"https:\/\/www.encontratatui.com.br\/guia\/wp-json\/wp\/v2\/comments?post=5560"}],"version-history":[{"count":0,"href":"https:\/\/www.encontratatui.com.br\/guia\/wp-json\/wp\/v2\/posts\/5560\/revisions"}],"wp:featuredmedia":[{"embeddable":true,"href":"https:\/\/www.encontratatui.com.br\/guia\/wp-json\/wp\/v2\/media\/5559"}],"wp:attachment":[{"href":"https:\/\/www.encontratatui.com.br\/guia\/wp-json\/wp\/v2\/media?parent=5560"}],"wp:term":[{"taxonomy":"category","embeddable":true,"href":"https:\/\/www.encontratatui.com.br\/guia\/wp-json\/wp\/v2\/categories?post=5560"},{"taxonomy":"post_tag","embeddable":true,"href":"https:\/\/www.encontratatui.com.br\/guia\/wp-json\/wp\/v2\/tags?post=5560"}],"curies":[{"name":"wp","href":"https:\/\/api.w.org\/{rel}","templated":true}]}}