{"id":5554,"date":"2026-07-03T11:03:45","date_gmt":"2026-07-03T14:03:45","guid":{"rendered":"https:\/\/www.encontratatui.com.br\/guia\/tatui-acelera-producao-para-a-12a-feira-do-doce\/"},"modified":"2026-07-03T11:03:45","modified_gmt":"2026-07-03T14:03:45","slug":"tatui-acelera-producao-para-a-12a-feira-do-doce","status":"publish","type":"post","link":"https:\/\/www.encontratatui.com.br\/guia\/tatui-acelera-producao-para-a-12a-feira-do-doce\/","title":{"rendered":"Tatu\u00ed acelera produ\u00e7\u00e3o para a 12\u00aa Feira do Doce"},"content":{"rendered":"<h2>O que Esperar da 12\u00aa Feira do Doce<\/h2>\n<p>A 12\u00aa Feira do Doce promete ser um evento repleto de sabor e tradi\u00e7\u00f5es. Realizada na cidade de Tatu\u00ed, de 8 a 12 de julho, a feira atrai visitantes de diversas regi\u00f5es, oferecendo uma vasta gama de iguarias que refletem a rica cultura local. Os visitantes podem esperar encontrar n\u00e3o apenas uma variedade de doces artesanais, mas tamb\u00e9m uma imers\u00e3o na cultura gastron\u00f4mica da regi\u00e3o.<\/p>\n<h2>Preparativos para a Feira do Doce em Tatu\u00ed<\/h2>\n<p>Os organizadores da feira t\u00eam se preparado intensamente para garantir que o evento seja um sucesso. Cozinhas e f\u00e1bricas locais est\u00e3o trabalhando a todo vapor para criar o ambiente perfeito, com a produ\u00e7\u00e3o dos tradicionais doces. Preparativos incluem desde a decora\u00e7\u00e3o dos espa\u00e7os at\u00e9 a defini\u00e7\u00e3o da log\u00edstica para acomodar os visitantes da melhor forma.<\/p>\n<h2>A Import\u00e2ncia da Feira do Doce para a Economia Local<\/h2>\n<p>A Feira do Doce n\u00e3o \u00e9 apenas um evento festivo; tem um papel significativo na economia de Tatu\u00ed. Ela estimula o com\u00e9rcio local, oferecendo aos pequenos produtores e confeiteiros a oportunidade de expor e vender suas mercadorias. O evento atrai turistas, gerando receita para a cidade, e incrementa a visibilidade dos produtos regionais.<\/p>\n<p><img decoding=\"async\" src=\"https:\/\/www.encontratatui.com.br\/guia\/wp-content\/uploads\/2026\/07\/tatui-acelera-producao-para-a-12-feira-do-doce.webp\" alt=\"Feira do Doce\" loading=\"lazy\" \/><\/p>\n<h2>Hist\u00f3ria da Feira do Doce em Tatu\u00ed<\/h2>\n<p>A Feira do Doce foi criada a fim de preservar e promover as tradi\u00e7\u00f5es culin\u00e1rias da regi\u00e3o. Desde sua primeira edi\u00e7\u00e3o, o evento vem crescendo em popularidade, tornando-se um ponto de encontro para aqueles que apreciam doces caseiros e iguarias regionais. Com o passar dos anos, a feira se diversificou, incluindo atra\u00e7\u00f5es culturais e programas para toda a fam\u00edlia.<\/p>\n<h2>Principal Atra\u00e7\u00e3o: O Doce ABC<\/h2>\n<p>Um dos grandes destaques da feira \u00e9 o c\u00e9lebre Doce ABC, feito \u00e0 base de ab\u00f3bora, batata-doce e cidra. Este doce \u00e9 considerado um s\u00edmbolo da culin\u00e1ria local e \u00e9 amado por todos os visitantes. A receita tradicional, passada de gera\u00e7\u00e3o em gera\u00e7\u00e3o, faz parte da identidade de Tatu\u00ed e \u00e9 uma atra\u00e7\u00e3o imperd\u00edvel para quem visita a feira.<\/p>\n<h2>Cozinhas e F\u00e1bricas em A\u00e7\u00e3o<\/h2>\n<p>Durante a feira, os visitantes ter\u00e3o a oportunidade de ver as cozinhas e f\u00e1bricas em plena produ\u00e7\u00e3o. Isso proporciona uma experi\u00eancia interativa, onde as pessoas podem observar como os doces s\u00e3o feitos e aprender sobre a hist\u00f3ria e a t\u00e9cnica envolvidas na fabrica\u00e7\u00e3o. Essa aproxima\u00e7\u00e3o com o processo artesanal \u00e9 um fator importante que agrega valor ao evento.<\/p>\n<h2>O Impacto da Feira na Gastronomia Regional<\/h2>\n<p>A Feira do Doce \u00e9 um evento que ressalta a gastronomia regional, ajudando a elevar o padr\u00e3o cultural e a diversidade culin\u00e1ria de Tatu\u00ed. O evento fomenta o interesse por ingredientes locais e receitas tradicionais, promovendo a preserva\u00e7\u00e3o destes produtos e t\u00e9cnicas. Al\u00e9m disso, incentiva novos talentos na \u00e1rea, que buscam uma oportunidade de mostrar suas cria\u00e7\u00f5es ao p\u00fablico.<\/p>\n<h2>Dicas de Visita\u00e7\u00e3o para a Feira do Doce<\/h2>\n<p>Para aproveitar ao m\u00e1ximo a feira, algumas dicas s\u00e3o importantes:<\/p>\n<ul>\n<li><strong>Chegue cedo:<\/strong> Para evitar filas e conseguir as melhores op\u00e7\u00f5es de produtos.<\/li>\n<li><strong>Experimente tudo:<\/strong> N\u00e3o deixe de provar diferentes doces e snacks oferecidos pelos expositores.<\/li>\n<li><strong>Leve dinheiro em esp\u00e9cie:<\/strong> Muitos vendedores podem n\u00e3o aceitar cart\u00e3o, por isso, \u00e9 interessante levar dinheiro.<\/li>\n<li><strong>Visite os estandes em hor\u00e1rios alternados:<\/strong> Isso ajuda a evitar multid\u00f5es e proporciona um passeio mais agrad\u00e1vel.<\/li>\n<\/ul>\n<h2>Eventos e Atividades Paralelas na Feira<\/h2>\n<p>A feira n\u00e3o se resume apenas \u00e0 venda de doces. Durante os cinco dias de evento, haver\u00e1 diversas atividades, como apresenta\u00e7\u00f5es culturais, shows musicais e oficinas de culin\u00e1ria, que prometem entreter visitantes de todas as idades. Esses eventos paralelos s\u00e3o fundamentais para criar uma atmosfera festiva e inclusiva.<\/p>\n<h2>Como Participar da Feira do Doce<\/h2>\n<p>Para participar deste evento encantador, os interessados podem entrar em contato com os organizadores da feira atrav\u00e9s das redes sociais ou do site oficial. A participa\u00e7\u00e3o \u00e9 aberta para todos os que desejam expor suas del\u00edcias, al\u00e9m de convidados especiais que prometem enriquecer ainda mais a programa\u00e7\u00e3o cultural. \u00c9 uma chance \u00fanica de se conectar com a comunidade, aprender e, claro, saborear a tradi\u00e7\u00e3o doceira de Tatu\u00ed.<\/p>\n","protected":false},"excerpt":{"rendered":"<p>Tatu\u00ed acelera produ\u00e7\u00e3o para garantir sucesso na 12\u00aa Feira do Doce.<\/p>\n","protected":false},"author":1,"featured_media":5553,"comment_status":"open","ping_status":"open","sticky":false,"template":"","format":"standard","meta":{"footnotes":""},"categories":[897],"tags":[],"class_list":["post-5554","post","type-post","status-publish","format-standard","has-post-thumbnail","hentry","category-eventos","has_thumb"],"yoast_head":"<!-- This site is optimized with the Yoast SEO plugin v28.1 - https:\/\/yoast.com\/product\/yoast-seo-wordpress\/ -->\n<title>Tatu\u00ed acelera produ\u00e7\u00e3o para a 12\u00aa Feira do Doce | Guia Comercial de Tatu\u00ed SP<\/title>\n<meta name=\"robots\" content=\"index, follow, max-snippet:-1, max-image-preview:large, max-video-preview:-1\" \/>\n<link rel=\"canonical\" href=\"https:\/\/www.encontratatui.com.br\/guia\/tatui-acelera-producao-para-a-12a-feira-do-doce\/\" \/>\n<meta property=\"og:locale\" content=\"pt_BR\" \/>\n<meta property=\"og:type\" content=\"article\" \/>\n<meta property=\"og:title\" content=\"Tatu\u00ed acelera produ\u00e7\u00e3o para a 12\u00aa Feira do Doce | Guia Comercial de Tatu\u00ed SP\" \/>\n<meta property=\"og:description\" content=\"Tatu\u00ed acelera produ\u00e7\u00e3o para garantir sucesso na 12\u00aa Feira do Doce.\" \/>\n<meta property=\"og:url\" content=\"https:\/\/www.encontratatui.com.br\/guia\/tatui-acelera-producao-para-a-12a-feira-do-doce\/\" \/>\n<meta property=\"og:site_name\" content=\"Guia Comercial de Tatu\u00ed SP\" \/>\n<meta property=\"article:published_time\" content=\"2026-07-03T14:03:45+00:00\" \/>\n<meta property=\"og:image\" content=\"https:\/\/www.encontratatui.com.br\/guia\/wp-content\/uploads\/2026\/07\/tatui-acelera-producao-para-a-12-feira-do-doce.webp\" \/>\n<meta name=\"author\" content=\"Encontra Tatu\u00ed\" \/>\n<meta name=\"twitter:card\" content=\"summary_large_image\" \/>\n<meta name=\"twitter:label1\" content=\"Escrito por\" \/>\n\t<meta name=\"twitter:data1\" content=\"Encontra Tatu\u00ed\" \/>\n\t<meta name=\"twitter:label2\" content=\"Est. tempo de leitura\" \/>\n\t<meta name=\"twitter:data2\" content=\"4 minutos\" \/>\n<script type=\"application\/ld+json\" class=\"yoast-schema-graph\">{\"@context\":\"https:\\\/\\\/schema.org\",\"@graph\":[{\"@type\":\"Article\",\"@id\":\"https:\\\/\\\/www.encontratatui.com.br\\\/guia\\\/tatui-acelera-producao-para-a-12a-feira-do-doce\\\/#article\",\"isPartOf\":{\"@id\":\"https:\\\/\\\/www.encontratatui.com.br\\\/guia\\\/tatui-acelera-producao-para-a-12a-feira-do-doce\\\/\"},\"author\":{\"name\":\"Encontra Tatu\u00ed\",\"@id\":\"https:\\\/\\\/www.encontratatui.com.br\\\/guia\\\/#\\\/schema\\\/person\\\/58bdf1fd3aa9b268c5f8255d8a6dbf25\"},\"headline\":\"Tatu\u00ed acelera produ\u00e7\u00e3o para a 12\u00aa Feira do Doce\",\"datePublished\":\"2026-07-03T14:03:45+00:00\",\"mainEntityOfPage\":{\"@id\":\"https:\\\/\\\/www.encontratatui.com.br\\\/guia\\\/tatui-acelera-producao-para-a-12a-feira-do-doce\\\/\"},\"wordCount\":727,\"commentCount\":0,\"image\":{\"@id\":\"https:\\\/\\\/www.encontratatui.com.br\\\/guia\\\/tatui-acelera-producao-para-a-12a-feira-do-doce\\\/#primaryimage\"},\"thumbnailUrl\":\"https:\\\/\\\/www.encontratatui.com.br\\\/guia\\\/wp-content\\\/uploads\\\/2026\\\/07\\\/tatui-acelera-producao-para-a-12-feira-do-doce.webp\",\"articleSection\":[\"Eventos Tatu\u00ed\"],\"inLanguage\":\"pt-BR\",\"potentialAction\":[{\"@type\":\"CommentAction\",\"name\":\"Comment\",\"target\":[\"https:\\\/\\\/www.encontratatui.com.br\\\/guia\\\/tatui-acelera-producao-para-a-12a-feira-do-doce\\\/#respond\"]}]},{\"@type\":\"WebPage\",\"@id\":\"https:\\\/\\\/www.encontratatui.com.br\\\/guia\\\/tatui-acelera-producao-para-a-12a-feira-do-doce\\\/\",\"url\":\"https:\\\/\\\/www.encontratatui.com.br\\\/guia\\\/tatui-acelera-producao-para-a-12a-feira-do-doce\\\/\",\"name\":\"Tatu\u00ed acelera produ\u00e7\u00e3o para a 12\u00aa Feira do Doce | Guia Comercial de Tatu\u00ed SP\",\"isPartOf\":{\"@id\":\"https:\\\/\\\/www.encontratatui.com.br\\\/guia\\\/#website\"},\"primaryImageOfPage\":{\"@id\":\"https:\\\/\\\/www.encontratatui.com.br\\\/guia\\\/tatui-acelera-producao-para-a-12a-feira-do-doce\\\/#primaryimage\"},\"image\":{\"@id\":\"https:\\\/\\\/www.encontratatui.com.br\\\/guia\\\/tatui-acelera-producao-para-a-12a-feira-do-doce\\\/#primaryimage\"},\"thumbnailUrl\":\"https:\\\/\\\/www.encontratatui.com.br\\\/guia\\\/wp-content\\\/uploads\\\/2026\\\/07\\\/tatui-acelera-producao-para-a-12-feira-do-doce.webp\",\"datePublished\":\"2026-07-03T14:03:45+00:00\",\"author\":{\"@id\":\"https:\\\/\\\/www.encontratatui.com.br\\\/guia\\\/#\\\/schema\\\/person\\\/58bdf1fd3aa9b268c5f8255d8a6dbf25\"},\"inLanguage\":\"pt-BR\",\"potentialAction\":[{\"@type\":\"ReadAction\",\"target\":[\"https:\\\/\\\/www.encontratatui.com.br\\\/guia\\\/tatui-acelera-producao-para-a-12a-feira-do-doce\\\/\"]}]},{\"@type\":\"ImageObject\",\"inLanguage\":\"pt-BR\",\"@id\":\"https:\\\/\\\/www.encontratatui.com.br\\\/guia\\\/tatui-acelera-producao-para-a-12a-feira-do-doce\\\/#primaryimage\",\"url\":\"https:\\\/\\\/www.encontratatui.com.br\\\/guia\\\/wp-content\\\/uploads\\\/2026\\\/07\\\/tatui-acelera-producao-para-a-12-feira-do-doce.webp\",\"contentUrl\":\"https:\\\/\\\/www.encontratatui.com.br\\\/guia\\\/wp-content\\\/uploads\\\/2026\\\/07\\\/tatui-acelera-producao-para-a-12-feira-do-doce.webp\",\"width\":280,\"height\":280,\"caption\":\"Feira do Doce\"},{\"@type\":\"WebSite\",\"@id\":\"https:\\\/\\\/www.encontratatui.com.br\\\/guia\\\/#website\",\"url\":\"https:\\\/\\\/www.encontratatui.com.br\\\/guia\\\/\",\"name\":\"Guia Comercial de Tatu\u00ed SP\",\"description\":\"ENCONTRA TATU\u00cd - O guia comercial de neg\u00f3cios e empresas, cultura e divers\u00e3o na cidade de Tatu\u00ed. Feito 100% para voc\u00ea morador!\",\"potentialAction\":[{\"@type\":\"SearchAction\",\"target\":{\"@type\":\"EntryPoint\",\"urlTemplate\":\"https:\\\/\\\/www.encontratatui.com.br\\\/guia\\\/?s={search_term_string}\"},\"query-input\":{\"@type\":\"PropertyValueSpecification\",\"valueRequired\":true,\"valueName\":\"search_term_string\"}}],\"inLanguage\":\"pt-BR\"},{\"@type\":\"Person\",\"@id\":\"https:\\\/\\\/www.encontratatui.com.br\\\/guia\\\/#\\\/schema\\\/person\\\/58bdf1fd3aa9b268c5f8255d8a6dbf25\",\"name\":\"Encontra Tatu\u00ed\",\"image\":{\"@type\":\"ImageObject\",\"inLanguage\":\"pt-BR\",\"@id\":\"https:\\\/\\\/www.encontratatui.com.br\\\/guia\\\/wp-content\\\/litespeed\\\/avatar\\\/e92a756db1fc224ef50d2f00ed0d047a.jpg?ver=1788446156\",\"url\":\"https:\\\/\\\/www.encontratatui.com.br\\\/guia\\\/wp-content\\\/litespeed\\\/avatar\\\/e92a756db1fc224ef50d2f00ed0d047a.jpg?ver=1788446156\",\"contentUrl\":\"https:\\\/\\\/www.encontratatui.com.br\\\/guia\\\/wp-content\\\/litespeed\\\/avatar\\\/e92a756db1fc224ef50d2f00ed0d047a.jpg?ver=1788446156\",\"caption\":\"Encontra Tatu\u00ed\"},\"url\":\"https:\\\/\\\/www.encontratatui.com.br\\\/guia\\\/author\\\/encontratatui\\\/\"}]}<\/script>\n<!-- \/ Yoast SEO plugin. -->","yoast_head_json":{"title":"Tatu\u00ed acelera produ\u00e7\u00e3o para a 12\u00aa Feira do Doce | Guia Comercial de Tatu\u00ed SP","robots":{"index":"index","follow":"follow","max-snippet":"max-snippet:-1","max-image-preview":"max-image-preview:large","max-video-preview":"max-video-preview:-1"},"canonical":"https:\/\/www.encontratatui.com.br\/guia\/tatui-acelera-producao-para-a-12a-feira-do-doce\/","og_locale":"pt_BR","og_type":"article","og_title":"Tatu\u00ed acelera produ\u00e7\u00e3o para a 12\u00aa Feira do Doce | Guia Comercial de Tatu\u00ed SP","og_description":"Tatu\u00ed acelera produ\u00e7\u00e3o para garantir sucesso na 12\u00aa Feira do Doce.","og_url":"https:\/\/www.encontratatui.com.br\/guia\/tatui-acelera-producao-para-a-12a-feira-do-doce\/","og_site_name":"Guia Comercial de Tatu\u00ed SP","article_published_time":"2026-07-03T14:03:45+00:00","og_image":[{"url":"https:\/\/www.encontratatui.com.br\/guia\/wp-content\/uploads\/2026\/07\/tatui-acelera-producao-para-a-12-feira-do-doce.webp","type":"","width":"","height":""}],"author":"Encontra Tatu\u00ed","twitter_card":"summary_large_image","twitter_misc":{"Escrito por":"Encontra Tatu\u00ed","Est. tempo de leitura":"4 minutos"},"schema":{"@context":"https:\/\/schema.org","@graph":[{"@type":"Article","@id":"https:\/\/www.encontratatui.com.br\/guia\/tatui-acelera-producao-para-a-12a-feira-do-doce\/#article","isPartOf":{"@id":"https:\/\/www.encontratatui.com.br\/guia\/tatui-acelera-producao-para-a-12a-feira-do-doce\/"},"author":{"name":"Encontra Tatu\u00ed","@id":"https:\/\/www.encontratatui.com.br\/guia\/#\/schema\/person\/58bdf1fd3aa9b268c5f8255d8a6dbf25"},"headline":"Tatu\u00ed acelera produ\u00e7\u00e3o para a 12\u00aa Feira do Doce","datePublished":"2026-07-03T14:03:45+00:00","mainEntityOfPage":{"@id":"https:\/\/www.encontratatui.com.br\/guia\/tatui-acelera-producao-para-a-12a-feira-do-doce\/"},"wordCount":727,"commentCount":0,"image":{"@id":"https:\/\/www.encontratatui.com.br\/guia\/tatui-acelera-producao-para-a-12a-feira-do-doce\/#primaryimage"},"thumbnailUrl":"https:\/\/www.encontratatui.com.br\/guia\/wp-content\/uploads\/2026\/07\/tatui-acelera-producao-para-a-12-feira-do-doce.webp","articleSection":["Eventos Tatu\u00ed"],"inLanguage":"pt-BR","potentialAction":[{"@type":"CommentAction","name":"Comment","target":["https:\/\/www.encontratatui.com.br\/guia\/tatui-acelera-producao-para-a-12a-feira-do-doce\/#respond"]}]},{"@type":"WebPage","@id":"https:\/\/www.encontratatui.com.br\/guia\/tatui-acelera-producao-para-a-12a-feira-do-doce\/","url":"https:\/\/www.encontratatui.com.br\/guia\/tatui-acelera-producao-para-a-12a-feira-do-doce\/","name":"Tatu\u00ed acelera produ\u00e7\u00e3o para a 12\u00aa Feira do Doce | Guia Comercial de Tatu\u00ed SP","isPartOf":{"@id":"https:\/\/www.encontratatui.com.br\/guia\/#website"},"primaryImageOfPage":{"@id":"https:\/\/www.encontratatui.com.br\/guia\/tatui-acelera-producao-para-a-12a-feira-do-doce\/#primaryimage"},"image":{"@id":"https:\/\/www.encontratatui.com.br\/guia\/tatui-acelera-producao-para-a-12a-feira-do-doce\/#primaryimage"},"thumbnailUrl":"https:\/\/www.encontratatui.com.br\/guia\/wp-content\/uploads\/2026\/07\/tatui-acelera-producao-para-a-12-feira-do-doce.webp","datePublished":"2026-07-03T14:03:45+00:00","author":{"@id":"https:\/\/www.encontratatui.com.br\/guia\/#\/schema\/person\/58bdf1fd3aa9b268c5f8255d8a6dbf25"},"inLanguage":"pt-BR","potentialAction":[{"@type":"ReadAction","target":["https:\/\/www.encontratatui.com.br\/guia\/tatui-acelera-producao-para-a-12a-feira-do-doce\/"]}]},{"@type":"ImageObject","inLanguage":"pt-BR","@id":"https:\/\/www.encontratatui.com.br\/guia\/tatui-acelera-producao-para-a-12a-feira-do-doce\/#primaryimage","url":"https:\/\/www.encontratatui.com.br\/guia\/wp-content\/uploads\/2026\/07\/tatui-acelera-producao-para-a-12-feira-do-doce.webp","contentUrl":"https:\/\/www.encontratatui.com.br\/guia\/wp-content\/uploads\/2026\/07\/tatui-acelera-producao-para-a-12-feira-do-doce.webp","width":280,"height":280,"caption":"Feira do Doce"},{"@type":"WebSite","@id":"https:\/\/www.encontratatui.com.br\/guia\/#website","url":"https:\/\/www.encontratatui.com.br\/guia\/","name":"Guia Comercial de Tatu\u00ed SP","description":"ENCONTRA TATU\u00cd - O guia comercial de neg\u00f3cios e empresas, cultura e divers\u00e3o na cidade de Tatu\u00ed. Feito 100% para voc\u00ea morador!","potentialAction":[{"@type":"SearchAction","target":{"@type":"EntryPoint","urlTemplate":"https:\/\/www.encontratatui.com.br\/guia\/?s={search_term_string}"},"query-input":{"@type":"PropertyValueSpecification","valueRequired":true,"valueName":"search_term_string"}}],"inLanguage":"pt-BR"},{"@type":"Person","@id":"https:\/\/www.encontratatui.com.br\/guia\/#\/schema\/person\/58bdf1fd3aa9b268c5f8255d8a6dbf25","name":"Encontra Tatu\u00ed","image":{"@type":"ImageObject","inLanguage":"pt-BR","@id":"https:\/\/www.encontratatui.com.br\/guia\/wp-content\/litespeed\/avatar\/e92a756db1fc224ef50d2f00ed0d047a.jpg?ver=1788446156","url":"https:\/\/www.encontratatui.com.br\/guia\/wp-content\/litespeed\/avatar\/e92a756db1fc224ef50d2f00ed0d047a.jpg?ver=1788446156","contentUrl":"https:\/\/www.encontratatui.com.br\/guia\/wp-content\/litespeed\/avatar\/e92a756db1fc224ef50d2f00ed0d047a.jpg?ver=1788446156","caption":"Encontra Tatu\u00ed"},"url":"https:\/\/www.encontratatui.com.br\/guia\/author\/encontratatui\/"}]}},"_links":{"self":[{"href":"https:\/\/www.encontratatui.com.br\/guia\/wp-json\/wp\/v2\/posts\/5554","targetHints":{"allow":["GET"]}}],"collection":[{"href":"https:\/\/www.encontratatui.com.br\/guia\/wp-json\/wp\/v2\/posts"}],"about":[{"href":"https:\/\/www.encontratatui.com.br\/guia\/wp-json\/wp\/v2\/types\/post"}],"author":[{"embeddable":true,"href":"https:\/\/www.encontratatui.com.br\/guia\/wp-json\/wp\/v2\/users\/1"}],"replies":[{"embeddable":true,"href":"https:\/\/www.encontratatui.com.br\/guia\/wp-json\/wp\/v2\/comments?post=5554"}],"version-history":[{"count":0,"href":"https:\/\/www.encontratatui.com.br\/guia\/wp-json\/wp\/v2\/posts\/5554\/revisions"}],"wp:featuredmedia":[{"embeddable":true,"href":"https:\/\/www.encontratatui.com.br\/guia\/wp-json\/wp\/v2\/media\/5553"}],"wp:attachment":[{"href":"https:\/\/www.encontratatui.com.br\/guia\/wp-json\/wp\/v2\/media?parent=5554"}],"wp:term":[{"taxonomy":"category","embeddable":true,"href":"https:\/\/www.encontratatui.com.br\/guia\/wp-json\/wp\/v2\/categories?post=5554"},{"taxonomy":"post_tag","embeddable":true,"href":"https:\/\/www.encontratatui.com.br\/guia\/wp-json\/wp\/v2\/tags?post=5554"}],"curies":[{"name":"wp","href":"https:\/\/api.w.org\/{rel}","templated":true}]}}