{"id":5534,"date":"2026-06-29T14:13:06","date_gmt":"2026-06-29T17:13:06","guid":{"rendered":"https:\/\/www.encontratatui.com.br\/guia\/exposicao-nacional-do-cavalo-mangalarga-2026-reune-criadores-provas-e-negocios-em-tatui-sp\/"},"modified":"2026-06-29T14:13:06","modified_gmt":"2026-06-29T17:13:06","slug":"exposicao-nacional-do-cavalo-mangalarga-2026-reune-criadores-provas-e-negocios-em-tatui-sp","status":"publish","type":"post","link":"https:\/\/www.encontratatui.com.br\/guia\/exposicao-nacional-do-cavalo-mangalarga-2026-reune-criadores-provas-e-negocios-em-tatui-sp\/","title":{"rendered":"Exposi\u00e7\u00e3o Nacional do Cavalo Mangalarga 2026 re\u00fane criadores, provas e neg\u00f3cios em Tatu\u00ed (SP)"},"content":{"rendered":"<h2>Data e Local da Exposi\u00e7\u00e3o<\/h2>\n<p>Entre os dias 4 e 12 de julho de 2026, a 48\u00aa Exposi\u00e7\u00e3o Nacional do Cavalo Mangalarga ser\u00e1 realizada na cidade de Tatu\u00ed, interior de S\u00e3o Paulo. Este evento, promovido pela Associa\u00e7\u00e3o Brasileira de Criadores de Cavalos da Ra\u00e7a Mangalarga (ABCCRM), se destaca no calend\u00e1rio da equinocultura brasileira.<\/p>\n<h2>A Hist\u00f3ria do Cavalo Mangalarga<\/h2>\n<p>A ra\u00e7a Mangalarga possui uma rica hist\u00f3ria no Brasil, originando-se no s\u00e9culo XIX. Desenvolvida a partir de cruzamentos de ra\u00e7as europeias com equinos nativos, o Mangalarga se consolidou como um dos principais cavalos de sela do pa\u00eds. Seu temperamento gentil, aliado \u00e0 eleg\u00e2ncia e \u00e0 funcionalidade, faz dele uma escolha popular entre os criadores.<\/p>\n<h2>Import\u00e2ncia da Exposi\u00e7\u00e3o para Criadores<\/h2>\n<p>A Exposi\u00e7\u00e3o Nacional \u00e9 um evento fundamental para os criadores de Mangalarga, pois oferece uma plataforma para avaliar e promover a excel\u00eancia gen\u00e9tica da ra\u00e7a. Criadores t\u00eam a oportunidade de mostrar seus animais, competir em diversas categorias e fortalecer la\u00e7os com outros profissionais do setor. A competi\u00e7\u00e3o \u00e9 uma vitrine da evolu\u00e7\u00e3o das t\u00e9cnicas de manejo e sele\u00e7\u00e3o gen\u00e9tica.<\/p>\n<p><img decoding=\"async\" src=\"https:\/\/www.encontratatui.com.br\/guia\/wp-content\/uploads\/2026\/06\/exposicao-nacional-do-cavalo-mangalarga-2026-reune-criadores-provas-e-negocios-em-tatui-sp.webp\" alt=\"\" loading=\"lazy\" \/><\/p>\n<h2>Programa\u00e7\u00e3o: O Que Esperar do Evento<\/h2>\n<p>A programa\u00e7\u00e3o da Exposi\u00e7\u00e3o Nacional \u00e9 repleta de atividades, proporcionando uma experi\u00eancia variada. O evento incluir\u00e1:<\/p>\n<ul>\n<li><strong>Julgamentos de Morfologia:<\/strong> Avalia\u00e7\u00e3o da conforma\u00e7\u00e3o f\u00edsica dos animais, essencial para a sele\u00e7\u00e3o da ra\u00e7a.<\/li>\n<li><strong>Provas Funcionais:<\/strong> Desafios que testam a habilidade dos cavalos em atividades pr\u00e1ticas.<\/li>\n<li><strong>Leil\u00f5es:<\/strong> Oportunidades de compra e venda de animais de alta qualidade.<\/li>\n<li><strong>Demonstra\u00e7\u00f5es T\u00e9cnicas:<\/strong> Apresenta\u00e7\u00f5es sobre manejo e cuidados espec\u00edficos com a ra\u00e7a.<\/li>\n<li><strong>Atividades de Educa\u00e7\u00e3o:<\/strong> Palestras e workshops que visam atualizar conhecimentos sobre a cria\u00e7\u00e3o de cavalos.<\/li>\n<\/ul>\n<h2>Provas e Competi\u00e7\u00f5es Destacadas<\/h2>\n<p>As competi\u00e7\u00f5es s\u00e3o um dos pontos altos da Exposi\u00e7\u00e3o. As <strong>Provas Sociais<\/strong>, que ocorrem no primeiro dia, s\u00e3o sempre muito esperadas. Na sequ\u00eancia, competi\u00e7\u00f5es como o <strong>Ranch Sorting<\/strong> trazem uma nova dimens\u00e3o ao evento, atraindo n\u00e3o apenas participantes, mas tamb\u00e9m um p\u00fablico entusiasta dos esportes equestres.<\/p>\n<h2>O Papel da ABCCRM na Exposi\u00e7\u00e3o<\/h2>\n<p>A ABCCRM desempenha um papel fundamental na organiza\u00e7\u00e3o e promo\u00e7\u00e3o da Exposi\u00e7\u00e3o Nacional. Sua responsabilidade inclui a normatiza\u00e7\u00e3o das provas, a elabora\u00e7\u00e3o de regulamentos e a garantia de que os eventos ocorram de forma justa e transparente. A associa\u00e7\u00e3o tamb\u00e9m atua na miss\u00e3o de fomentar a cria\u00e7\u00e3o e o desenvolvimento da ra\u00e7a Mangalarga no Brasil.<\/p>\n<h2>Networking e Oportunidades de Neg\u00f3cios<\/h2>\n<p>Um dos aspectos mais significativos da Exposi\u00e7\u00e3o \u00e9 a oportunidade de networking. Criadores, investidores e profissionais do setor se re\u00fanem, compartilhando experi\u00eancias e conhecimentos, al\u00e9m de buscar parcerias comerciais. Este ambiente colaborativo pode gerar novas oportunidades de neg\u00f3cios e expandir a rede de contatos entre os participantes.<\/p>\n<h2>Evolu\u00e7\u00e3o Gen\u00e9tica do Mangalarga<\/h2>\n<p>A Exposi\u00e7\u00e3o \u00e9 um reflexo da evolu\u00e7\u00e3o gen\u00e9tica do Mangalarga. Com programas de melhoramento cont\u00ednuo, os criadores t\u00eam investido na sele\u00e7\u00e3o de caracter\u00edsticas desej\u00e1veis, como temperamento, resist\u00eancia e desempenho atl\u00e9tico. A valoriza\u00e7\u00e3o da gen\u00e9tica superior \u00e9 o que motiva muitos a participarem do evento.<\/p>\n<h2>Impacto da Expo na Equinocultura Brasileira<\/h2>\n<p>A Exposi\u00e7\u00e3o Nacional do Cavalo Mangalarga impacta diretamente a equinocultura no Brasil. Contribui para o fortalecimento da ind\u00fastria, promovendo a ra\u00e7a e melhorando sua visibilidade no mercado. Al\u00e9m disso, estimula investimentos e a inova\u00e7\u00e3o na cria\u00e7\u00e3o de cavalos, gerando um efeito positivo em toda a cadeia produtiva.<\/p>\n<h2>Experi\u00eancias e Atividades Paralelas<\/h2>\n<p>Al\u00e9m das competi\u00e7\u00f5es, a Exposi\u00e7\u00e3o oferece uma s\u00e9rie de experi\u00eancias paralelas, como feiras de produtos e servi\u00e7os relacionados \u00e0 equinocultura. Os visitantes podem aproveitar para conhecer inova\u00e7\u00f5es tecnol\u00f3gicas, produtos de manejo e at\u00e9 servi\u00e7os veterin\u00e1rios, tornando o evento uma vitrine do que h\u00e1 de mais recente no mercado.<\/p>\n","protected":false},"excerpt":{"rendered":"<p>A Exposi\u00e7\u00e3o Nacional do Cavalo Mangalarga 2026 acontece em Tatu\u00ed, unindo criadores e oportunidades de neg\u00f3cios.<\/p>\n","protected":false},"author":1,"featured_media":5533,"comment_status":"open","ping_status":"open","sticky":false,"template":"","format":"standard","meta":{"footnotes":""},"categories":[898],"tags":[],"class_list":["post-5534","post","type-post","status-publish","format-standard","has-post-thumbnail","hentry","category-exposicao","has_thumb"],"yoast_head":"<!-- This site is optimized with the Yoast SEO plugin v28.1 - https:\/\/yoast.com\/product\/yoast-seo-wordpress\/ -->\n<title>Exposi\u00e7\u00e3o Nacional do Cavalo Mangalarga 2026 re\u00fane criadores, provas e neg\u00f3cios em Tatu\u00ed (SP) | Guia Comercial de Tatu\u00ed SP<\/title>\n<meta name=\"robots\" content=\"index, follow, max-snippet:-1, max-image-preview:large, max-video-preview:-1\" \/>\n<link rel=\"canonical\" href=\"https:\/\/www.encontratatui.com.br\/guia\/exposicao-nacional-do-cavalo-mangalarga-2026-reune-criadores-provas-e-negocios-em-tatui-sp\/\" \/>\n<meta property=\"og:locale\" content=\"pt_BR\" \/>\n<meta property=\"og:type\" content=\"article\" \/>\n<meta property=\"og:title\" content=\"Exposi\u00e7\u00e3o Nacional do Cavalo Mangalarga 2026 re\u00fane criadores, provas e neg\u00f3cios em Tatu\u00ed (SP) | Guia Comercial de Tatu\u00ed SP\" \/>\n<meta property=\"og:description\" content=\"A Exposi\u00e7\u00e3o Nacional do Cavalo Mangalarga 2026 acontece em Tatu\u00ed, unindo criadores e oportunidades de neg\u00f3cios.\" \/>\n<meta property=\"og:url\" content=\"https:\/\/www.encontratatui.com.br\/guia\/exposicao-nacional-do-cavalo-mangalarga-2026-reune-criadores-provas-e-negocios-em-tatui-sp\/\" \/>\n<meta property=\"og:site_name\" content=\"Guia Comercial de Tatu\u00ed SP\" \/>\n<meta property=\"article:published_time\" content=\"2026-06-29T17:13:06+00:00\" \/>\n<meta property=\"og:image\" content=\"https:\/\/www.encontratatui.com.br\/guia\/wp-content\/uploads\/2026\/06\/exposicao-nacional-do-cavalo-mangalarga-2026-reune-criadores-provas-e-negocios-em-tatui-sp.webp\" \/>\n<meta name=\"author\" content=\"Encontra Tatu\u00ed\" \/>\n<meta name=\"twitter:card\" content=\"summary_large_image\" \/>\n<meta name=\"twitter:label1\" content=\"Escrito por\" \/>\n\t<meta name=\"twitter:data1\" content=\"Encontra Tatu\u00ed\" \/>\n\t<meta name=\"twitter:label2\" content=\"Est. tempo de leitura\" \/>\n\t<meta name=\"twitter:data2\" content=\"3 minutos\" \/>\n<script type=\"application\/ld+json\" class=\"yoast-schema-graph\">{\"@context\":\"https:\\\/\\\/schema.org\",\"@graph\":[{\"@type\":\"Article\",\"@id\":\"https:\\\/\\\/www.encontratatui.com.br\\\/guia\\\/exposicao-nacional-do-cavalo-mangalarga-2026-reune-criadores-provas-e-negocios-em-tatui-sp\\\/#article\",\"isPartOf\":{\"@id\":\"https:\\\/\\\/www.encontratatui.com.br\\\/guia\\\/exposicao-nacional-do-cavalo-mangalarga-2026-reune-criadores-provas-e-negocios-em-tatui-sp\\\/\"},\"author\":{\"name\":\"Encontra Tatu\u00ed\",\"@id\":\"https:\\\/\\\/www.encontratatui.com.br\\\/guia\\\/#\\\/schema\\\/person\\\/58bdf1fd3aa9b268c5f8255d8a6dbf25\"},\"headline\":\"Exposi\u00e7\u00e3o Nacional do Cavalo Mangalarga 2026 re\u00fane criadores, provas e neg\u00f3cios em Tatu\u00ed (SP)\",\"datePublished\":\"2026-06-29T17:13:06+00:00\",\"mainEntityOfPage\":{\"@id\":\"https:\\\/\\\/www.encontratatui.com.br\\\/guia\\\/exposicao-nacional-do-cavalo-mangalarga-2026-reune-criadores-provas-e-negocios-em-tatui-sp\\\/\"},\"wordCount\":684,\"commentCount\":0,\"image\":{\"@id\":\"https:\\\/\\\/www.encontratatui.com.br\\\/guia\\\/exposicao-nacional-do-cavalo-mangalarga-2026-reune-criadores-provas-e-negocios-em-tatui-sp\\\/#primaryimage\"},\"thumbnailUrl\":\"https:\\\/\\\/www.encontratatui.com.br\\\/guia\\\/wp-content\\\/uploads\\\/2026\\\/06\\\/exposicao-nacional-do-cavalo-mangalarga-2026-reune-criadores-provas-e-negocios-em-tatui-sp.webp\",\"articleSection\":[\"Exposi\u00e7\u00e3o Tatu\u00ed\"],\"inLanguage\":\"pt-BR\",\"potentialAction\":[{\"@type\":\"CommentAction\",\"name\":\"Comment\",\"target\":[\"https:\\\/\\\/www.encontratatui.com.br\\\/guia\\\/exposicao-nacional-do-cavalo-mangalarga-2026-reune-criadores-provas-e-negocios-em-tatui-sp\\\/#respond\"]}]},{\"@type\":\"WebPage\",\"@id\":\"https:\\\/\\\/www.encontratatui.com.br\\\/guia\\\/exposicao-nacional-do-cavalo-mangalarga-2026-reune-criadores-provas-e-negocios-em-tatui-sp\\\/\",\"url\":\"https:\\\/\\\/www.encontratatui.com.br\\\/guia\\\/exposicao-nacional-do-cavalo-mangalarga-2026-reune-criadores-provas-e-negocios-em-tatui-sp\\\/\",\"name\":\"Exposi\u00e7\u00e3o Nacional do Cavalo Mangalarga 2026 re\u00fane criadores, provas e neg\u00f3cios em Tatu\u00ed (SP) | Guia Comercial de Tatu\u00ed SP\",\"isPartOf\":{\"@id\":\"https:\\\/\\\/www.encontratatui.com.br\\\/guia\\\/#website\"},\"primaryImageOfPage\":{\"@id\":\"https:\\\/\\\/www.encontratatui.com.br\\\/guia\\\/exposicao-nacional-do-cavalo-mangalarga-2026-reune-criadores-provas-e-negocios-em-tatui-sp\\\/#primaryimage\"},\"image\":{\"@id\":\"https:\\\/\\\/www.encontratatui.com.br\\\/guia\\\/exposicao-nacional-do-cavalo-mangalarga-2026-reune-criadores-provas-e-negocios-em-tatui-sp\\\/#primaryimage\"},\"thumbnailUrl\":\"https:\\\/\\\/www.encontratatui.com.br\\\/guia\\\/wp-content\\\/uploads\\\/2026\\\/06\\\/exposicao-nacional-do-cavalo-mangalarga-2026-reune-criadores-provas-e-negocios-em-tatui-sp.webp\",\"datePublished\":\"2026-06-29T17:13:06+00:00\",\"author\":{\"@id\":\"https:\\\/\\\/www.encontratatui.com.br\\\/guia\\\/#\\\/schema\\\/person\\\/58bdf1fd3aa9b268c5f8255d8a6dbf25\"},\"inLanguage\":\"pt-BR\",\"potentialAction\":[{\"@type\":\"ReadAction\",\"target\":[\"https:\\\/\\\/www.encontratatui.com.br\\\/guia\\\/exposicao-nacional-do-cavalo-mangalarga-2026-reune-criadores-provas-e-negocios-em-tatui-sp\\\/\"]}]},{\"@type\":\"ImageObject\",\"inLanguage\":\"pt-BR\",\"@id\":\"https:\\\/\\\/www.encontratatui.com.br\\\/guia\\\/exposicao-nacional-do-cavalo-mangalarga-2026-reune-criadores-provas-e-negocios-em-tatui-sp\\\/#primaryimage\",\"url\":\"https:\\\/\\\/www.encontratatui.com.br\\\/guia\\\/wp-content\\\/uploads\\\/2026\\\/06\\\/exposicao-nacional-do-cavalo-mangalarga-2026-reune-criadores-provas-e-negocios-em-tatui-sp.webp\",\"contentUrl\":\"https:\\\/\\\/www.encontratatui.com.br\\\/guia\\\/wp-content\\\/uploads\\\/2026\\\/06\\\/exposicao-nacional-do-cavalo-mangalarga-2026-reune-criadores-provas-e-negocios-em-tatui-sp.webp\",\"width\":280,\"height\":280},{\"@type\":\"WebSite\",\"@id\":\"https:\\\/\\\/www.encontratatui.com.br\\\/guia\\\/#website\",\"url\":\"https:\\\/\\\/www.encontratatui.com.br\\\/guia\\\/\",\"name\":\"Guia Comercial de Tatu\u00ed SP\",\"description\":\"ENCONTRA TATU\u00cd - O guia comercial de neg\u00f3cios e empresas, cultura e divers\u00e3o na cidade de Tatu\u00ed. Feito 100% para voc\u00ea morador!\",\"potentialAction\":[{\"@type\":\"SearchAction\",\"target\":{\"@type\":\"EntryPoint\",\"urlTemplate\":\"https:\\\/\\\/www.encontratatui.com.br\\\/guia\\\/?s={search_term_string}\"},\"query-input\":{\"@type\":\"PropertyValueSpecification\",\"valueRequired\":true,\"valueName\":\"search_term_string\"}}],\"inLanguage\":\"pt-BR\"},{\"@type\":\"Person\",\"@id\":\"https:\\\/\\\/www.encontratatui.com.br\\\/guia\\\/#\\\/schema\\\/person\\\/58bdf1fd3aa9b268c5f8255d8a6dbf25\",\"name\":\"Encontra Tatu\u00ed\",\"image\":{\"@type\":\"ImageObject\",\"inLanguage\":\"pt-BR\",\"@id\":\"https:\\\/\\\/www.encontratatui.com.br\\\/guia\\\/wp-content\\\/litespeed\\\/avatar\\\/e92a756db1fc224ef50d2f00ed0d047a.jpg?ver=1788446156\",\"url\":\"https:\\\/\\\/www.encontratatui.com.br\\\/guia\\\/wp-content\\\/litespeed\\\/avatar\\\/e92a756db1fc224ef50d2f00ed0d047a.jpg?ver=1788446156\",\"contentUrl\":\"https:\\\/\\\/www.encontratatui.com.br\\\/guia\\\/wp-content\\\/litespeed\\\/avatar\\\/e92a756db1fc224ef50d2f00ed0d047a.jpg?ver=1788446156\",\"caption\":\"Encontra Tatu\u00ed\"},\"url\":\"https:\\\/\\\/www.encontratatui.com.br\\\/guia\\\/author\\\/encontratatui\\\/\"}]}<\/script>\n<!-- \/ Yoast SEO plugin. -->","yoast_head_json":{"title":"Exposi\u00e7\u00e3o Nacional do Cavalo Mangalarga 2026 re\u00fane criadores, provas e neg\u00f3cios em Tatu\u00ed (SP) | Guia Comercial de Tatu\u00ed SP","robots":{"index":"index","follow":"follow","max-snippet":"max-snippet:-1","max-image-preview":"max-image-preview:large","max-video-preview":"max-video-preview:-1"},"canonical":"https:\/\/www.encontratatui.com.br\/guia\/exposicao-nacional-do-cavalo-mangalarga-2026-reune-criadores-provas-e-negocios-em-tatui-sp\/","og_locale":"pt_BR","og_type":"article","og_title":"Exposi\u00e7\u00e3o Nacional do Cavalo Mangalarga 2026 re\u00fane criadores, provas e neg\u00f3cios em Tatu\u00ed (SP) | Guia Comercial de Tatu\u00ed SP","og_description":"A Exposi\u00e7\u00e3o Nacional do Cavalo Mangalarga 2026 acontece em Tatu\u00ed, unindo criadores e oportunidades de neg\u00f3cios.","og_url":"https:\/\/www.encontratatui.com.br\/guia\/exposicao-nacional-do-cavalo-mangalarga-2026-reune-criadores-provas-e-negocios-em-tatui-sp\/","og_site_name":"Guia Comercial de Tatu\u00ed SP","article_published_time":"2026-06-29T17:13:06+00:00","og_image":[{"url":"https:\/\/www.encontratatui.com.br\/guia\/wp-content\/uploads\/2026\/06\/exposicao-nacional-do-cavalo-mangalarga-2026-reune-criadores-provas-e-negocios-em-tatui-sp.webp","type":"","width":"","height":""}],"author":"Encontra Tatu\u00ed","twitter_card":"summary_large_image","twitter_misc":{"Escrito por":"Encontra Tatu\u00ed","Est. tempo de leitura":"3 minutos"},"schema":{"@context":"https:\/\/schema.org","@graph":[{"@type":"Article","@id":"https:\/\/www.encontratatui.com.br\/guia\/exposicao-nacional-do-cavalo-mangalarga-2026-reune-criadores-provas-e-negocios-em-tatui-sp\/#article","isPartOf":{"@id":"https:\/\/www.encontratatui.com.br\/guia\/exposicao-nacional-do-cavalo-mangalarga-2026-reune-criadores-provas-e-negocios-em-tatui-sp\/"},"author":{"name":"Encontra Tatu\u00ed","@id":"https:\/\/www.encontratatui.com.br\/guia\/#\/schema\/person\/58bdf1fd3aa9b268c5f8255d8a6dbf25"},"headline":"Exposi\u00e7\u00e3o Nacional do Cavalo Mangalarga 2026 re\u00fane criadores, provas e neg\u00f3cios em Tatu\u00ed (SP)","datePublished":"2026-06-29T17:13:06+00:00","mainEntityOfPage":{"@id":"https:\/\/www.encontratatui.com.br\/guia\/exposicao-nacional-do-cavalo-mangalarga-2026-reune-criadores-provas-e-negocios-em-tatui-sp\/"},"wordCount":684,"commentCount":0,"image":{"@id":"https:\/\/www.encontratatui.com.br\/guia\/exposicao-nacional-do-cavalo-mangalarga-2026-reune-criadores-provas-e-negocios-em-tatui-sp\/#primaryimage"},"thumbnailUrl":"https:\/\/www.encontratatui.com.br\/guia\/wp-content\/uploads\/2026\/06\/exposicao-nacional-do-cavalo-mangalarga-2026-reune-criadores-provas-e-negocios-em-tatui-sp.webp","articleSection":["Exposi\u00e7\u00e3o Tatu\u00ed"],"inLanguage":"pt-BR","potentialAction":[{"@type":"CommentAction","name":"Comment","target":["https:\/\/www.encontratatui.com.br\/guia\/exposicao-nacional-do-cavalo-mangalarga-2026-reune-criadores-provas-e-negocios-em-tatui-sp\/#respond"]}]},{"@type":"WebPage","@id":"https:\/\/www.encontratatui.com.br\/guia\/exposicao-nacional-do-cavalo-mangalarga-2026-reune-criadores-provas-e-negocios-em-tatui-sp\/","url":"https:\/\/www.encontratatui.com.br\/guia\/exposicao-nacional-do-cavalo-mangalarga-2026-reune-criadores-provas-e-negocios-em-tatui-sp\/","name":"Exposi\u00e7\u00e3o Nacional do Cavalo Mangalarga 2026 re\u00fane criadores, provas e neg\u00f3cios em Tatu\u00ed (SP) | Guia Comercial de Tatu\u00ed SP","isPartOf":{"@id":"https:\/\/www.encontratatui.com.br\/guia\/#website"},"primaryImageOfPage":{"@id":"https:\/\/www.encontratatui.com.br\/guia\/exposicao-nacional-do-cavalo-mangalarga-2026-reune-criadores-provas-e-negocios-em-tatui-sp\/#primaryimage"},"image":{"@id":"https:\/\/www.encontratatui.com.br\/guia\/exposicao-nacional-do-cavalo-mangalarga-2026-reune-criadores-provas-e-negocios-em-tatui-sp\/#primaryimage"},"thumbnailUrl":"https:\/\/www.encontratatui.com.br\/guia\/wp-content\/uploads\/2026\/06\/exposicao-nacional-do-cavalo-mangalarga-2026-reune-criadores-provas-e-negocios-em-tatui-sp.webp","datePublished":"2026-06-29T17:13:06+00:00","author":{"@id":"https:\/\/www.encontratatui.com.br\/guia\/#\/schema\/person\/58bdf1fd3aa9b268c5f8255d8a6dbf25"},"inLanguage":"pt-BR","potentialAction":[{"@type":"ReadAction","target":["https:\/\/www.encontratatui.com.br\/guia\/exposicao-nacional-do-cavalo-mangalarga-2026-reune-criadores-provas-e-negocios-em-tatui-sp\/"]}]},{"@type":"ImageObject","inLanguage":"pt-BR","@id":"https:\/\/www.encontratatui.com.br\/guia\/exposicao-nacional-do-cavalo-mangalarga-2026-reune-criadores-provas-e-negocios-em-tatui-sp\/#primaryimage","url":"https:\/\/www.encontratatui.com.br\/guia\/wp-content\/uploads\/2026\/06\/exposicao-nacional-do-cavalo-mangalarga-2026-reune-criadores-provas-e-negocios-em-tatui-sp.webp","contentUrl":"https:\/\/www.encontratatui.com.br\/guia\/wp-content\/uploads\/2026\/06\/exposicao-nacional-do-cavalo-mangalarga-2026-reune-criadores-provas-e-negocios-em-tatui-sp.webp","width":280,"height":280},{"@type":"WebSite","@id":"https:\/\/www.encontratatui.com.br\/guia\/#website","url":"https:\/\/www.encontratatui.com.br\/guia\/","name":"Guia Comercial de Tatu\u00ed SP","description":"ENCONTRA TATU\u00cd - O guia comercial de neg\u00f3cios e empresas, cultura e divers\u00e3o na cidade de Tatu\u00ed. Feito 100% para voc\u00ea morador!","potentialAction":[{"@type":"SearchAction","target":{"@type":"EntryPoint","urlTemplate":"https:\/\/www.encontratatui.com.br\/guia\/?s={search_term_string}"},"query-input":{"@type":"PropertyValueSpecification","valueRequired":true,"valueName":"search_term_string"}}],"inLanguage":"pt-BR"},{"@type":"Person","@id":"https:\/\/www.encontratatui.com.br\/guia\/#\/schema\/person\/58bdf1fd3aa9b268c5f8255d8a6dbf25","name":"Encontra Tatu\u00ed","image":{"@type":"ImageObject","inLanguage":"pt-BR","@id":"https:\/\/www.encontratatui.com.br\/guia\/wp-content\/litespeed\/avatar\/e92a756db1fc224ef50d2f00ed0d047a.jpg?ver=1788446156","url":"https:\/\/www.encontratatui.com.br\/guia\/wp-content\/litespeed\/avatar\/e92a756db1fc224ef50d2f00ed0d047a.jpg?ver=1788446156","contentUrl":"https:\/\/www.encontratatui.com.br\/guia\/wp-content\/litespeed\/avatar\/e92a756db1fc224ef50d2f00ed0d047a.jpg?ver=1788446156","caption":"Encontra Tatu\u00ed"},"url":"https:\/\/www.encontratatui.com.br\/guia\/author\/encontratatui\/"}]}},"_links":{"self":[{"href":"https:\/\/www.encontratatui.com.br\/guia\/wp-json\/wp\/v2\/posts\/5534","targetHints":{"allow":["GET"]}}],"collection":[{"href":"https:\/\/www.encontratatui.com.br\/guia\/wp-json\/wp\/v2\/posts"}],"about":[{"href":"https:\/\/www.encontratatui.com.br\/guia\/wp-json\/wp\/v2\/types\/post"}],"author":[{"embeddable":true,"href":"https:\/\/www.encontratatui.com.br\/guia\/wp-json\/wp\/v2\/users\/1"}],"replies":[{"embeddable":true,"href":"https:\/\/www.encontratatui.com.br\/guia\/wp-json\/wp\/v2\/comments?post=5534"}],"version-history":[{"count":0,"href":"https:\/\/www.encontratatui.com.br\/guia\/wp-json\/wp\/v2\/posts\/5534\/revisions"}],"wp:featuredmedia":[{"embeddable":true,"href":"https:\/\/www.encontratatui.com.br\/guia\/wp-json\/wp\/v2\/media\/5533"}],"wp:attachment":[{"href":"https:\/\/www.encontratatui.com.br\/guia\/wp-json\/wp\/v2\/media?parent=5534"}],"wp:term":[{"taxonomy":"category","embeddable":true,"href":"https:\/\/www.encontratatui.com.br\/guia\/wp-json\/wp\/v2\/categories?post=5534"},{"taxonomy":"post_tag","embeddable":true,"href":"https:\/\/www.encontratatui.com.br\/guia\/wp-json\/wp\/v2\/tags?post=5534"}],"curies":[{"name":"wp","href":"https:\/\/api.w.org\/{rel}","templated":true}]}}