{"id":5489,"date":"2026-06-17T18:23:46","date_gmt":"2026-06-17T21:23:46","guid":{"rendered":"https:\/\/www.encontratatui.com.br\/guia\/12a-feira-do-doce-de-tatui-divulga-agenda-musical\/"},"modified":"2026-06-17T18:23:46","modified_gmt":"2026-06-17T21:23:46","slug":"12a-feira-do-doce-de-tatui-divulga-agenda-musical","status":"publish","type":"post","link":"https:\/\/www.encontratatui.com.br\/guia\/12a-feira-do-doce-de-tatui-divulga-agenda-musical\/","title":{"rendered":"12\u00aa Feira do Doce de Tatu\u00ed divulga agenda musical"},"content":{"rendered":"<h2>Abertura Especial com Luiza Possi<\/h2>\n<p>A 12\u00aa edi\u00e7\u00e3o da Feira do Doce de Tatu\u00ed est\u00e1 agendada para ocorrer entre os dias 8 e 12 de julho, na ic\u00f4nica Pra\u00e7a da Matriz. Um dos destaques \u00e9 o concerto de abertura, que contar\u00e1 com a presen\u00e7a da renomada cantora Luiza Possi, acompanhada pela Orquestra Sinf\u00f4nica de Tatu\u00ed. Este evento marcar\u00e1 o in\u00edcio do Festival Capital da M\u00fasica &#8220;Maestro Ant\u00f4nio Carlos Neves Campos&#8221;.<\/p>\n<p>A expectativa \u00e9 que a cerim\u00f4nia de abertura, programada para a noite de 9 de julho, re\u00fana um p\u00fablico consider\u00e1vel, refletindo o prest\u00edgio que a artista e a orquestra possuem. O espet\u00e1culo promete ser um momento de emo\u00e7\u00e3o e m\u00fasica de alta qualidade, engajando todos os presentes e sinalizando o grande potencial que a feira possui.<\/p>\n<h2>Programa\u00e7\u00e3o Variada para Todos os Gostos<\/h2>\n<p>Durante os cinco dias de festividades,  mais de trinta atra\u00e7\u00f5es musicais locais e regionais estar\u00e3o dispon\u00edveis, abrangendo uma ampla gama de estilos para o deleite dos visitantes. De MPB e bossa nova a rock internacional, a programa\u00e7\u00e3o foi elaborada para atender a diversos p\u00fablicos e gostos.<\/p>\n<p><img decoding=\"async\" src=\"https:\/\/www.encontratatui.com.br\/guia\/wp-content\/uploads\/2026\/06\/12-feira-do-doce-de-tatui-divulga-agenda-musical.webp\" alt=\"12\u00aa Feira do Doce de Tatu\u00ed\" loading=\"lazy\" \/><\/p>\n<p>O evento trar\u00e1 artistas renomados e talentos emergentes, permitindo que tanto os f\u00e3s de m\u00fasica cl\u00e1ssica quanto apreciadores de ritmos contempor\u00e2neos se sintam contemplados. \u00c9 uma oportunidade \u00fanica para experimentar novas sonoridades e reviver cl\u00e1ssicos da m\u00fasica brasileira.<\/p>\n<h2>Atividades Inclusivas na Feira do Doce<\/h2>\n<p>A Feira do Doce n\u00e3o se limita apenas \u00e0 gastronomia e m\u00fasica, mas tamb\u00e9m abra\u00e7a a inclus\u00e3o social por meio de atividades como a &#8220;Hora do Autismo&#8221;, que ocorrer\u00e1 diariamente. Esta iniciativa visa integrar pessoas com autismo nas atividades do festival, promovendo um ambiente acolhedor e inclusivo.<\/p>\n<p>Essa pr\u00e1tica demonstra o compromisso da feira com a valoriza\u00e7\u00e3o da diversidade, assegurando que todos tenham a chance de participar das festividades de maneira plena e respeitosa.<\/p>\n<h2>Como a M\u00fasica Enriquece o Ambiente<\/h2>\n<p>A diversidade musical \u00e9 um dos pilares da Feira do Doce. A m\u00fasica n\u00e3o apenas entret\u00e9m, mas tamb\u00e9m enriquece as experi\u00eancias dos visitantes, criando um ambiente vibrante e acolhedor. Com apresenta\u00e7\u00f5es que v\u00e3o desde performance de orquestras at\u00e9 shows mais casuais, h\u00e1 algo para todos.<\/p>\n<p>Atrav\u00e9s da m\u00fasica, os la\u00e7os sociais s\u00e3o fortalecidos, e o sentido de comunidade \u00e9 refor\u00e7ado. O festival \u00e9 uma celebra\u00e7\u00e3o da cultura local e da criatividade, incentivando os artistas a se expressarem e conectarem com o p\u00fablico.<\/p>\n<h2>Cultura e Gastronomia em Tatu\u00ed<\/h2>\n<p>A Feira do Doce \u00e9 um dos mais importantes eventos culturais da cidade e sua programa\u00e7\u00e3o gastron\u00f4mica complementa perfeitamente as atra\u00e7\u00f5es musicais. Durante o festival, os visitantes poder\u00e3o degustar uma variedade de doces tradicionais, que s\u00e3o verdadeiros \u00edcones da culin\u00e1ria regional.<\/p>\n<p>A proposta \u00e9 n\u00e3o apenas oferecer uma feira de produtos, mas tamb\u00e9m refor\u00e7ar as tradi\u00e7\u00f5es culin\u00e1rias que caracterizam Tatu\u00ed. Essa uni\u00e3o de m\u00fasica e gastronomia cria um ambiente que celebra o que h\u00e1 de melhor na cidade.<\/p>\n<h2>Atra\u00e7\u00f5es para o P\u00fablico Infantil<\/h2>\n<p>O festival tamb\u00e9m se preocupa em atender o p\u00fablico mais jovem. Com atra\u00e7\u00f5es voltadas para as crian\u00e7as, como shows de anima\u00e7\u00e3o e performances l\u00fadicas, a Feira do Doce garante que as fam\u00edlias tenham op\u00e7\u00f5es diversificadas para aproveitar o evento.<\/p>\n<p>Essas atividades proporcionam momentos memor\u00e1veis e divertidos para os pequenos, al\u00e9m de ensinar valores importantes, como o respeito \u00e0 diversidade e a aprecia\u00e7\u00e3o pela arte e cultura.<\/p>\n<h2>A Import\u00e2ncia do Festival para a Cidade<\/h2>\n<p>A 12\u00aa Feira do Doce representa mais do que uma simples celebra\u00e7\u00e3o anual; \u00e9 uma vitrine para a cultura local e um motor para o turismo. Eventos dessa magnitude atraem visitantes de diferentes regi\u00f5es, impulsionando a economia local e promovendo um interc\u00e2mbio cultural enriquecedor.<\/p>\n<p>A realiza\u00e7\u00e3o do festival tamb\u00e9m destaca Tatu\u00ed como um polo cultural, consolidando sua posi\u00e7\u00e3o no calend\u00e1rio de eventos estaduais e nacionais, o que pode trazer benef\u00edcios duradouros para a cidade.<\/p>\n<h2>Hist\u00f3ria da Feira do Doce<\/h2>\n<p>A hist\u00f3ria da Feira do Doce remonta a v\u00e1rias edi\u00e7\u00f5es anteriores, onde a tradi\u00e7\u00e3o de unir a comunidade em torno da cultura, da m\u00fasica e da gastronomia ganhou forma. Essa trajet\u00f3ria n\u00e3o s\u00f3 fortaleceu a identidade cultural da regi\u00e3o, mas tamb\u00e9m estabeleceu um legado de uni\u00e3o e celebra\u00e7\u00e3o entre os habitantes e visitantes.<\/p>\n<p>A feira simboliza a resili\u00eancia e o esp\u00edrito comunit\u00e1rio de Tatu\u00ed, tornando-se uma refer\u00eancia em eventos que promovem o melhor da cultura local.<\/p>\n<h2>Economia Criativa e Turismo em Tatu\u00ed<\/h2>\n<p>Por meio de eventos como a Feira do Doce, Tatu\u00ed testemunha um crescimento na economia criativa, onde artistas, m\u00fasicos e produtores locais t\u00eam a oportunidade de mostrar seu trabalho. Isso gera emprego e renda, al\u00e9m de promover o turismo na cidade.<\/p>\n<p>Ao atrair visitantes, a feira estimula o desenvolvimento de neg\u00f3cios e servi\u00e7os na regi\u00e3o, solidificando o papel da criatividade como um pilar fundamental para o futuro da cidade.<\/p>\n<h2>Dicas para Aproveitar ao M\u00e1ximo a Feira<\/h2>\n<p>Para os visitantes que desejam aproveitar ao m\u00e1ximo a Feira do Doce, algumas dicas podem ser \u00fateis:<\/p>\n<ul>\n<li><strong>Planeje sua visita:<\/strong> Consulte a programa\u00e7\u00e3o di\u00e1ria e os hor\u00e1rios das apresenta\u00e7\u00f5es para n\u00e3o perder nada.<\/li>\n<li><strong>Experimente diversos doces:<\/strong> Experimente diferentes tipos de doces para ter uma verdadeira imers\u00e3o na gastronomia local.<\/li>\n<li><strong>Participe das atividades inclusivas:<\/strong> Envolva-se nas iniciativas como a &#8220;Hora do Autismo&#8221; para contribuir com a inclus\u00e3o social.<\/li>\n<li><strong>Chegue cedo:<\/strong> Para melhor aproveitamento das atra\u00e7\u00f5es e evitar filas excessivas nos estandes de venda.<\/li>\n<li><strong>Compartilhe momentos:<\/strong> Registre suas experi\u00eancias e compartilhe nas redes sociais para promover o evento.<\/li>\n<\/ul>\n<p>Com uma programa\u00e7\u00e3o repleta de m\u00fasica, gastronomia e atividades inclusivas, a 12\u00aa Feira do Doce de Tatu\u00ed promete ser um evento memor\u00e1vel, atraindo pessoas de todas as idades para vivenciar a riqueza cultural da cidade.<\/p>\n","protected":false},"excerpt":{"rendered":"<p>A 12\u00aa Feira do Doce de Tatu\u00ed traz uma agenda musical diversificada para todos os gostos.<\/p>\n","protected":false},"author":1,"featured_media":5488,"comment_status":"open","ping_status":"open","sticky":false,"template":"","format":"standard","meta":{"footnotes":""},"categories":[5],"tags":[],"class_list":["post-5489","post","type-post","status-publish","format-standard","has-post-thumbnail","hentry","category-noticias","has_thumb"],"yoast_head":"<!-- This site is optimized with the Yoast SEO plugin v28.1 - https:\/\/yoast.com\/product\/yoast-seo-wordpress\/ -->\n<title>12\u00aa Feira do Doce de Tatu\u00ed divulga agenda musical | Guia Comercial de Tatu\u00ed SP<\/title>\n<meta name=\"robots\" content=\"index, follow, max-snippet:-1, max-image-preview:large, max-video-preview:-1\" \/>\n<link rel=\"canonical\" href=\"https:\/\/www.encontratatui.com.br\/guia\/12a-feira-do-doce-de-tatui-divulga-agenda-musical\/\" \/>\n<meta property=\"og:locale\" content=\"pt_BR\" \/>\n<meta property=\"og:type\" content=\"article\" \/>\n<meta property=\"og:title\" content=\"12\u00aa Feira do Doce de Tatu\u00ed divulga agenda musical | Guia Comercial de Tatu\u00ed SP\" \/>\n<meta property=\"og:description\" content=\"A 12\u00aa Feira do Doce de Tatu\u00ed traz uma agenda musical diversificada para todos os gostos.\" \/>\n<meta property=\"og:url\" content=\"https:\/\/www.encontratatui.com.br\/guia\/12a-feira-do-doce-de-tatui-divulga-agenda-musical\/\" \/>\n<meta property=\"og:site_name\" content=\"Guia Comercial de Tatu\u00ed SP\" \/>\n<meta property=\"article:published_time\" content=\"2026-06-17T21:23:46+00:00\" \/>\n<meta property=\"og:image\" content=\"https:\/\/www.encontratatui.com.br\/guia\/wp-content\/uploads\/2026\/06\/12-feira-do-doce-de-tatui-divulga-agenda-musical.webp\" \/>\n<meta name=\"author\" content=\"Encontra Tatu\u00ed\" \/>\n<meta name=\"twitter:card\" content=\"summary_large_image\" \/>\n<meta name=\"twitter:label1\" content=\"Escrito por\" \/>\n\t<meta name=\"twitter:data1\" content=\"Encontra Tatu\u00ed\" \/>\n\t<meta name=\"twitter:label2\" content=\"Est. tempo de leitura\" \/>\n\t<meta name=\"twitter:data2\" content=\"5 minutos\" \/>\n<script type=\"application\/ld+json\" class=\"yoast-schema-graph\">{\"@context\":\"https:\\\/\\\/schema.org\",\"@graph\":[{\"@type\":\"Article\",\"@id\":\"https:\\\/\\\/www.encontratatui.com.br\\\/guia\\\/12a-feira-do-doce-de-tatui-divulga-agenda-musical\\\/#article\",\"isPartOf\":{\"@id\":\"https:\\\/\\\/www.encontratatui.com.br\\\/guia\\\/12a-feira-do-doce-de-tatui-divulga-agenda-musical\\\/\"},\"author\":{\"name\":\"Encontra Tatu\u00ed\",\"@id\":\"https:\\\/\\\/www.encontratatui.com.br\\\/guia\\\/#\\\/schema\\\/person\\\/58bdf1fd3aa9b268c5f8255d8a6dbf25\"},\"headline\":\"12\u00aa Feira do Doce de Tatu\u00ed divulga agenda musical\",\"datePublished\":\"2026-06-17T21:23:46+00:00\",\"mainEntityOfPage\":{\"@id\":\"https:\\\/\\\/www.encontratatui.com.br\\\/guia\\\/12a-feira-do-doce-de-tatui-divulga-agenda-musical\\\/\"},\"wordCount\":1025,\"commentCount\":0,\"image\":{\"@id\":\"https:\\\/\\\/www.encontratatui.com.br\\\/guia\\\/12a-feira-do-doce-de-tatui-divulga-agenda-musical\\\/#primaryimage\"},\"thumbnailUrl\":\"https:\\\/\\\/www.encontratatui.com.br\\\/guia\\\/wp-content\\\/uploads\\\/2026\\\/06\\\/12-feira-do-doce-de-tatui-divulga-agenda-musical.webp\",\"articleSection\":[\"Not\u00edcias Tatu\u00ed\"],\"inLanguage\":\"pt-BR\",\"potentialAction\":[{\"@type\":\"CommentAction\",\"name\":\"Comment\",\"target\":[\"https:\\\/\\\/www.encontratatui.com.br\\\/guia\\\/12a-feira-do-doce-de-tatui-divulga-agenda-musical\\\/#respond\"]}]},{\"@type\":\"WebPage\",\"@id\":\"https:\\\/\\\/www.encontratatui.com.br\\\/guia\\\/12a-feira-do-doce-de-tatui-divulga-agenda-musical\\\/\",\"url\":\"https:\\\/\\\/www.encontratatui.com.br\\\/guia\\\/12a-feira-do-doce-de-tatui-divulga-agenda-musical\\\/\",\"name\":\"12\u00aa Feira do Doce de Tatu\u00ed divulga agenda musical | Guia Comercial de Tatu\u00ed SP\",\"isPartOf\":{\"@id\":\"https:\\\/\\\/www.encontratatui.com.br\\\/guia\\\/#website\"},\"primaryImageOfPage\":{\"@id\":\"https:\\\/\\\/www.encontratatui.com.br\\\/guia\\\/12a-feira-do-doce-de-tatui-divulga-agenda-musical\\\/#primaryimage\"},\"image\":{\"@id\":\"https:\\\/\\\/www.encontratatui.com.br\\\/guia\\\/12a-feira-do-doce-de-tatui-divulga-agenda-musical\\\/#primaryimage\"},\"thumbnailUrl\":\"https:\\\/\\\/www.encontratatui.com.br\\\/guia\\\/wp-content\\\/uploads\\\/2026\\\/06\\\/12-feira-do-doce-de-tatui-divulga-agenda-musical.webp\",\"datePublished\":\"2026-06-17T21:23:46+00:00\",\"author\":{\"@id\":\"https:\\\/\\\/www.encontratatui.com.br\\\/guia\\\/#\\\/schema\\\/person\\\/58bdf1fd3aa9b268c5f8255d8a6dbf25\"},\"inLanguage\":\"pt-BR\",\"potentialAction\":[{\"@type\":\"ReadAction\",\"target\":[\"https:\\\/\\\/www.encontratatui.com.br\\\/guia\\\/12a-feira-do-doce-de-tatui-divulga-agenda-musical\\\/\"]}]},{\"@type\":\"ImageObject\",\"inLanguage\":\"pt-BR\",\"@id\":\"https:\\\/\\\/www.encontratatui.com.br\\\/guia\\\/12a-feira-do-doce-de-tatui-divulga-agenda-musical\\\/#primaryimage\",\"url\":\"https:\\\/\\\/www.encontratatui.com.br\\\/guia\\\/wp-content\\\/uploads\\\/2026\\\/06\\\/12-feira-do-doce-de-tatui-divulga-agenda-musical.webp\",\"contentUrl\":\"https:\\\/\\\/www.encontratatui.com.br\\\/guia\\\/wp-content\\\/uploads\\\/2026\\\/06\\\/12-feira-do-doce-de-tatui-divulga-agenda-musical.webp\",\"width\":280,\"height\":280,\"caption\":\"12\u00aa Feira do Doce de Tatu\u00ed\"},{\"@type\":\"WebSite\",\"@id\":\"https:\\\/\\\/www.encontratatui.com.br\\\/guia\\\/#website\",\"url\":\"https:\\\/\\\/www.encontratatui.com.br\\\/guia\\\/\",\"name\":\"Guia Comercial de Tatu\u00ed SP\",\"description\":\"ENCONTRA TATU\u00cd - O guia comercial de neg\u00f3cios e empresas, cultura e divers\u00e3o na cidade de Tatu\u00ed. Feito 100% para voc\u00ea morador!\",\"potentialAction\":[{\"@type\":\"SearchAction\",\"target\":{\"@type\":\"EntryPoint\",\"urlTemplate\":\"https:\\\/\\\/www.encontratatui.com.br\\\/guia\\\/?s={search_term_string}\"},\"query-input\":{\"@type\":\"PropertyValueSpecification\",\"valueRequired\":true,\"valueName\":\"search_term_string\"}}],\"inLanguage\":\"pt-BR\"},{\"@type\":\"Person\",\"@id\":\"https:\\\/\\\/www.encontratatui.com.br\\\/guia\\\/#\\\/schema\\\/person\\\/58bdf1fd3aa9b268c5f8255d8a6dbf25\",\"name\":\"Encontra Tatu\u00ed\",\"image\":{\"@type\":\"ImageObject\",\"inLanguage\":\"pt-BR\",\"@id\":\"https:\\\/\\\/www.encontratatui.com.br\\\/guia\\\/wp-content\\\/litespeed\\\/avatar\\\/e92a756db1fc224ef50d2f00ed0d047a.jpg?ver=1788446156\",\"url\":\"https:\\\/\\\/www.encontratatui.com.br\\\/guia\\\/wp-content\\\/litespeed\\\/avatar\\\/e92a756db1fc224ef50d2f00ed0d047a.jpg?ver=1788446156\",\"contentUrl\":\"https:\\\/\\\/www.encontratatui.com.br\\\/guia\\\/wp-content\\\/litespeed\\\/avatar\\\/e92a756db1fc224ef50d2f00ed0d047a.jpg?ver=1788446156\",\"caption\":\"Encontra Tatu\u00ed\"},\"url\":\"https:\\\/\\\/www.encontratatui.com.br\\\/guia\\\/author\\\/encontratatui\\\/\"}]}<\/script>\n<!-- \/ Yoast SEO plugin. -->","yoast_head_json":{"title":"12\u00aa Feira do Doce de Tatu\u00ed divulga agenda musical | Guia Comercial de Tatu\u00ed SP","robots":{"index":"index","follow":"follow","max-snippet":"max-snippet:-1","max-image-preview":"max-image-preview:large","max-video-preview":"max-video-preview:-1"},"canonical":"https:\/\/www.encontratatui.com.br\/guia\/12a-feira-do-doce-de-tatui-divulga-agenda-musical\/","og_locale":"pt_BR","og_type":"article","og_title":"12\u00aa Feira do Doce de Tatu\u00ed divulga agenda musical | Guia Comercial de Tatu\u00ed SP","og_description":"A 12\u00aa Feira do Doce de Tatu\u00ed traz uma agenda musical diversificada para todos os gostos.","og_url":"https:\/\/www.encontratatui.com.br\/guia\/12a-feira-do-doce-de-tatui-divulga-agenda-musical\/","og_site_name":"Guia Comercial de Tatu\u00ed SP","article_published_time":"2026-06-17T21:23:46+00:00","og_image":[{"url":"https:\/\/www.encontratatui.com.br\/guia\/wp-content\/uploads\/2026\/06\/12-feira-do-doce-de-tatui-divulga-agenda-musical.webp","type":"","width":"","height":""}],"author":"Encontra Tatu\u00ed","twitter_card":"summary_large_image","twitter_misc":{"Escrito por":"Encontra Tatu\u00ed","Est. tempo de leitura":"5 minutos"},"schema":{"@context":"https:\/\/schema.org","@graph":[{"@type":"Article","@id":"https:\/\/www.encontratatui.com.br\/guia\/12a-feira-do-doce-de-tatui-divulga-agenda-musical\/#article","isPartOf":{"@id":"https:\/\/www.encontratatui.com.br\/guia\/12a-feira-do-doce-de-tatui-divulga-agenda-musical\/"},"author":{"name":"Encontra Tatu\u00ed","@id":"https:\/\/www.encontratatui.com.br\/guia\/#\/schema\/person\/58bdf1fd3aa9b268c5f8255d8a6dbf25"},"headline":"12\u00aa Feira do Doce de Tatu\u00ed divulga agenda musical","datePublished":"2026-06-17T21:23:46+00:00","mainEntityOfPage":{"@id":"https:\/\/www.encontratatui.com.br\/guia\/12a-feira-do-doce-de-tatui-divulga-agenda-musical\/"},"wordCount":1025,"commentCount":0,"image":{"@id":"https:\/\/www.encontratatui.com.br\/guia\/12a-feira-do-doce-de-tatui-divulga-agenda-musical\/#primaryimage"},"thumbnailUrl":"https:\/\/www.encontratatui.com.br\/guia\/wp-content\/uploads\/2026\/06\/12-feira-do-doce-de-tatui-divulga-agenda-musical.webp","articleSection":["Not\u00edcias Tatu\u00ed"],"inLanguage":"pt-BR","potentialAction":[{"@type":"CommentAction","name":"Comment","target":["https:\/\/www.encontratatui.com.br\/guia\/12a-feira-do-doce-de-tatui-divulga-agenda-musical\/#respond"]}]},{"@type":"WebPage","@id":"https:\/\/www.encontratatui.com.br\/guia\/12a-feira-do-doce-de-tatui-divulga-agenda-musical\/","url":"https:\/\/www.encontratatui.com.br\/guia\/12a-feira-do-doce-de-tatui-divulga-agenda-musical\/","name":"12\u00aa Feira do Doce de Tatu\u00ed divulga agenda musical | Guia Comercial de Tatu\u00ed SP","isPartOf":{"@id":"https:\/\/www.encontratatui.com.br\/guia\/#website"},"primaryImageOfPage":{"@id":"https:\/\/www.encontratatui.com.br\/guia\/12a-feira-do-doce-de-tatui-divulga-agenda-musical\/#primaryimage"},"image":{"@id":"https:\/\/www.encontratatui.com.br\/guia\/12a-feira-do-doce-de-tatui-divulga-agenda-musical\/#primaryimage"},"thumbnailUrl":"https:\/\/www.encontratatui.com.br\/guia\/wp-content\/uploads\/2026\/06\/12-feira-do-doce-de-tatui-divulga-agenda-musical.webp","datePublished":"2026-06-17T21:23:46+00:00","author":{"@id":"https:\/\/www.encontratatui.com.br\/guia\/#\/schema\/person\/58bdf1fd3aa9b268c5f8255d8a6dbf25"},"inLanguage":"pt-BR","potentialAction":[{"@type":"ReadAction","target":["https:\/\/www.encontratatui.com.br\/guia\/12a-feira-do-doce-de-tatui-divulga-agenda-musical\/"]}]},{"@type":"ImageObject","inLanguage":"pt-BR","@id":"https:\/\/www.encontratatui.com.br\/guia\/12a-feira-do-doce-de-tatui-divulga-agenda-musical\/#primaryimage","url":"https:\/\/www.encontratatui.com.br\/guia\/wp-content\/uploads\/2026\/06\/12-feira-do-doce-de-tatui-divulga-agenda-musical.webp","contentUrl":"https:\/\/www.encontratatui.com.br\/guia\/wp-content\/uploads\/2026\/06\/12-feira-do-doce-de-tatui-divulga-agenda-musical.webp","width":280,"height":280,"caption":"12\u00aa Feira do Doce de Tatu\u00ed"},{"@type":"WebSite","@id":"https:\/\/www.encontratatui.com.br\/guia\/#website","url":"https:\/\/www.encontratatui.com.br\/guia\/","name":"Guia Comercial de Tatu\u00ed SP","description":"ENCONTRA TATU\u00cd - O guia comercial de neg\u00f3cios e empresas, cultura e divers\u00e3o na cidade de Tatu\u00ed. Feito 100% para voc\u00ea morador!","potentialAction":[{"@type":"SearchAction","target":{"@type":"EntryPoint","urlTemplate":"https:\/\/www.encontratatui.com.br\/guia\/?s={search_term_string}"},"query-input":{"@type":"PropertyValueSpecification","valueRequired":true,"valueName":"search_term_string"}}],"inLanguage":"pt-BR"},{"@type":"Person","@id":"https:\/\/www.encontratatui.com.br\/guia\/#\/schema\/person\/58bdf1fd3aa9b268c5f8255d8a6dbf25","name":"Encontra Tatu\u00ed","image":{"@type":"ImageObject","inLanguage":"pt-BR","@id":"https:\/\/www.encontratatui.com.br\/guia\/wp-content\/litespeed\/avatar\/e92a756db1fc224ef50d2f00ed0d047a.jpg?ver=1788446156","url":"https:\/\/www.encontratatui.com.br\/guia\/wp-content\/litespeed\/avatar\/e92a756db1fc224ef50d2f00ed0d047a.jpg?ver=1788446156","contentUrl":"https:\/\/www.encontratatui.com.br\/guia\/wp-content\/litespeed\/avatar\/e92a756db1fc224ef50d2f00ed0d047a.jpg?ver=1788446156","caption":"Encontra Tatu\u00ed"},"url":"https:\/\/www.encontratatui.com.br\/guia\/author\/encontratatui\/"}]}},"_links":{"self":[{"href":"https:\/\/www.encontratatui.com.br\/guia\/wp-json\/wp\/v2\/posts\/5489","targetHints":{"allow":["GET"]}}],"collection":[{"href":"https:\/\/www.encontratatui.com.br\/guia\/wp-json\/wp\/v2\/posts"}],"about":[{"href":"https:\/\/www.encontratatui.com.br\/guia\/wp-json\/wp\/v2\/types\/post"}],"author":[{"embeddable":true,"href":"https:\/\/www.encontratatui.com.br\/guia\/wp-json\/wp\/v2\/users\/1"}],"replies":[{"embeddable":true,"href":"https:\/\/www.encontratatui.com.br\/guia\/wp-json\/wp\/v2\/comments?post=5489"}],"version-history":[{"count":0,"href":"https:\/\/www.encontratatui.com.br\/guia\/wp-json\/wp\/v2\/posts\/5489\/revisions"}],"wp:featuredmedia":[{"embeddable":true,"href":"https:\/\/www.encontratatui.com.br\/guia\/wp-json\/wp\/v2\/media\/5488"}],"wp:attachment":[{"href":"https:\/\/www.encontratatui.com.br\/guia\/wp-json\/wp\/v2\/media?parent=5489"}],"wp:term":[{"taxonomy":"category","embeddable":true,"href":"https:\/\/www.encontratatui.com.br\/guia\/wp-json\/wp\/v2\/categories?post=5489"},{"taxonomy":"post_tag","embeddable":true,"href":"https:\/\/www.encontratatui.com.br\/guia\/wp-json\/wp\/v2\/tags?post=5489"}],"curies":[{"name":"wp","href":"https:\/\/api.w.org\/{rel}","templated":true}]}}