{"id":5273,"date":"2026-05-01T19:48:02","date_gmt":"2026-05-01T22:48:02","guid":{"rendered":"https:\/\/www.encontratatui.com.br\/guia\/canta-rio-claro-define-24-semifinalistas-e-tera-finais-em-maio\/"},"modified":"2026-05-01T19:48:02","modified_gmt":"2026-05-01T22:48:02","slug":"canta-rio-claro-define-24-semifinalistas-e-tera-finais-em-maio","status":"publish","type":"post","link":"https:\/\/www.encontratatui.com.br\/guia\/canta-rio-claro-define-24-semifinalistas-e-tera-finais-em-maio\/","title":{"rendered":"Canta Rio Claro define 24 semifinalistas e ter\u00e1 finais em maio"},"content":{"rendered":"<h2>O que \u00e9 o Festival Canta Rio Claro?<\/h2>\n<p>O <strong>Festival Canta Rio Claro<\/strong> surge como uma celebra\u00e7\u00e3o da m\u00fasica local, reunindo talentos de diferentes partes do Brasil. Este festival visa promover a cultura e a criatividade atrav\u00e9s da m\u00fasica, oferecendo um espa\u00e7o para que compositores e artistas possam mostrar suas obras e se conectar com o p\u00fablico. A primeira edi\u00e7\u00e3o deste evento marca um momento importante para a cidade, estimulando a cena musical e valorizando os artistas locais.<\/p>\n<h2>Data e Locais dos Eventos<\/h2>\n<p>O festival ocorrer\u00e1 entre os dias <strong>14 a 16 de maio<\/strong>, no <strong>Centro Cultural de Rio Claro<\/strong>. As entradas s\u00e3o gratuitas, permitindo que mais pessoas participem e apreciem as apresenta\u00e7\u00f5es. Esta iniciativa \u00e9 uma maneira de fomentar a cultura e a divers\u00e3o na cidade, tornando a m\u00fasica acess\u00edvel a todos.<\/p>\n<h2>Como Foi a Sele\u00e7\u00e3o dos Semifinalistas?<\/h2>\n<p>Para esta edi\u00e7\u00e3o, mais de <strong>200 m\u00fasicas<\/strong> foram enviadas por compositores de diversas regi\u00f5es do Brasil, abrangendo 11 estados. As sele\u00e7\u00f5es foram realizadas por uma comiss\u00e3o que avaliou as inscri\u00e7\u00f5es, considerando crit\u00e9rios como originalidade, melodia, letra e potencial de apresenta\u00e7\u00e3o. Dentre os participantes, <strong>24 m\u00fasicas<\/strong> foram escolhidas para a fase semifinal, divididas entre artistas de Rio Claro e de outras cidades.<\/p>\n<p><img decoding=\"async\" src=\"https:\/\/www.encontratatui.com.br\/guia\/wp-content\/uploads\/2026\/05\/canta-rio-claro-define-24-semifinalistas-e-tera-finais-em-maio.webp\" alt=\"Canta Rio Claro\" loading=\"lazy\" \/><\/p>\n<h2>Conhe\u00e7a os Semifinalistas de Rio Claro<\/h2>\n<p>No primeiro dia do festival, <strong>14 de maio<\/strong>, subir\u00e3o ao palco os semifinalistas que representam Rio Claro. Confira a lista dos artistas e suas respectivas m\u00fasicas:<\/p>\n<ul>\n<li><strong>Encontros do Amanh\u00e3<\/strong> \u2013 Banda Encontros do Amanh\u00e3<\/li>\n<li><strong>Verniz da Ilus\u00e3o<\/strong> \u2013 Isa Lima<\/li>\n<li><strong>Cad\u00ea o Meu Money<\/strong> \u2013 Rafael Salve<\/li>\n<li><strong>Amorelando<\/strong> \u2013 Quarteto MpaBe\u00e7a<\/li>\n<li><strong>Raiz<\/strong> \u2013 Alicia Bianchini<\/li>\n<li><strong>Procuro um Amor<\/strong> \u2013 Paulinho Du Carmo<\/li>\n<li><strong>Nas asas de um Anjo<\/strong> \u2013 Annelise Magalh\u00e3es<\/li>\n<li><strong>Beatrice<\/strong> \u2013 Nathalia Sorgon Scotuzzi<\/li>\n<li><strong>Levanta, Levanta<\/strong> \u2013 Davi Voltare<\/li>\n<li><strong>Al\u00e9m<\/strong> \u2013 Mel Ferreira<\/li>\n<li><strong>Avatares de Emo\u00e7\u00e3o<\/strong> \u2013 Gil Valente e Carolina Bertolini<\/li>\n<li><strong>Ilumina<\/strong> \u2013 Gabriel Vako<\/li>\n<\/ul>\n<h2>Artistas de Outras Cidades: Quem S\u00e3o?<\/h2>\n<p>No segundo dia, <strong>15 de maio<\/strong>, ser\u00e1 a vez dos semifinalistas que representam outras cidades. Eles trar\u00e3o uma diversidade de estilos e influ\u00eancias musicais. Veja quem s\u00e3o:<\/p>\n<ul>\n<li><strong>Um Cabra Chamado Vento<\/strong> \u2013 Rubinho de \u00c1vila (Piracicaba\/SP)<\/li>\n<li><strong>Ensolarada<\/strong> \u2013 J\u00e9ssica Stephens (S\u00e3o Jos\u00e9 do Rio Preto\/SP)<\/li>\n<li><strong>Tempo de Crian\u00e7a<\/strong> \u2013 Ana Luiza e Thomas Howard (S\u00e3o Paulo\/SP)<\/li>\n<li><strong>Aos Senhores da Guerra<\/strong> \u2013 U\u00f4 Anjo e Andr\u00e9 Fernandes (Fortaleza\/CE)<\/li>\n<li><strong>\u00c1gua que Voa<\/strong> \u2013 J\u00fanior Almeida e Vyt\u00f3ria Rudan (Rio de Janeiro\/RJ)<\/li>\n<li><strong>Foi Assim<\/strong> \u2013 Z\u00e9 Alexandre (S\u00e3o Paulo\/SP)<\/li>\n<li><strong>Estrada<\/strong> \u2013 Ruthe Gl\u00f3ria (S\u00e3o Paulo\/SP)<\/li>\n<li><strong>T\u00e1\u2026<\/strong> \u2013 Selma Fernandes (Blumenau\/SC)<\/li>\n<li><strong>Flores do Canga\u00e7o<\/strong> \u2013 Sandro Livahck (Americana\/SP)<\/li>\n<li><strong>Farra no seu Cora\u00e7\u00e3o<\/strong> \u2013 Elton Fontanin (Limeira\/SP)<\/li>\n<li><strong>Um Amor Eterno<\/strong> \u2013 Beto Santos (Itaquaquecetuba\/SP)<\/li>\n<li><strong>Passarinhar<\/strong> \u2013 Gui Silveiras (Tatu\u00ed\/SP)<\/li>\n<\/ul>\n<h2>Import\u00e2ncia da M\u00fasica na Cultura Local<\/h2>\n<p>A m\u00fasica desempenha um papel crucial na valoriza\u00e7\u00e3o da cultura local. Ela atua como um elo entre as gera\u00e7\u00f5es, preservando hist\u00f3rias e tradi\u00e7\u00f5es. O Canta Rio Claro n\u00e3o apenas oferece um palco para artistas, mas tamb\u00e9m promove a identidade cultural da cidade, engajando a comunidade e gerando um sentimento de pertencimento. Os eventos musicais t\u00eam o poder de transformar espa\u00e7os e levar alegria, proporcionando momentos de uni\u00e3o e celebra\u00e7\u00e3o.<\/p>\n<h2>Programa\u00e7\u00e3o do Festival Canta Rio Claro<\/h2>\n<p>A programa\u00e7\u00e3o do festival foi cuidadosamente planejada para proporcionar uma experi\u00eancia agrad\u00e1vel aos visitantes:<\/p>\n<ul>\n<li><strong>14 de maio:<\/strong> Semifinais com artistas de Rio Claro.<\/li>\n<li><strong>15 de maio:<\/strong> Semifinais com artistas de outras cidades.<\/li>\n<li><strong>16 de maio:<\/strong> Grande final com a apresenta\u00e7\u00e3o dos 12 semifinalistas classificados e show de encerramento da cantora Roberta Campos.<\/li>\n<\/ul>\n<h2>Participa\u00e7\u00e3o da Prefeitura e Apoios<\/h2>\n<p>O festival \u00e9 um projeto da Prefeitura de Rio Claro em parceria com institui\u00e7\u00f5es como o <strong>Sesc Piracicaba<\/strong> e o <strong>Sincom\u00e9rcio Rio Claro<\/strong>. Essa colabora\u00e7\u00e3o demonstra o compromisso das autoridades em apoiar a cultura e a arte na regi\u00e3o. O envolvimento dessas entidades \u00e9 vital para que iniciativas como o Canta Rio Claro possam acontecer, trazendo benef\u00edcios diretos para a comunidade e fomentando o desenvolvimento cultural local.<\/p>\n<h2>Expectativas para a Grande Final<\/h2>\n<p>A grande final, marcada para <strong>16 de maio<\/strong>, \u00e9 aguardada com grande expectativa tanto pelos artistas quanto pelo p\u00fablico. Os vencedores receber\u00e3o pr\u00eamios que poder\u00e3o impulsionar suas carreiras e fortalecer suas trajet\u00f3rias musicais. Esta culmin\u00e2ncia \u00e9 uma oportunidade para celebrar a m\u00fasica e testar o potencial dos artistas em um ambiente competitivo, estimulando a criatividade e o networking.<\/p>\n<h2>Encerramento com Show de Roberta Campos<\/h2>\n<p>O festival ser\u00e1 finalizado com uma apresenta\u00e7\u00e3o especial da artista <strong>Roberta Campos<\/strong>, que \u00e9 conhecida por suas can\u00e7\u00f5es marcantes e envolventes. O show promete ser um momento inesquec\u00edvel, unindo todos em torno da m\u00fasica e da celebra\u00e7\u00e3o das artes. Ser\u00e1 uma oportunidade \u00fanica para os participantes vivenciarem experi\u00eancias musicais de qualidade, aprendendo e se divertindo ao mesmo tempo.<\/p>\n","protected":false},"excerpt":{"rendered":"<p>Canta Rio Claro revela 24 semifinalistas e promete um festival emocionante em maio.<\/p>\n","protected":false},"author":1,"featured_media":5272,"comment_status":"open","ping_status":"open","sticky":false,"template":"","format":"standard","meta":{"footnotes":""},"categories":[5],"tags":[],"class_list":["post-5273","post","type-post","status-publish","format-standard","has-post-thumbnail","hentry","category-noticias","has_thumb"],"yoast_head":"<!-- This site is optimized with the Yoast SEO plugin v28.1 - https:\/\/yoast.com\/product\/yoast-seo-wordpress\/ -->\n<title>Canta Rio Claro define 24 semifinalistas e ter\u00e1 finais em maio | Guia Comercial de Tatu\u00ed SP<\/title>\n<meta name=\"robots\" content=\"index, follow, max-snippet:-1, max-image-preview:large, max-video-preview:-1\" \/>\n<link rel=\"canonical\" href=\"https:\/\/www.encontratatui.com.br\/guia\/canta-rio-claro-define-24-semifinalistas-e-tera-finais-em-maio\/\" \/>\n<meta property=\"og:locale\" content=\"pt_BR\" \/>\n<meta property=\"og:type\" content=\"article\" \/>\n<meta property=\"og:title\" content=\"Canta Rio Claro define 24 semifinalistas e ter\u00e1 finais em maio | Guia Comercial de Tatu\u00ed SP\" \/>\n<meta property=\"og:description\" content=\"Canta Rio Claro revela 24 semifinalistas e promete um festival emocionante em maio.\" \/>\n<meta property=\"og:url\" content=\"https:\/\/www.encontratatui.com.br\/guia\/canta-rio-claro-define-24-semifinalistas-e-tera-finais-em-maio\/\" \/>\n<meta property=\"og:site_name\" content=\"Guia Comercial de Tatu\u00ed SP\" \/>\n<meta property=\"article:published_time\" content=\"2026-05-01T22:48:02+00:00\" \/>\n<meta property=\"og:image\" content=\"https:\/\/www.encontratatui.com.br\/guia\/wp-content\/uploads\/2026\/05\/canta-rio-claro-define-24-semifinalistas-e-tera-finais-em-maio.webp\" \/>\n<meta name=\"author\" content=\"Encontra Tatu\u00ed\" \/>\n<meta name=\"twitter:card\" content=\"summary_large_image\" \/>\n<meta name=\"twitter:label1\" content=\"Escrito por\" \/>\n\t<meta name=\"twitter:data1\" content=\"Encontra Tatu\u00ed\" \/>\n\t<meta name=\"twitter:label2\" content=\"Est. tempo de leitura\" \/>\n\t<meta name=\"twitter:data2\" content=\"4 minutos\" \/>\n<script type=\"application\/ld+json\" class=\"yoast-schema-graph\">{\"@context\":\"https:\\\/\\\/schema.org\",\"@graph\":[{\"@type\":\"Article\",\"@id\":\"https:\\\/\\\/www.encontratatui.com.br\\\/guia\\\/canta-rio-claro-define-24-semifinalistas-e-tera-finais-em-maio\\\/#article\",\"isPartOf\":{\"@id\":\"https:\\\/\\\/www.encontratatui.com.br\\\/guia\\\/canta-rio-claro-define-24-semifinalistas-e-tera-finais-em-maio\\\/\"},\"author\":{\"name\":\"Encontra Tatu\u00ed\",\"@id\":\"https:\\\/\\\/www.encontratatui.com.br\\\/guia\\\/#\\\/schema\\\/person\\\/58bdf1fd3aa9b268c5f8255d8a6dbf25\"},\"headline\":\"Canta Rio Claro define 24 semifinalistas e ter\u00e1 finais em maio\",\"datePublished\":\"2026-05-01T22:48:02+00:00\",\"mainEntityOfPage\":{\"@id\":\"https:\\\/\\\/www.encontratatui.com.br\\\/guia\\\/canta-rio-claro-define-24-semifinalistas-e-tera-finais-em-maio\\\/\"},\"wordCount\":826,\"commentCount\":0,\"image\":{\"@id\":\"https:\\\/\\\/www.encontratatui.com.br\\\/guia\\\/canta-rio-claro-define-24-semifinalistas-e-tera-finais-em-maio\\\/#primaryimage\"},\"thumbnailUrl\":\"https:\\\/\\\/www.encontratatui.com.br\\\/guia\\\/wp-content\\\/uploads\\\/2026\\\/05\\\/canta-rio-claro-define-24-semifinalistas-e-tera-finais-em-maio.webp\",\"articleSection\":[\"Not\u00edcias Tatu\u00ed\"],\"inLanguage\":\"pt-BR\",\"potentialAction\":[{\"@type\":\"CommentAction\",\"name\":\"Comment\",\"target\":[\"https:\\\/\\\/www.encontratatui.com.br\\\/guia\\\/canta-rio-claro-define-24-semifinalistas-e-tera-finais-em-maio\\\/#respond\"]}]},{\"@type\":\"WebPage\",\"@id\":\"https:\\\/\\\/www.encontratatui.com.br\\\/guia\\\/canta-rio-claro-define-24-semifinalistas-e-tera-finais-em-maio\\\/\",\"url\":\"https:\\\/\\\/www.encontratatui.com.br\\\/guia\\\/canta-rio-claro-define-24-semifinalistas-e-tera-finais-em-maio\\\/\",\"name\":\"Canta Rio Claro define 24 semifinalistas e ter\u00e1 finais em maio | Guia Comercial de Tatu\u00ed SP\",\"isPartOf\":{\"@id\":\"https:\\\/\\\/www.encontratatui.com.br\\\/guia\\\/#website\"},\"primaryImageOfPage\":{\"@id\":\"https:\\\/\\\/www.encontratatui.com.br\\\/guia\\\/canta-rio-claro-define-24-semifinalistas-e-tera-finais-em-maio\\\/#primaryimage\"},\"image\":{\"@id\":\"https:\\\/\\\/www.encontratatui.com.br\\\/guia\\\/canta-rio-claro-define-24-semifinalistas-e-tera-finais-em-maio\\\/#primaryimage\"},\"thumbnailUrl\":\"https:\\\/\\\/www.encontratatui.com.br\\\/guia\\\/wp-content\\\/uploads\\\/2026\\\/05\\\/canta-rio-claro-define-24-semifinalistas-e-tera-finais-em-maio.webp\",\"datePublished\":\"2026-05-01T22:48:02+00:00\",\"author\":{\"@id\":\"https:\\\/\\\/www.encontratatui.com.br\\\/guia\\\/#\\\/schema\\\/person\\\/58bdf1fd3aa9b268c5f8255d8a6dbf25\"},\"inLanguage\":\"pt-BR\",\"potentialAction\":[{\"@type\":\"ReadAction\",\"target\":[\"https:\\\/\\\/www.encontratatui.com.br\\\/guia\\\/canta-rio-claro-define-24-semifinalistas-e-tera-finais-em-maio\\\/\"]}]},{\"@type\":\"ImageObject\",\"inLanguage\":\"pt-BR\",\"@id\":\"https:\\\/\\\/www.encontratatui.com.br\\\/guia\\\/canta-rio-claro-define-24-semifinalistas-e-tera-finais-em-maio\\\/#primaryimage\",\"url\":\"https:\\\/\\\/www.encontratatui.com.br\\\/guia\\\/wp-content\\\/uploads\\\/2026\\\/05\\\/canta-rio-claro-define-24-semifinalistas-e-tera-finais-em-maio.webp\",\"contentUrl\":\"https:\\\/\\\/www.encontratatui.com.br\\\/guia\\\/wp-content\\\/uploads\\\/2026\\\/05\\\/canta-rio-claro-define-24-semifinalistas-e-tera-finais-em-maio.webp\",\"width\":280,\"height\":280,\"caption\":\"Canta Rio Claro\"},{\"@type\":\"WebSite\",\"@id\":\"https:\\\/\\\/www.encontratatui.com.br\\\/guia\\\/#website\",\"url\":\"https:\\\/\\\/www.encontratatui.com.br\\\/guia\\\/\",\"name\":\"Guia Comercial de Tatu\u00ed SP\",\"description\":\"ENCONTRA TATU\u00cd - O guia comercial de neg\u00f3cios e empresas, cultura e divers\u00e3o na cidade de Tatu\u00ed. Feito 100% para voc\u00ea morador!\",\"potentialAction\":[{\"@type\":\"SearchAction\",\"target\":{\"@type\":\"EntryPoint\",\"urlTemplate\":\"https:\\\/\\\/www.encontratatui.com.br\\\/guia\\\/?s={search_term_string}\"},\"query-input\":{\"@type\":\"PropertyValueSpecification\",\"valueRequired\":true,\"valueName\":\"search_term_string\"}}],\"inLanguage\":\"pt-BR\"},{\"@type\":\"Person\",\"@id\":\"https:\\\/\\\/www.encontratatui.com.br\\\/guia\\\/#\\\/schema\\\/person\\\/58bdf1fd3aa9b268c5f8255d8a6dbf25\",\"name\":\"Encontra Tatu\u00ed\",\"image\":{\"@type\":\"ImageObject\",\"inLanguage\":\"pt-BR\",\"@id\":\"https:\\\/\\\/www.encontratatui.com.br\\\/guia\\\/wp-content\\\/litespeed\\\/avatar\\\/e92a756db1fc224ef50d2f00ed0d047a.jpg?ver=1788446156\",\"url\":\"https:\\\/\\\/www.encontratatui.com.br\\\/guia\\\/wp-content\\\/litespeed\\\/avatar\\\/e92a756db1fc224ef50d2f00ed0d047a.jpg?ver=1788446156\",\"contentUrl\":\"https:\\\/\\\/www.encontratatui.com.br\\\/guia\\\/wp-content\\\/litespeed\\\/avatar\\\/e92a756db1fc224ef50d2f00ed0d047a.jpg?ver=1788446156\",\"caption\":\"Encontra Tatu\u00ed\"},\"url\":\"https:\\\/\\\/www.encontratatui.com.br\\\/guia\\\/author\\\/encontratatui\\\/\"}]}<\/script>\n<!-- \/ Yoast SEO plugin. -->","yoast_head_json":{"title":"Canta Rio Claro define 24 semifinalistas e ter\u00e1 finais em maio | Guia Comercial de Tatu\u00ed SP","robots":{"index":"index","follow":"follow","max-snippet":"max-snippet:-1","max-image-preview":"max-image-preview:large","max-video-preview":"max-video-preview:-1"},"canonical":"https:\/\/www.encontratatui.com.br\/guia\/canta-rio-claro-define-24-semifinalistas-e-tera-finais-em-maio\/","og_locale":"pt_BR","og_type":"article","og_title":"Canta Rio Claro define 24 semifinalistas e ter\u00e1 finais em maio | Guia Comercial de Tatu\u00ed SP","og_description":"Canta Rio Claro revela 24 semifinalistas e promete um festival emocionante em maio.","og_url":"https:\/\/www.encontratatui.com.br\/guia\/canta-rio-claro-define-24-semifinalistas-e-tera-finais-em-maio\/","og_site_name":"Guia Comercial de Tatu\u00ed SP","article_published_time":"2026-05-01T22:48:02+00:00","og_image":[{"url":"https:\/\/www.encontratatui.com.br\/guia\/wp-content\/uploads\/2026\/05\/canta-rio-claro-define-24-semifinalistas-e-tera-finais-em-maio.webp","type":"","width":"","height":""}],"author":"Encontra Tatu\u00ed","twitter_card":"summary_large_image","twitter_misc":{"Escrito por":"Encontra Tatu\u00ed","Est. tempo de leitura":"4 minutos"},"schema":{"@context":"https:\/\/schema.org","@graph":[{"@type":"Article","@id":"https:\/\/www.encontratatui.com.br\/guia\/canta-rio-claro-define-24-semifinalistas-e-tera-finais-em-maio\/#article","isPartOf":{"@id":"https:\/\/www.encontratatui.com.br\/guia\/canta-rio-claro-define-24-semifinalistas-e-tera-finais-em-maio\/"},"author":{"name":"Encontra Tatu\u00ed","@id":"https:\/\/www.encontratatui.com.br\/guia\/#\/schema\/person\/58bdf1fd3aa9b268c5f8255d8a6dbf25"},"headline":"Canta Rio Claro define 24 semifinalistas e ter\u00e1 finais em maio","datePublished":"2026-05-01T22:48:02+00:00","mainEntityOfPage":{"@id":"https:\/\/www.encontratatui.com.br\/guia\/canta-rio-claro-define-24-semifinalistas-e-tera-finais-em-maio\/"},"wordCount":826,"commentCount":0,"image":{"@id":"https:\/\/www.encontratatui.com.br\/guia\/canta-rio-claro-define-24-semifinalistas-e-tera-finais-em-maio\/#primaryimage"},"thumbnailUrl":"https:\/\/www.encontratatui.com.br\/guia\/wp-content\/uploads\/2026\/05\/canta-rio-claro-define-24-semifinalistas-e-tera-finais-em-maio.webp","articleSection":["Not\u00edcias Tatu\u00ed"],"inLanguage":"pt-BR","potentialAction":[{"@type":"CommentAction","name":"Comment","target":["https:\/\/www.encontratatui.com.br\/guia\/canta-rio-claro-define-24-semifinalistas-e-tera-finais-em-maio\/#respond"]}]},{"@type":"WebPage","@id":"https:\/\/www.encontratatui.com.br\/guia\/canta-rio-claro-define-24-semifinalistas-e-tera-finais-em-maio\/","url":"https:\/\/www.encontratatui.com.br\/guia\/canta-rio-claro-define-24-semifinalistas-e-tera-finais-em-maio\/","name":"Canta Rio Claro define 24 semifinalistas e ter\u00e1 finais em maio | Guia Comercial de Tatu\u00ed SP","isPartOf":{"@id":"https:\/\/www.encontratatui.com.br\/guia\/#website"},"primaryImageOfPage":{"@id":"https:\/\/www.encontratatui.com.br\/guia\/canta-rio-claro-define-24-semifinalistas-e-tera-finais-em-maio\/#primaryimage"},"image":{"@id":"https:\/\/www.encontratatui.com.br\/guia\/canta-rio-claro-define-24-semifinalistas-e-tera-finais-em-maio\/#primaryimage"},"thumbnailUrl":"https:\/\/www.encontratatui.com.br\/guia\/wp-content\/uploads\/2026\/05\/canta-rio-claro-define-24-semifinalistas-e-tera-finais-em-maio.webp","datePublished":"2026-05-01T22:48:02+00:00","author":{"@id":"https:\/\/www.encontratatui.com.br\/guia\/#\/schema\/person\/58bdf1fd3aa9b268c5f8255d8a6dbf25"},"inLanguage":"pt-BR","potentialAction":[{"@type":"ReadAction","target":["https:\/\/www.encontratatui.com.br\/guia\/canta-rio-claro-define-24-semifinalistas-e-tera-finais-em-maio\/"]}]},{"@type":"ImageObject","inLanguage":"pt-BR","@id":"https:\/\/www.encontratatui.com.br\/guia\/canta-rio-claro-define-24-semifinalistas-e-tera-finais-em-maio\/#primaryimage","url":"https:\/\/www.encontratatui.com.br\/guia\/wp-content\/uploads\/2026\/05\/canta-rio-claro-define-24-semifinalistas-e-tera-finais-em-maio.webp","contentUrl":"https:\/\/www.encontratatui.com.br\/guia\/wp-content\/uploads\/2026\/05\/canta-rio-claro-define-24-semifinalistas-e-tera-finais-em-maio.webp","width":280,"height":280,"caption":"Canta Rio Claro"},{"@type":"WebSite","@id":"https:\/\/www.encontratatui.com.br\/guia\/#website","url":"https:\/\/www.encontratatui.com.br\/guia\/","name":"Guia Comercial de Tatu\u00ed SP","description":"ENCONTRA TATU\u00cd - O guia comercial de neg\u00f3cios e empresas, cultura e divers\u00e3o na cidade de Tatu\u00ed. Feito 100% para voc\u00ea morador!","potentialAction":[{"@type":"SearchAction","target":{"@type":"EntryPoint","urlTemplate":"https:\/\/www.encontratatui.com.br\/guia\/?s={search_term_string}"},"query-input":{"@type":"PropertyValueSpecification","valueRequired":true,"valueName":"search_term_string"}}],"inLanguage":"pt-BR"},{"@type":"Person","@id":"https:\/\/www.encontratatui.com.br\/guia\/#\/schema\/person\/58bdf1fd3aa9b268c5f8255d8a6dbf25","name":"Encontra Tatu\u00ed","image":{"@type":"ImageObject","inLanguage":"pt-BR","@id":"https:\/\/www.encontratatui.com.br\/guia\/wp-content\/litespeed\/avatar\/e92a756db1fc224ef50d2f00ed0d047a.jpg?ver=1788446156","url":"https:\/\/www.encontratatui.com.br\/guia\/wp-content\/litespeed\/avatar\/e92a756db1fc224ef50d2f00ed0d047a.jpg?ver=1788446156","contentUrl":"https:\/\/www.encontratatui.com.br\/guia\/wp-content\/litespeed\/avatar\/e92a756db1fc224ef50d2f00ed0d047a.jpg?ver=1788446156","caption":"Encontra Tatu\u00ed"},"url":"https:\/\/www.encontratatui.com.br\/guia\/author\/encontratatui\/"}]}},"_links":{"self":[{"href":"https:\/\/www.encontratatui.com.br\/guia\/wp-json\/wp\/v2\/posts\/5273","targetHints":{"allow":["GET"]}}],"collection":[{"href":"https:\/\/www.encontratatui.com.br\/guia\/wp-json\/wp\/v2\/posts"}],"about":[{"href":"https:\/\/www.encontratatui.com.br\/guia\/wp-json\/wp\/v2\/types\/post"}],"author":[{"embeddable":true,"href":"https:\/\/www.encontratatui.com.br\/guia\/wp-json\/wp\/v2\/users\/1"}],"replies":[{"embeddable":true,"href":"https:\/\/www.encontratatui.com.br\/guia\/wp-json\/wp\/v2\/comments?post=5273"}],"version-history":[{"count":0,"href":"https:\/\/www.encontratatui.com.br\/guia\/wp-json\/wp\/v2\/posts\/5273\/revisions"}],"wp:featuredmedia":[{"embeddable":true,"href":"https:\/\/www.encontratatui.com.br\/guia\/wp-json\/wp\/v2\/media\/5272"}],"wp:attachment":[{"href":"https:\/\/www.encontratatui.com.br\/guia\/wp-json\/wp\/v2\/media?parent=5273"}],"wp:term":[{"taxonomy":"category","embeddable":true,"href":"https:\/\/www.encontratatui.com.br\/guia\/wp-json\/wp\/v2\/categories?post=5273"},{"taxonomy":"post_tag","embeddable":true,"href":"https:\/\/www.encontratatui.com.br\/guia\/wp-json\/wp\/v2\/tags?post=5273"}],"curies":[{"name":"wp","href":"https:\/\/api.w.org\/{rel}","templated":true}]}}