{"id":5184,"date":"2026-04-14T19:18:39","date_gmt":"2026-04-14T22:18:39","guid":{"rendered":"https:\/\/www.encontratatui.com.br\/guia\/estancia-turistica-de-tatui-participa-da-primeira-expo-turismo-paulista\/"},"modified":"2026-04-14T19:18:39","modified_gmt":"2026-04-14T22:18:39","slug":"estancia-turistica-de-tatui-participa-da-primeira-expo-turismo-paulista","status":"publish","type":"post","link":"https:\/\/www.encontratatui.com.br\/guia\/estancia-turistica-de-tatui-participa-da-primeira-expo-turismo-paulista\/","title":{"rendered":"Est\u00e2ncia Tur\u00edstica de Tatu\u00ed participa da primeira Expo Turismo Paulista"},"content":{"rendered":"<h2>Objetivos da Expo Turismo Paulista<\/h2>\n<p>A Expo Turismo Paulista tem como objetivo principal valorizar as diversas est\u00e2ncias tur\u00edsticas do estado, destacando recursos e potencialidades de cada regi\u00e3o. Al\u00e9m disso, busca promover o turismo como um pilar do desenvolvimento econ\u00f4mico, principalmente em um segmento que movimenta cifras significativas anualmente no Brasil. A quest\u00e3o do turismo vai al\u00e9m do simples lazer; trata-se de uma estrat\u00e9gia de fortalecimento econ\u00f4mico, integrando a cultura local e o setor de servi\u00e7os.<\/p>\n<h2>O que foi a 1\u00aa edi\u00e7\u00e3o da Expo Turismo Paulista?<\/h2>\n<p>A primeira edi\u00e7\u00e3o da Expo Turismo Paulista ocorreu entre os dias 6 e 8 de abril, no Distrito Anhembi, em S\u00e3o Paulo, e fez parte da programa\u00e7\u00e3o do 68\u00ba Congresso Estadual de Munic\u00edpios, organizado pela Associa\u00e7\u00e3o Paulista de Munic\u00edpios (APM). O evento foi um marco, reunindo representantes de 78 est\u00e2ncias tur\u00edsticas que apresentaram suas ofertas e iniciativas voltadas para o setor. Essa diversidade no evento permitiu uma troca rica de experi\u00eancias e a potencializa\u00e7\u00e3o das a\u00e7\u00f5es de promo\u00e7\u00e3o tur\u00edstica.<\/p>\n<h2>Tatu\u00ed como Capital da M\u00fasica<\/h2>\n<p>Tatu\u00ed, conhecida como a &#8220;Capital da M\u00fasica&#8221;, se destacou nesse evento ao exibir sua vasta tradi\u00e7\u00e3o musical. O munic\u00edpio \u00e9 um dos principais centros de forma\u00e7\u00e3o musical no Brasil, com o Conservat\u00f3rio de Tatu\u00ed sendo um dos seus principais s\u00edmbolos. A musicalidade da cidade n\u00e3o apenas atrai turistas, mas tamb\u00e9m fomenta um ambiente cultural din\u00e2mico, com eventos que abrangem diversas vertentes art\u00edsticas, garantindo que a m\u00fasica permane\u00e7a um dos pilares da identidade local.<\/p>\n<p><img decoding=\"async\" src=\"https:\/\/www.encontratatui.com.br\/guia\/wp-content\/uploads\/2026\/04\/estancia-turistica-de-tatui-participa-da-primeira-expo-turismo-paulista.webp\" alt=\"Est\u00e2ncia Tur\u00edstica de Tatu\u00ed\" loading=\"lazy\" \/><\/p>\n<h2>Identidade Cultural da Est\u00e2ncia<\/h2>\n<p>A identidade cultural de Tatu\u00ed \u00e9 um reflexo das tradi\u00e7\u00f5es locais e do forte esp\u00edrito comunit\u00e1rio presente entre seus habitantes. Al\u00e9m da m\u00fasica, a cidade \u00e9 reconhecida por sua produ\u00e7\u00e3o de doces caseiros, que comp\u00f5em um aspecto importante da cultura gastron\u00f4mica da regi\u00e3o. Essa combina\u00e7\u00e3o de tradi\u00e7\u00e3o musical e heran\u00e7a culin\u00e1ria solidifica a posi\u00e7\u00e3o de Tatu\u00ed no roteiro tur\u00edstico paulista.<\/p>\n<h2>Atra\u00e7\u00f5es Tur\u00edsticas em Destaque<\/h2>\n<p>Durante a Expo Turismo Paulista, Tatu\u00ed apresentou uma gama de atra\u00e7\u00f5es que ressaltam seu potencial tur\u00edstico. Destacam-se o Conservat\u00f3rio de Tatu\u00ed, a Feira do Doce e as experi\u00eancias oferecidas em propriedades rurais como o S\u00edtio do Carro\u00e7\u00e3o e a Fazenda Pingo D\u2019\u00c1gua, que combinam turismo pedag\u00f3gico com uma conex\u00e3o \u00edntima com a natureza. Os visitantes tamb\u00e9m tiveram a oportunidade de explorar as belezas naturais e o patrim\u00f4nio hist\u00f3rico de Tatu\u00ed, elementos que se somam para criar uma oferta diversificada e atraente.<\/p>\n<h2>O Papel do Turismo no Desenvolvimento Econ\u00f4mico<\/h2>\n<p>O setor de turismo desempenha um papel fundamental na economia de Tatu\u00ed, contribuindo para a gera\u00e7\u00e3o de empregos e o fortalecimento do com\u00e9rcio local. A participa\u00e7\u00e3o na Expo \u00e9 um passo estrat\u00e9gico para expandir ainda mais essas oportunidades, engajando-se em di\u00e1logos com outras est\u00e2ncias e buscando parcerias que favore\u00e7am o crescimento m\u00fatuo. O turismo n\u00e3o apenas diversifica as fontes de receita da cidade, mas tamb\u00e9m promove a valoriza\u00e7\u00e3o da cultura local e o engajamento da comunidade.<\/p>\n<h2>Participa\u00e7\u00e3o da Delega\u00e7\u00e3o Tatuiana<\/h2>\n<p>A delega\u00e7\u00e3o de Tatu\u00ed marcou presen\u00e7a na Expo Turismo Paulista com um grupo representativo, incluindo o prefeito Miguel Lopes Cardoso J\u00fanior e v\u00e1rios secret\u00e1rios municipais. Essa mobiliza\u00e7\u00e3o demonstra o compromisso da gest\u00e3o p\u00fablica com o desenvolvimento do turismo local e a busca por novas oportunidades. A presen\u00e7a de autoridades na feira foi vital para estabelecer la\u00e7os e promover a visibilidade da cidade entre turistas, investidores e parceiros estrat\u00e9gicos.<\/p>\n<h2>Destaques Gastron\u00f4micos do Evento<\/h2>\n<p>A gastronomia de Tatu\u00ed foi um dos pontos altos da Expo, onde os visitantes puderam experimentar del\u00edcias t\u00edpicas da cidade. Entre as principais atra\u00e7\u00f5es estavam os doces ABC e a tradicional Tuba\u00edna Vieira. A oferta gastron\u00f4mica n\u00e3o apenas proporcionou uma experi\u00eancia sensorial, mas tamb\u00e9m destacou a qualidade dos produtos artesanais e a dedica\u00e7\u00e3o dos produtores locais. Essa abordagem refor\u00e7a a ideia de que a culin\u00e1ria pode ser um poderoso atrativo tur\u00edstico.<\/p>\n<h2>A Feira do Doce de Tatu\u00ed<\/h2>\n<p>Um dos grandes destaques na divulga\u00e7\u00e3o de Tatu\u00ed foi a tradicional Feira do Doce, marcada como a maior do segmento em S\u00e3o Paulo, que ocorrer\u00e1 de 8 a 12 de julho. O festival n\u00e3o s\u00f3 reunir\u00e1 as melhores iguarias doces da cidade, mas tamb\u00e9m integrar\u00e1 o Festival Capital da M\u00fasica, unindo gastronomia e cultura em um evento que promete atrair visitantes de v\u00e1rias partes e refor\u00e7ar a riqueza cultural de Tatu\u00ed.<\/p>\n<h2>O Futuro do Turismo em Tatu\u00ed<\/h2>\n<p>Este evento marcou um in\u00edcio promissor para o turismo em Tatu\u00ed, com uma perspectiva de crescimento cont\u00ednuo. A cidade se posiciona como um destino em ascens\u00e3o, preparada para receber visitantes e oferecer uma experi\u00eancia variada e enriquecedora. O futuro do turismo em Tatu\u00ed parece promissor, especialmente com a crescente valoriza\u00e7\u00e3o da cultura e divers\u00e3o que a cidade pode oferecer, tornando-se uma op\u00e7\u00e3o vi\u00e1vel para aqueles que buscam novas experi\u00eancias em destinos tur\u00edsticos.<\/p>\n","protected":false},"excerpt":{"rendered":"<p>A Est\u00e2ncia Tur\u00edstica de Tatu\u00ed se destaca na Expo Turismo Paulista com atra\u00e7\u00f5es e identidade local.<\/p>\n","protected":false},"author":1,"featured_media":5183,"comment_status":"open","ping_status":"open","sticky":false,"template":"","format":"standard","meta":{"footnotes":""},"categories":[5],"tags":[],"class_list":["post-5184","post","type-post","status-publish","format-standard","has-post-thumbnail","hentry","category-noticias","has_thumb"],"yoast_head":"<!-- This site is optimized with the Yoast SEO plugin v28.1 - https:\/\/yoast.com\/product\/yoast-seo-wordpress\/ -->\n<title>Est\u00e2ncia Tur\u00edstica de Tatu\u00ed participa da primeira Expo Turismo Paulista | Guia Comercial de Tatu\u00ed SP<\/title>\n<meta name=\"robots\" content=\"index, follow, max-snippet:-1, max-image-preview:large, max-video-preview:-1\" \/>\n<link rel=\"canonical\" href=\"https:\/\/www.encontratatui.com.br\/guia\/estancia-turistica-de-tatui-participa-da-primeira-expo-turismo-paulista\/\" \/>\n<meta property=\"og:locale\" content=\"pt_BR\" \/>\n<meta property=\"og:type\" content=\"article\" \/>\n<meta property=\"og:title\" content=\"Est\u00e2ncia Tur\u00edstica de Tatu\u00ed participa da primeira Expo Turismo Paulista | Guia Comercial de Tatu\u00ed SP\" \/>\n<meta property=\"og:description\" content=\"A Est\u00e2ncia Tur\u00edstica de Tatu\u00ed se destaca na Expo Turismo Paulista com atra\u00e7\u00f5es e identidade local.\" \/>\n<meta property=\"og:url\" content=\"https:\/\/www.encontratatui.com.br\/guia\/estancia-turistica-de-tatui-participa-da-primeira-expo-turismo-paulista\/\" \/>\n<meta property=\"og:site_name\" content=\"Guia Comercial de Tatu\u00ed SP\" \/>\n<meta property=\"article:published_time\" content=\"2026-04-14T22:18:39+00:00\" \/>\n<meta property=\"og:image\" content=\"https:\/\/www.encontratatui.com.br\/guia\/wp-content\/uploads\/2026\/04\/estancia-turistica-de-tatui-participa-da-primeira-expo-turismo-paulista.webp\" \/>\n<meta name=\"author\" content=\"Encontra Tatu\u00ed\" \/>\n<meta name=\"twitter:card\" content=\"summary_large_image\" \/>\n<meta name=\"twitter:label1\" content=\"Escrito por\" \/>\n\t<meta name=\"twitter:data1\" content=\"Encontra Tatu\u00ed\" \/>\n\t<meta name=\"twitter:label2\" content=\"Est. tempo de leitura\" \/>\n\t<meta name=\"twitter:data2\" content=\"4 minutos\" \/>\n<script type=\"application\/ld+json\" class=\"yoast-schema-graph\">{\"@context\":\"https:\\\/\\\/schema.org\",\"@graph\":[{\"@type\":\"Article\",\"@id\":\"https:\\\/\\\/www.encontratatui.com.br\\\/guia\\\/estancia-turistica-de-tatui-participa-da-primeira-expo-turismo-paulista\\\/#article\",\"isPartOf\":{\"@id\":\"https:\\\/\\\/www.encontratatui.com.br\\\/guia\\\/estancia-turistica-de-tatui-participa-da-primeira-expo-turismo-paulista\\\/\"},\"author\":{\"name\":\"Encontra Tatu\u00ed\",\"@id\":\"https:\\\/\\\/www.encontratatui.com.br\\\/guia\\\/#\\\/schema\\\/person\\\/58bdf1fd3aa9b268c5f8255d8a6dbf25\"},\"headline\":\"Est\u00e2ncia Tur\u00edstica de Tatu\u00ed participa da primeira Expo Turismo Paulista\",\"datePublished\":\"2026-04-14T22:18:39+00:00\",\"mainEntityOfPage\":{\"@id\":\"https:\\\/\\\/www.encontratatui.com.br\\\/guia\\\/estancia-turistica-de-tatui-participa-da-primeira-expo-turismo-paulista\\\/\"},\"wordCount\":899,\"commentCount\":0,\"image\":{\"@id\":\"https:\\\/\\\/www.encontratatui.com.br\\\/guia\\\/estancia-turistica-de-tatui-participa-da-primeira-expo-turismo-paulista\\\/#primaryimage\"},\"thumbnailUrl\":\"https:\\\/\\\/www.encontratatui.com.br\\\/guia\\\/wp-content\\\/uploads\\\/2026\\\/04\\\/estancia-turistica-de-tatui-participa-da-primeira-expo-turismo-paulista.webp\",\"articleSection\":[\"Not\u00edcias Tatu\u00ed\"],\"inLanguage\":\"pt-BR\",\"potentialAction\":[{\"@type\":\"CommentAction\",\"name\":\"Comment\",\"target\":[\"https:\\\/\\\/www.encontratatui.com.br\\\/guia\\\/estancia-turistica-de-tatui-participa-da-primeira-expo-turismo-paulista\\\/#respond\"]}]},{\"@type\":\"WebPage\",\"@id\":\"https:\\\/\\\/www.encontratatui.com.br\\\/guia\\\/estancia-turistica-de-tatui-participa-da-primeira-expo-turismo-paulista\\\/\",\"url\":\"https:\\\/\\\/www.encontratatui.com.br\\\/guia\\\/estancia-turistica-de-tatui-participa-da-primeira-expo-turismo-paulista\\\/\",\"name\":\"Est\u00e2ncia Tur\u00edstica de Tatu\u00ed participa da primeira Expo Turismo Paulista | Guia Comercial de Tatu\u00ed SP\",\"isPartOf\":{\"@id\":\"https:\\\/\\\/www.encontratatui.com.br\\\/guia\\\/#website\"},\"primaryImageOfPage\":{\"@id\":\"https:\\\/\\\/www.encontratatui.com.br\\\/guia\\\/estancia-turistica-de-tatui-participa-da-primeira-expo-turismo-paulista\\\/#primaryimage\"},\"image\":{\"@id\":\"https:\\\/\\\/www.encontratatui.com.br\\\/guia\\\/estancia-turistica-de-tatui-participa-da-primeira-expo-turismo-paulista\\\/#primaryimage\"},\"thumbnailUrl\":\"https:\\\/\\\/www.encontratatui.com.br\\\/guia\\\/wp-content\\\/uploads\\\/2026\\\/04\\\/estancia-turistica-de-tatui-participa-da-primeira-expo-turismo-paulista.webp\",\"datePublished\":\"2026-04-14T22:18:39+00:00\",\"author\":{\"@id\":\"https:\\\/\\\/www.encontratatui.com.br\\\/guia\\\/#\\\/schema\\\/person\\\/58bdf1fd3aa9b268c5f8255d8a6dbf25\"},\"inLanguage\":\"pt-BR\",\"potentialAction\":[{\"@type\":\"ReadAction\",\"target\":[\"https:\\\/\\\/www.encontratatui.com.br\\\/guia\\\/estancia-turistica-de-tatui-participa-da-primeira-expo-turismo-paulista\\\/\"]}]},{\"@type\":\"ImageObject\",\"inLanguage\":\"pt-BR\",\"@id\":\"https:\\\/\\\/www.encontratatui.com.br\\\/guia\\\/estancia-turistica-de-tatui-participa-da-primeira-expo-turismo-paulista\\\/#primaryimage\",\"url\":\"https:\\\/\\\/www.encontratatui.com.br\\\/guia\\\/wp-content\\\/uploads\\\/2026\\\/04\\\/estancia-turistica-de-tatui-participa-da-primeira-expo-turismo-paulista.webp\",\"contentUrl\":\"https:\\\/\\\/www.encontratatui.com.br\\\/guia\\\/wp-content\\\/uploads\\\/2026\\\/04\\\/estancia-turistica-de-tatui-participa-da-primeira-expo-turismo-paulista.webp\",\"width\":280,\"height\":280,\"caption\":\"Est\u00e2ncia Tur\u00edstica de Tatu\u00ed\"},{\"@type\":\"WebSite\",\"@id\":\"https:\\\/\\\/www.encontratatui.com.br\\\/guia\\\/#website\",\"url\":\"https:\\\/\\\/www.encontratatui.com.br\\\/guia\\\/\",\"name\":\"Guia Comercial de Tatu\u00ed SP\",\"description\":\"ENCONTRA TATU\u00cd - O guia comercial de neg\u00f3cios e empresas, cultura e divers\u00e3o na cidade de Tatu\u00ed. Feito 100% para voc\u00ea morador!\",\"potentialAction\":[{\"@type\":\"SearchAction\",\"target\":{\"@type\":\"EntryPoint\",\"urlTemplate\":\"https:\\\/\\\/www.encontratatui.com.br\\\/guia\\\/?s={search_term_string}\"},\"query-input\":{\"@type\":\"PropertyValueSpecification\",\"valueRequired\":true,\"valueName\":\"search_term_string\"}}],\"inLanguage\":\"pt-BR\"},{\"@type\":\"Person\",\"@id\":\"https:\\\/\\\/www.encontratatui.com.br\\\/guia\\\/#\\\/schema\\\/person\\\/58bdf1fd3aa9b268c5f8255d8a6dbf25\",\"name\":\"Encontra Tatu\u00ed\",\"image\":{\"@type\":\"ImageObject\",\"inLanguage\":\"pt-BR\",\"@id\":\"https:\\\/\\\/www.encontratatui.com.br\\\/guia\\\/wp-content\\\/litespeed\\\/avatar\\\/e92a756db1fc224ef50d2f00ed0d047a.jpg?ver=1788446156\",\"url\":\"https:\\\/\\\/www.encontratatui.com.br\\\/guia\\\/wp-content\\\/litespeed\\\/avatar\\\/e92a756db1fc224ef50d2f00ed0d047a.jpg?ver=1788446156\",\"contentUrl\":\"https:\\\/\\\/www.encontratatui.com.br\\\/guia\\\/wp-content\\\/litespeed\\\/avatar\\\/e92a756db1fc224ef50d2f00ed0d047a.jpg?ver=1788446156\",\"caption\":\"Encontra Tatu\u00ed\"},\"url\":\"https:\\\/\\\/www.encontratatui.com.br\\\/guia\\\/author\\\/encontratatui\\\/\"}]}<\/script>\n<!-- \/ Yoast SEO plugin. -->","yoast_head_json":{"title":"Est\u00e2ncia Tur\u00edstica de Tatu\u00ed participa da primeira Expo Turismo Paulista | Guia Comercial de Tatu\u00ed SP","robots":{"index":"index","follow":"follow","max-snippet":"max-snippet:-1","max-image-preview":"max-image-preview:large","max-video-preview":"max-video-preview:-1"},"canonical":"https:\/\/www.encontratatui.com.br\/guia\/estancia-turistica-de-tatui-participa-da-primeira-expo-turismo-paulista\/","og_locale":"pt_BR","og_type":"article","og_title":"Est\u00e2ncia Tur\u00edstica de Tatu\u00ed participa da primeira Expo Turismo Paulista | Guia Comercial de Tatu\u00ed SP","og_description":"A Est\u00e2ncia Tur\u00edstica de Tatu\u00ed se destaca na Expo Turismo Paulista com atra\u00e7\u00f5es e identidade local.","og_url":"https:\/\/www.encontratatui.com.br\/guia\/estancia-turistica-de-tatui-participa-da-primeira-expo-turismo-paulista\/","og_site_name":"Guia Comercial de Tatu\u00ed SP","article_published_time":"2026-04-14T22:18:39+00:00","og_image":[{"url":"https:\/\/www.encontratatui.com.br\/guia\/wp-content\/uploads\/2026\/04\/estancia-turistica-de-tatui-participa-da-primeira-expo-turismo-paulista.webp","type":"","width":"","height":""}],"author":"Encontra Tatu\u00ed","twitter_card":"summary_large_image","twitter_misc":{"Escrito por":"Encontra Tatu\u00ed","Est. tempo de leitura":"4 minutos"},"schema":{"@context":"https:\/\/schema.org","@graph":[{"@type":"Article","@id":"https:\/\/www.encontratatui.com.br\/guia\/estancia-turistica-de-tatui-participa-da-primeira-expo-turismo-paulista\/#article","isPartOf":{"@id":"https:\/\/www.encontratatui.com.br\/guia\/estancia-turistica-de-tatui-participa-da-primeira-expo-turismo-paulista\/"},"author":{"name":"Encontra Tatu\u00ed","@id":"https:\/\/www.encontratatui.com.br\/guia\/#\/schema\/person\/58bdf1fd3aa9b268c5f8255d8a6dbf25"},"headline":"Est\u00e2ncia Tur\u00edstica de Tatu\u00ed participa da primeira Expo Turismo Paulista","datePublished":"2026-04-14T22:18:39+00:00","mainEntityOfPage":{"@id":"https:\/\/www.encontratatui.com.br\/guia\/estancia-turistica-de-tatui-participa-da-primeira-expo-turismo-paulista\/"},"wordCount":899,"commentCount":0,"image":{"@id":"https:\/\/www.encontratatui.com.br\/guia\/estancia-turistica-de-tatui-participa-da-primeira-expo-turismo-paulista\/#primaryimage"},"thumbnailUrl":"https:\/\/www.encontratatui.com.br\/guia\/wp-content\/uploads\/2026\/04\/estancia-turistica-de-tatui-participa-da-primeira-expo-turismo-paulista.webp","articleSection":["Not\u00edcias Tatu\u00ed"],"inLanguage":"pt-BR","potentialAction":[{"@type":"CommentAction","name":"Comment","target":["https:\/\/www.encontratatui.com.br\/guia\/estancia-turistica-de-tatui-participa-da-primeira-expo-turismo-paulista\/#respond"]}]},{"@type":"WebPage","@id":"https:\/\/www.encontratatui.com.br\/guia\/estancia-turistica-de-tatui-participa-da-primeira-expo-turismo-paulista\/","url":"https:\/\/www.encontratatui.com.br\/guia\/estancia-turistica-de-tatui-participa-da-primeira-expo-turismo-paulista\/","name":"Est\u00e2ncia Tur\u00edstica de Tatu\u00ed participa da primeira Expo Turismo Paulista | Guia Comercial de Tatu\u00ed SP","isPartOf":{"@id":"https:\/\/www.encontratatui.com.br\/guia\/#website"},"primaryImageOfPage":{"@id":"https:\/\/www.encontratatui.com.br\/guia\/estancia-turistica-de-tatui-participa-da-primeira-expo-turismo-paulista\/#primaryimage"},"image":{"@id":"https:\/\/www.encontratatui.com.br\/guia\/estancia-turistica-de-tatui-participa-da-primeira-expo-turismo-paulista\/#primaryimage"},"thumbnailUrl":"https:\/\/www.encontratatui.com.br\/guia\/wp-content\/uploads\/2026\/04\/estancia-turistica-de-tatui-participa-da-primeira-expo-turismo-paulista.webp","datePublished":"2026-04-14T22:18:39+00:00","author":{"@id":"https:\/\/www.encontratatui.com.br\/guia\/#\/schema\/person\/58bdf1fd3aa9b268c5f8255d8a6dbf25"},"inLanguage":"pt-BR","potentialAction":[{"@type":"ReadAction","target":["https:\/\/www.encontratatui.com.br\/guia\/estancia-turistica-de-tatui-participa-da-primeira-expo-turismo-paulista\/"]}]},{"@type":"ImageObject","inLanguage":"pt-BR","@id":"https:\/\/www.encontratatui.com.br\/guia\/estancia-turistica-de-tatui-participa-da-primeira-expo-turismo-paulista\/#primaryimage","url":"https:\/\/www.encontratatui.com.br\/guia\/wp-content\/uploads\/2026\/04\/estancia-turistica-de-tatui-participa-da-primeira-expo-turismo-paulista.webp","contentUrl":"https:\/\/www.encontratatui.com.br\/guia\/wp-content\/uploads\/2026\/04\/estancia-turistica-de-tatui-participa-da-primeira-expo-turismo-paulista.webp","width":280,"height":280,"caption":"Est\u00e2ncia Tur\u00edstica de Tatu\u00ed"},{"@type":"WebSite","@id":"https:\/\/www.encontratatui.com.br\/guia\/#website","url":"https:\/\/www.encontratatui.com.br\/guia\/","name":"Guia Comercial de Tatu\u00ed SP","description":"ENCONTRA TATU\u00cd - O guia comercial de neg\u00f3cios e empresas, cultura e divers\u00e3o na cidade de Tatu\u00ed. Feito 100% para voc\u00ea morador!","potentialAction":[{"@type":"SearchAction","target":{"@type":"EntryPoint","urlTemplate":"https:\/\/www.encontratatui.com.br\/guia\/?s={search_term_string}"},"query-input":{"@type":"PropertyValueSpecification","valueRequired":true,"valueName":"search_term_string"}}],"inLanguage":"pt-BR"},{"@type":"Person","@id":"https:\/\/www.encontratatui.com.br\/guia\/#\/schema\/person\/58bdf1fd3aa9b268c5f8255d8a6dbf25","name":"Encontra Tatu\u00ed","image":{"@type":"ImageObject","inLanguage":"pt-BR","@id":"https:\/\/www.encontratatui.com.br\/guia\/wp-content\/litespeed\/avatar\/e92a756db1fc224ef50d2f00ed0d047a.jpg?ver=1788446156","url":"https:\/\/www.encontratatui.com.br\/guia\/wp-content\/litespeed\/avatar\/e92a756db1fc224ef50d2f00ed0d047a.jpg?ver=1788446156","contentUrl":"https:\/\/www.encontratatui.com.br\/guia\/wp-content\/litespeed\/avatar\/e92a756db1fc224ef50d2f00ed0d047a.jpg?ver=1788446156","caption":"Encontra Tatu\u00ed"},"url":"https:\/\/www.encontratatui.com.br\/guia\/author\/encontratatui\/"}]}},"_links":{"self":[{"href":"https:\/\/www.encontratatui.com.br\/guia\/wp-json\/wp\/v2\/posts\/5184","targetHints":{"allow":["GET"]}}],"collection":[{"href":"https:\/\/www.encontratatui.com.br\/guia\/wp-json\/wp\/v2\/posts"}],"about":[{"href":"https:\/\/www.encontratatui.com.br\/guia\/wp-json\/wp\/v2\/types\/post"}],"author":[{"embeddable":true,"href":"https:\/\/www.encontratatui.com.br\/guia\/wp-json\/wp\/v2\/users\/1"}],"replies":[{"embeddable":true,"href":"https:\/\/www.encontratatui.com.br\/guia\/wp-json\/wp\/v2\/comments?post=5184"}],"version-history":[{"count":0,"href":"https:\/\/www.encontratatui.com.br\/guia\/wp-json\/wp\/v2\/posts\/5184\/revisions"}],"wp:featuredmedia":[{"embeddable":true,"href":"https:\/\/www.encontratatui.com.br\/guia\/wp-json\/wp\/v2\/media\/5183"}],"wp:attachment":[{"href":"https:\/\/www.encontratatui.com.br\/guia\/wp-json\/wp\/v2\/media?parent=5184"}],"wp:term":[{"taxonomy":"category","embeddable":true,"href":"https:\/\/www.encontratatui.com.br\/guia\/wp-json\/wp\/v2\/categories?post=5184"},{"taxonomy":"post_tag","embeddable":true,"href":"https:\/\/www.encontratatui.com.br\/guia\/wp-json\/wp\/v2\/tags?post=5184"}],"curies":[{"name":"wp","href":"https:\/\/api.w.org\/{rel}","templated":true}]}}