{"id":5090,"date":"2026-03-25T19:34:23","date_gmt":"2026-03-25T22:34:23","guid":{"rendered":"https:\/\/www.encontratatui.com.br\/guia\/abertas-as-inscricoes-para-a-12a-feira-do-doce-de-tatui\/"},"modified":"2026-03-25T19:34:23","modified_gmt":"2026-03-25T22:34:23","slug":"abertas-as-inscricoes-para-a-12a-feira-do-doce-de-tatui","status":"publish","type":"post","link":"https:\/\/www.encontratatui.com.br\/guia\/abertas-as-inscricoes-para-a-12a-feira-do-doce-de-tatui\/","title":{"rendered":"Abertas as inscri\u00e7\u00f5es para a 12\u00aa Feira do Doce de Tatu\u00ed"},"content":{"rendered":"<h2>O que esperar da 12\u00aa Feira do Doce de Tatu\u00ed<\/h2>\n<p>A 12\u00aa Feira do Doce de Tatu\u00ed promete ser um evento memor\u00e1vel, reunindo uma significativa diversidade de produtos doces artesanais. Este ano, o evento ser\u00e1 realizado entre os dias 8 e 12 de julho, das 10h \u00e0s 22h, na Pra\u00e7a da Matriz. Os visitantes poder\u00e3o aproveitar mais de 250 variedades de doces caseiros, preparados por mais de 50 produtores locais, tornando a feira uma grande celebra\u00e7\u00e3o da gastronomia e da cultura regional.<\/p>\n<h2>Como se inscrever como expositor<\/h2>\n<p>Os confeiteiros e produtores interessados em participar do evento t\u00eam a oportunidade de se inscrever at\u00e9 o dia 20 de abril. Para isso, \u00e9 necess\u00e1rio acessar o edital da Associa\u00e7\u00e3o dos Produtores de Doces de Tatu\u00ed (Aprodoce), preencher a ficha de inscri\u00e7\u00e3o e enviar toda a documenta\u00e7\u00e3o requerida. As inscri\u00e7\u00f5es est\u00e3o abertas desde o dia 24 de mar\u00e7o e as vagas s\u00e3o limitadas, com um total de 55 estandes dispon\u00edveis para sele\u00e7\u00e3o.<\/p>\n<h2>Prazos importantes para participa\u00e7\u00e3o<\/h2>\n<p>Os principais prazos para os expositores s\u00e3o:<\/p>\n<p><img decoding=\"async\" src=\"https:\/\/www.encontratatui.com.br\/guia\/wp-content\/uploads\/2026\/03\/abertas-as-inscricoes-para-a-12-feira-do-doce-de-tatui.webp\" alt=\"12\u00aa Feira do Doce de Tatu\u00ed\" loading=\"lazy\" \/><\/p>\n<ul>\n<li><strong>Abertura das inscri\u00e7\u00f5es:<\/strong> 24 de mar\u00e7o<\/li>\n<li><strong>Encerramento das inscri\u00e7\u00f5es:<\/strong> 20 de abril<\/li>\n<li><strong>Realiza\u00e7\u00e3o da feira:<\/strong> 8 a 12 de julho<\/li>\n<\/ul>\n<h2>Crit\u00e9rios de sele\u00e7\u00e3o para expositores<\/h2>\n<p>A sele\u00e7\u00e3o dos expositores ser\u00e1 conduzida por uma comiss\u00e3o organizadora com base nas diretrizes estabelecidas no edital. Os crit\u00e9rios incluem a qualidade dos produtos, a hist\u00f3ria do produtor e o comprometimento com a tradi\u00e7\u00e3o doceira de Tatu\u00ed. Al\u00e9m disso, as propostas que valorizam a originalidade e a inova\u00e7\u00e3o nos produtos tamb\u00e9m ser\u00e3o bem avaliadas.<\/p>\n<h2>Vagas dispon\u00edveis para produtores<\/h2>\n<p>Nesta edi\u00e7\u00e3o, a feira disponibilizar\u00e1 55 estandes para os produtores que desejam mostrar seus doces ao p\u00fablico. As vagas s\u00e3o limitadas e a escolha dos expositores ser\u00e1 baseada no cumprimento dos crit\u00e9rios listados no edital, bem como no potencial de cada produto para atrair visitantes e neg\u00f3cios.<\/p>\n<h2>A import\u00e2ncia da feira para a economia local<\/h2>\n<p>A Feira do Doce de Tatu\u00ed desempenha um papel fundamental na dinamiza\u00e7\u00e3o da economia local. Al\u00e9m de promover a venda de produtos, o evento cria novas oportunidades para pequenos empreendedores e contribui para a valoriza\u00e7\u00e3o de produtos locais. A visita\u00e7\u00e3o maci\u00e7a que o evento atrai n\u00e3o somente fomenta o com\u00e9rcio, mas tamb\u00e9m incentiva o turismo, destacando a cidade como um polo gastron\u00f4mico.<\/p>\n<h2>Como a feira preserva a cultura doceira<\/h2>\n<p>Um dos principais objetivos da Feira do Doce \u00e9 a preserva\u00e7\u00e3o da cultura doceira de Tatu\u00ed. Ao reunir artes\u00e3os e confeiteiros que praticam t\u00e9cnicas tradicionais de produ\u00e7\u00e3o de doces, o evento refor\u00e7a a import\u00e2ncia da transmiss\u00e3o do conhecimento e das receitas que fazem parte da heran\u00e7a cultural da cidade. Isso ajuda a manter viva a tradi\u00e7\u00e3o e a identidade do munic\u00edpio, ao mesmo tempo em que promove a inova\u00e7\u00e3o ao incorporar novas ideias e sabores.<\/p>\n<h2>Atividades e atra\u00e7\u00f5es durante o evento<\/h2>\n<p>Al\u00e9m da oferta de doces, a Feira do Doce contar\u00e1 com uma programa\u00e7\u00e3o rica em atividades. Os visitantes poder\u00e3o desfrutar de apresenta\u00e7\u00f5es musicais, oficinas educativas sobre o fabrico de doces e outras atividades relacionadas \u00e0 gastronomia. Com uma abordagem centrada na inclus\u00e3o e acessibilidade, o evento tamb\u00e9m disponibilizar\u00e1 espa\u00e7os dedicados para diferentes p\u00fablicos, tornando a experi\u00eancia mais agrad\u00e1vel e diversificada.<\/p>\n<h2>Dicas de acessibilidade e inclus\u00e3o<\/h2>\n<p>O evento se preocupa em atender a todos os visitantes, incluindo aqueles com necessidades especiais. Algumas das a\u00e7\u00f5es previstas incluem:<\/p>\n<ul>\n<li><strong>Hora do Autismo:<\/strong> Um momento espec\u00edfico para tornar o ambiente mais confort\u00e1vel para pessoas com autismo.<\/li>\n<li><strong>Abafadores sonoros:<\/strong> Disponibiliza\u00e7\u00e3o desses dispositivos para visitantes que buscam minimizar est\u00edmulos auditivos.<\/li>\n<li><strong>Espa\u00e7o Sa\u00fade e Espa\u00e7o Pet Family:<\/strong> \u00c1reas dedicadas \u00e0 sa\u00fade e bem-estar, oferecendo cuidados para pets e servi\u00e7os de sa\u00fade para familiares.<\/li>\n<\/ul>\n<h2>Informa\u00e7\u00f5es de contato para d\u00favidas e suporte<\/h2>\n<p>Os participantes e interessados em obter mais informa\u00e7\u00f5es sobre a Feira do Doce podem entrar em contato pelos seguintes meios:<\/p>\n<ul>\n<li><strong>WhatsApp da Aprodoce:<\/strong> (15) 99843-9329<\/li>\n<li><strong>E-mail:<\/strong> turismo@tatui.sp.gov.br<\/li>\n<li><strong>Instagram:<\/strong> @turismoeculturatatui<\/li>\n<\/ul>\n<p>Em caso de d\u00favidas sobre a inscri\u00e7\u00e3o ou o evento, \u00e9 fundamental entrar em contato dentro dos prazos estabelecidos para garantir uma resposta eficiente.<\/p>\n","protected":false},"excerpt":{"rendered":"<p>Abertas as inscri\u00e7\u00f5es para a 12\u00aa Feira do Doce de Tatu\u00ed, n\u00e3o perca essa oportunidade!<\/p>\n","protected":false},"author":1,"featured_media":5089,"comment_status":"open","ping_status":"open","sticky":false,"template":"","format":"standard","meta":{"footnotes":""},"categories":[5],"tags":[],"class_list":["post-5090","post","type-post","status-publish","format-standard","has-post-thumbnail","hentry","category-noticias","has_thumb"],"yoast_head":"<!-- This site is optimized with the Yoast SEO plugin v28.1 - https:\/\/yoast.com\/product\/yoast-seo-wordpress\/ -->\n<title>Abertas as inscri\u00e7\u00f5es para a 12\u00aa Feira do Doce de Tatu\u00ed | Guia Comercial de Tatu\u00ed SP<\/title>\n<meta name=\"robots\" content=\"index, follow, max-snippet:-1, max-image-preview:large, max-video-preview:-1\" \/>\n<link rel=\"canonical\" href=\"https:\/\/www.encontratatui.com.br\/guia\/abertas-as-inscricoes-para-a-12a-feira-do-doce-de-tatui\/\" \/>\n<meta property=\"og:locale\" content=\"pt_BR\" \/>\n<meta property=\"og:type\" content=\"article\" \/>\n<meta property=\"og:title\" content=\"Abertas as inscri\u00e7\u00f5es para a 12\u00aa Feira do Doce de Tatu\u00ed | Guia Comercial de Tatu\u00ed SP\" \/>\n<meta property=\"og:description\" content=\"Abertas as inscri\u00e7\u00f5es para a 12\u00aa Feira do Doce de Tatu\u00ed, n\u00e3o perca essa oportunidade!\" \/>\n<meta property=\"og:url\" content=\"https:\/\/www.encontratatui.com.br\/guia\/abertas-as-inscricoes-para-a-12a-feira-do-doce-de-tatui\/\" \/>\n<meta property=\"og:site_name\" content=\"Guia Comercial de Tatu\u00ed SP\" \/>\n<meta property=\"article:published_time\" content=\"2026-03-25T22:34:23+00:00\" \/>\n<meta property=\"og:image\" content=\"https:\/\/www.encontratatui.com.br\/guia\/wp-content\/uploads\/2026\/03\/abertas-as-inscricoes-para-a-12-feira-do-doce-de-tatui.webp\" \/>\n<meta name=\"author\" content=\"Encontra Tatu\u00ed\" \/>\n<meta name=\"twitter:card\" content=\"summary_large_image\" \/>\n<meta name=\"twitter:label1\" content=\"Escrito por\" \/>\n\t<meta name=\"twitter:data1\" content=\"Encontra Tatu\u00ed\" \/>\n\t<meta name=\"twitter:label2\" content=\"Est. tempo de leitura\" \/>\n\t<meta name=\"twitter:data2\" content=\"4 minutos\" \/>\n<script type=\"application\/ld+json\" class=\"yoast-schema-graph\">{\"@context\":\"https:\\\/\\\/schema.org\",\"@graph\":[{\"@type\":\"Article\",\"@id\":\"https:\\\/\\\/www.encontratatui.com.br\\\/guia\\\/abertas-as-inscricoes-para-a-12a-feira-do-doce-de-tatui\\\/#article\",\"isPartOf\":{\"@id\":\"https:\\\/\\\/www.encontratatui.com.br\\\/guia\\\/abertas-as-inscricoes-para-a-12a-feira-do-doce-de-tatui\\\/\"},\"author\":{\"name\":\"Encontra Tatu\u00ed\",\"@id\":\"https:\\\/\\\/www.encontratatui.com.br\\\/guia\\\/#\\\/schema\\\/person\\\/58bdf1fd3aa9b268c5f8255d8a6dbf25\"},\"headline\":\"Abertas as inscri\u00e7\u00f5es para a 12\u00aa Feira do Doce de Tatu\u00ed\",\"datePublished\":\"2026-03-25T22:34:23+00:00\",\"mainEntityOfPage\":{\"@id\":\"https:\\\/\\\/www.encontratatui.com.br\\\/guia\\\/abertas-as-inscricoes-para-a-12a-feira-do-doce-de-tatui\\\/\"},\"wordCount\":735,\"commentCount\":0,\"image\":{\"@id\":\"https:\\\/\\\/www.encontratatui.com.br\\\/guia\\\/abertas-as-inscricoes-para-a-12a-feira-do-doce-de-tatui\\\/#primaryimage\"},\"thumbnailUrl\":\"https:\\\/\\\/www.encontratatui.com.br\\\/guia\\\/wp-content\\\/uploads\\\/2026\\\/03\\\/abertas-as-inscricoes-para-a-12-feira-do-doce-de-tatui.webp\",\"articleSection\":[\"Not\u00edcias Tatu\u00ed\"],\"inLanguage\":\"pt-BR\",\"potentialAction\":[{\"@type\":\"CommentAction\",\"name\":\"Comment\",\"target\":[\"https:\\\/\\\/www.encontratatui.com.br\\\/guia\\\/abertas-as-inscricoes-para-a-12a-feira-do-doce-de-tatui\\\/#respond\"]}]},{\"@type\":\"WebPage\",\"@id\":\"https:\\\/\\\/www.encontratatui.com.br\\\/guia\\\/abertas-as-inscricoes-para-a-12a-feira-do-doce-de-tatui\\\/\",\"url\":\"https:\\\/\\\/www.encontratatui.com.br\\\/guia\\\/abertas-as-inscricoes-para-a-12a-feira-do-doce-de-tatui\\\/\",\"name\":\"Abertas as inscri\u00e7\u00f5es para a 12\u00aa Feira do Doce de Tatu\u00ed | Guia Comercial de Tatu\u00ed SP\",\"isPartOf\":{\"@id\":\"https:\\\/\\\/www.encontratatui.com.br\\\/guia\\\/#website\"},\"primaryImageOfPage\":{\"@id\":\"https:\\\/\\\/www.encontratatui.com.br\\\/guia\\\/abertas-as-inscricoes-para-a-12a-feira-do-doce-de-tatui\\\/#primaryimage\"},\"image\":{\"@id\":\"https:\\\/\\\/www.encontratatui.com.br\\\/guia\\\/abertas-as-inscricoes-para-a-12a-feira-do-doce-de-tatui\\\/#primaryimage\"},\"thumbnailUrl\":\"https:\\\/\\\/www.encontratatui.com.br\\\/guia\\\/wp-content\\\/uploads\\\/2026\\\/03\\\/abertas-as-inscricoes-para-a-12-feira-do-doce-de-tatui.webp\",\"datePublished\":\"2026-03-25T22:34:23+00:00\",\"author\":{\"@id\":\"https:\\\/\\\/www.encontratatui.com.br\\\/guia\\\/#\\\/schema\\\/person\\\/58bdf1fd3aa9b268c5f8255d8a6dbf25\"},\"inLanguage\":\"pt-BR\",\"potentialAction\":[{\"@type\":\"ReadAction\",\"target\":[\"https:\\\/\\\/www.encontratatui.com.br\\\/guia\\\/abertas-as-inscricoes-para-a-12a-feira-do-doce-de-tatui\\\/\"]}]},{\"@type\":\"ImageObject\",\"inLanguage\":\"pt-BR\",\"@id\":\"https:\\\/\\\/www.encontratatui.com.br\\\/guia\\\/abertas-as-inscricoes-para-a-12a-feira-do-doce-de-tatui\\\/#primaryimage\",\"url\":\"https:\\\/\\\/www.encontratatui.com.br\\\/guia\\\/wp-content\\\/uploads\\\/2026\\\/03\\\/abertas-as-inscricoes-para-a-12-feira-do-doce-de-tatui.webp\",\"contentUrl\":\"https:\\\/\\\/www.encontratatui.com.br\\\/guia\\\/wp-content\\\/uploads\\\/2026\\\/03\\\/abertas-as-inscricoes-para-a-12-feira-do-doce-de-tatui.webp\",\"width\":280,\"height\":280,\"caption\":\"12\u00aa Feira do Doce de Tatu\u00ed\"},{\"@type\":\"WebSite\",\"@id\":\"https:\\\/\\\/www.encontratatui.com.br\\\/guia\\\/#website\",\"url\":\"https:\\\/\\\/www.encontratatui.com.br\\\/guia\\\/\",\"name\":\"Guia Comercial de Tatu\u00ed SP\",\"description\":\"ENCONTRA TATU\u00cd - O guia comercial de neg\u00f3cios e empresas, cultura e divers\u00e3o na cidade de Tatu\u00ed. Feito 100% para voc\u00ea morador!\",\"potentialAction\":[{\"@type\":\"SearchAction\",\"target\":{\"@type\":\"EntryPoint\",\"urlTemplate\":\"https:\\\/\\\/www.encontratatui.com.br\\\/guia\\\/?s={search_term_string}\"},\"query-input\":{\"@type\":\"PropertyValueSpecification\",\"valueRequired\":true,\"valueName\":\"search_term_string\"}}],\"inLanguage\":\"pt-BR\"},{\"@type\":\"Person\",\"@id\":\"https:\\\/\\\/www.encontratatui.com.br\\\/guia\\\/#\\\/schema\\\/person\\\/58bdf1fd3aa9b268c5f8255d8a6dbf25\",\"name\":\"Encontra Tatu\u00ed\",\"image\":{\"@type\":\"ImageObject\",\"inLanguage\":\"pt-BR\",\"@id\":\"https:\\\/\\\/www.encontratatui.com.br\\\/guia\\\/wp-content\\\/litespeed\\\/avatar\\\/e92a756db1fc224ef50d2f00ed0d047a.jpg?ver=1788446156\",\"url\":\"https:\\\/\\\/www.encontratatui.com.br\\\/guia\\\/wp-content\\\/litespeed\\\/avatar\\\/e92a756db1fc224ef50d2f00ed0d047a.jpg?ver=1788446156\",\"contentUrl\":\"https:\\\/\\\/www.encontratatui.com.br\\\/guia\\\/wp-content\\\/litespeed\\\/avatar\\\/e92a756db1fc224ef50d2f00ed0d047a.jpg?ver=1788446156\",\"caption\":\"Encontra Tatu\u00ed\"},\"url\":\"https:\\\/\\\/www.encontratatui.com.br\\\/guia\\\/author\\\/encontratatui\\\/\"}]}<\/script>\n<!-- \/ Yoast SEO plugin. -->","yoast_head_json":{"title":"Abertas as inscri\u00e7\u00f5es para a 12\u00aa Feira do Doce de Tatu\u00ed | Guia Comercial de Tatu\u00ed SP","robots":{"index":"index","follow":"follow","max-snippet":"max-snippet:-1","max-image-preview":"max-image-preview:large","max-video-preview":"max-video-preview:-1"},"canonical":"https:\/\/www.encontratatui.com.br\/guia\/abertas-as-inscricoes-para-a-12a-feira-do-doce-de-tatui\/","og_locale":"pt_BR","og_type":"article","og_title":"Abertas as inscri\u00e7\u00f5es para a 12\u00aa Feira do Doce de Tatu\u00ed | Guia Comercial de Tatu\u00ed SP","og_description":"Abertas as inscri\u00e7\u00f5es para a 12\u00aa Feira do Doce de Tatu\u00ed, n\u00e3o perca essa oportunidade!","og_url":"https:\/\/www.encontratatui.com.br\/guia\/abertas-as-inscricoes-para-a-12a-feira-do-doce-de-tatui\/","og_site_name":"Guia Comercial de Tatu\u00ed SP","article_published_time":"2026-03-25T22:34:23+00:00","og_image":[{"url":"https:\/\/www.encontratatui.com.br\/guia\/wp-content\/uploads\/2026\/03\/abertas-as-inscricoes-para-a-12-feira-do-doce-de-tatui.webp","type":"","width":"","height":""}],"author":"Encontra Tatu\u00ed","twitter_card":"summary_large_image","twitter_misc":{"Escrito por":"Encontra Tatu\u00ed","Est. tempo de leitura":"4 minutos"},"schema":{"@context":"https:\/\/schema.org","@graph":[{"@type":"Article","@id":"https:\/\/www.encontratatui.com.br\/guia\/abertas-as-inscricoes-para-a-12a-feira-do-doce-de-tatui\/#article","isPartOf":{"@id":"https:\/\/www.encontratatui.com.br\/guia\/abertas-as-inscricoes-para-a-12a-feira-do-doce-de-tatui\/"},"author":{"name":"Encontra Tatu\u00ed","@id":"https:\/\/www.encontratatui.com.br\/guia\/#\/schema\/person\/58bdf1fd3aa9b268c5f8255d8a6dbf25"},"headline":"Abertas as inscri\u00e7\u00f5es para a 12\u00aa Feira do Doce de Tatu\u00ed","datePublished":"2026-03-25T22:34:23+00:00","mainEntityOfPage":{"@id":"https:\/\/www.encontratatui.com.br\/guia\/abertas-as-inscricoes-para-a-12a-feira-do-doce-de-tatui\/"},"wordCount":735,"commentCount":0,"image":{"@id":"https:\/\/www.encontratatui.com.br\/guia\/abertas-as-inscricoes-para-a-12a-feira-do-doce-de-tatui\/#primaryimage"},"thumbnailUrl":"https:\/\/www.encontratatui.com.br\/guia\/wp-content\/uploads\/2026\/03\/abertas-as-inscricoes-para-a-12-feira-do-doce-de-tatui.webp","articleSection":["Not\u00edcias Tatu\u00ed"],"inLanguage":"pt-BR","potentialAction":[{"@type":"CommentAction","name":"Comment","target":["https:\/\/www.encontratatui.com.br\/guia\/abertas-as-inscricoes-para-a-12a-feira-do-doce-de-tatui\/#respond"]}]},{"@type":"WebPage","@id":"https:\/\/www.encontratatui.com.br\/guia\/abertas-as-inscricoes-para-a-12a-feira-do-doce-de-tatui\/","url":"https:\/\/www.encontratatui.com.br\/guia\/abertas-as-inscricoes-para-a-12a-feira-do-doce-de-tatui\/","name":"Abertas as inscri\u00e7\u00f5es para a 12\u00aa Feira do Doce de Tatu\u00ed | Guia Comercial de Tatu\u00ed SP","isPartOf":{"@id":"https:\/\/www.encontratatui.com.br\/guia\/#website"},"primaryImageOfPage":{"@id":"https:\/\/www.encontratatui.com.br\/guia\/abertas-as-inscricoes-para-a-12a-feira-do-doce-de-tatui\/#primaryimage"},"image":{"@id":"https:\/\/www.encontratatui.com.br\/guia\/abertas-as-inscricoes-para-a-12a-feira-do-doce-de-tatui\/#primaryimage"},"thumbnailUrl":"https:\/\/www.encontratatui.com.br\/guia\/wp-content\/uploads\/2026\/03\/abertas-as-inscricoes-para-a-12-feira-do-doce-de-tatui.webp","datePublished":"2026-03-25T22:34:23+00:00","author":{"@id":"https:\/\/www.encontratatui.com.br\/guia\/#\/schema\/person\/58bdf1fd3aa9b268c5f8255d8a6dbf25"},"inLanguage":"pt-BR","potentialAction":[{"@type":"ReadAction","target":["https:\/\/www.encontratatui.com.br\/guia\/abertas-as-inscricoes-para-a-12a-feira-do-doce-de-tatui\/"]}]},{"@type":"ImageObject","inLanguage":"pt-BR","@id":"https:\/\/www.encontratatui.com.br\/guia\/abertas-as-inscricoes-para-a-12a-feira-do-doce-de-tatui\/#primaryimage","url":"https:\/\/www.encontratatui.com.br\/guia\/wp-content\/uploads\/2026\/03\/abertas-as-inscricoes-para-a-12-feira-do-doce-de-tatui.webp","contentUrl":"https:\/\/www.encontratatui.com.br\/guia\/wp-content\/uploads\/2026\/03\/abertas-as-inscricoes-para-a-12-feira-do-doce-de-tatui.webp","width":280,"height":280,"caption":"12\u00aa Feira do Doce de Tatu\u00ed"},{"@type":"WebSite","@id":"https:\/\/www.encontratatui.com.br\/guia\/#website","url":"https:\/\/www.encontratatui.com.br\/guia\/","name":"Guia Comercial de Tatu\u00ed SP","description":"ENCONTRA TATU\u00cd - O guia comercial de neg\u00f3cios e empresas, cultura e divers\u00e3o na cidade de Tatu\u00ed. Feito 100% para voc\u00ea morador!","potentialAction":[{"@type":"SearchAction","target":{"@type":"EntryPoint","urlTemplate":"https:\/\/www.encontratatui.com.br\/guia\/?s={search_term_string}"},"query-input":{"@type":"PropertyValueSpecification","valueRequired":true,"valueName":"search_term_string"}}],"inLanguage":"pt-BR"},{"@type":"Person","@id":"https:\/\/www.encontratatui.com.br\/guia\/#\/schema\/person\/58bdf1fd3aa9b268c5f8255d8a6dbf25","name":"Encontra Tatu\u00ed","image":{"@type":"ImageObject","inLanguage":"pt-BR","@id":"https:\/\/www.encontratatui.com.br\/guia\/wp-content\/litespeed\/avatar\/e92a756db1fc224ef50d2f00ed0d047a.jpg?ver=1788446156","url":"https:\/\/www.encontratatui.com.br\/guia\/wp-content\/litespeed\/avatar\/e92a756db1fc224ef50d2f00ed0d047a.jpg?ver=1788446156","contentUrl":"https:\/\/www.encontratatui.com.br\/guia\/wp-content\/litespeed\/avatar\/e92a756db1fc224ef50d2f00ed0d047a.jpg?ver=1788446156","caption":"Encontra Tatu\u00ed"},"url":"https:\/\/www.encontratatui.com.br\/guia\/author\/encontratatui\/"}]}},"_links":{"self":[{"href":"https:\/\/www.encontratatui.com.br\/guia\/wp-json\/wp\/v2\/posts\/5090","targetHints":{"allow":["GET"]}}],"collection":[{"href":"https:\/\/www.encontratatui.com.br\/guia\/wp-json\/wp\/v2\/posts"}],"about":[{"href":"https:\/\/www.encontratatui.com.br\/guia\/wp-json\/wp\/v2\/types\/post"}],"author":[{"embeddable":true,"href":"https:\/\/www.encontratatui.com.br\/guia\/wp-json\/wp\/v2\/users\/1"}],"replies":[{"embeddable":true,"href":"https:\/\/www.encontratatui.com.br\/guia\/wp-json\/wp\/v2\/comments?post=5090"}],"version-history":[{"count":0,"href":"https:\/\/www.encontratatui.com.br\/guia\/wp-json\/wp\/v2\/posts\/5090\/revisions"}],"wp:featuredmedia":[{"embeddable":true,"href":"https:\/\/www.encontratatui.com.br\/guia\/wp-json\/wp\/v2\/media\/5089"}],"wp:attachment":[{"href":"https:\/\/www.encontratatui.com.br\/guia\/wp-json\/wp\/v2\/media?parent=5090"}],"wp:term":[{"taxonomy":"category","embeddable":true,"href":"https:\/\/www.encontratatui.com.br\/guia\/wp-json\/wp\/v2\/categories?post=5090"},{"taxonomy":"post_tag","embeddable":true,"href":"https:\/\/www.encontratatui.com.br\/guia\/wp-json\/wp\/v2\/tags?post=5090"}],"curies":[{"name":"wp","href":"https:\/\/api.w.org\/{rel}","templated":true}]}}