{"id":5069,"date":"2026-03-19T19:46:24","date_gmt":"2026-03-19T22:46:24","guid":{"rendered":"https:\/\/www.encontratatui.com.br\/guia\/conselho-de-patrimonio-de-tatui-tem-nova-diretoria-para-o-bienio-26-2027\/"},"modified":"2026-03-19T19:46:24","modified_gmt":"2026-03-19T22:46:24","slug":"conselho-de-patrimonio-de-tatui-tem-nova-diretoria-para-o-bienio-26-2027","status":"publish","type":"post","link":"https:\/\/www.encontratatui.com.br\/guia\/conselho-de-patrimonio-de-tatui-tem-nova-diretoria-para-o-bienio-26-2027\/","title":{"rendered":"Conselho de Patrim\u00f4nio de Tatu\u00ed tem nova diretoria para o bi\u00eanio 26\/2027"},"content":{"rendered":"<h2>Elei\u00e7\u00e3o da Nova Diretoria<\/h2>\n<p>No dia 12 de mar\u00e7o, o Conselho de Defesa do Patrim\u00f4nio Hist\u00f3rico e Art\u00edstico de Tatu\u00ed (Condephat) realizou sua primeira reuni\u00e3o ordin\u00e1ria do ano no Centro Cultural \u2013 Edif\u00edcio Alvorada. A reuni\u00e3o, que teve como foco a posse dos novos integrantes e a escolha da diretoria para o bi\u00eanio 2026\/2027, foi presidida pela ent\u00e3o presidente Renata de F\u00e1tima Nunes.<\/p>\n<p>A convoca\u00e7\u00e3o do encontro e a condu\u00e7\u00e3o da elei\u00e7\u00e3o seguiram as diretrizes estabelecidas pela lei municipal 6.102, de 2025, que regula a reestrutura\u00e7\u00e3o do colegiado encarregado de preservar e defender o patrim\u00f4nio cultural e hist\u00f3rico da cidade.<\/p>\n<h2>Composi\u00e7\u00e3o do Conselho de Patrim\u00f4nio<\/h2>\n<p>O Conselho \u00e9 composto por 17 membros, cada um representando diferentes setores do poder p\u00fablico e institui\u00e7\u00f5es acad\u00eamicas, bem como entidades da sociedade civil. A nova diretoria ficou assim configurada para o bi\u00eanio 2026\/2027:<\/p>\n<ul>\n<li><strong>Presidente:<\/strong> Andrea Longhi Sim\u00f5es Almeida<\/li>\n<li><strong>Vice-Presidente:<\/strong> Acyr Ragugnetti Filho<\/li>\n<li><strong>Primeiro-Secret\u00e1rio:<\/strong> Cristiano Guimar\u00e3es de Camargo<\/li>\n<li><strong>Secret\u00e1ria Executiva:<\/strong> Laura Rodrigues de Souza<\/li>\n<\/ul>\n<p>Segundo a legisla\u00e7\u00e3o vigente, tais mandatos t\u00eam dura\u00e7\u00e3o de dois anos, e as delibera\u00e7\u00f5es do conselho s\u00e3o decididas por maioria simples de votos. A estrutura garante \u00e0 presid\u00eancia o poder de voto de desempate quando necess\u00e1rio, al\u00e9m de exigir um qu\u00f3rum m\u00ednimo de oito membros para as delibera\u00e7\u00f5es.<\/p>\n<h2>A Import\u00e2ncia do Condephat para Tatu\u00ed<\/h2>\n<p>O Condephat desempenha um papel fundamental na promo\u00e7\u00e3o da preserva\u00e7\u00e3o e prote\u00e7\u00e3o do patrim\u00f4nio cultural e hist\u00f3rico de Tatu\u00ed. Entre suas atribui\u00e7\u00f5es, s\u00e3o inclu\u00eddas a proposta, fiscaliza\u00e7\u00e3o e delibera\u00e7\u00e3o sobre a\u00e7\u00f5es e projetos que visem a prote\u00e7\u00e3o desses bens culturalmente significativos. Isso abrange desde processos de tombamento at\u00e9 a supervis\u00e3o de interven\u00e7\u00f5es em bens que j\u00e1 est\u00e3o sob prote\u00e7\u00e3o legal.<\/p>\n<p>Renata de F\u00e1tima Nunes ressaltou a relev\u00e2ncia do conselho, especialmente em tempos em que Tatu\u00ed se afirma como uma est\u00e2ncia tur\u00edstica. Sua contribui\u00e7\u00e3o ao longo dos anos foi destacada, assim como seu compromisso com a continuidade do trabalho em prol da preserva\u00e7\u00e3o do patrim\u00f4nio local.<\/p>\n<h2>Objetivos da Nova Gest\u00e3o<\/h2>\n<p>A nova presidente, Andrea Longhi Sim\u00f5es Almeida, expressou que os objetivos da gest\u00e3o que se inicia s\u00e3o a regulamenta\u00e7\u00e3o da nova lei do colegiado, aprovada em agosto de 2025, e o aumento da transpar\u00eancia nos atos do Condephat. Ela enfatizou que a miss\u00e3o central do conselho \u00e9 a defesa e a preserva\u00e7\u00e3o do patrim\u00f4nio cultural da cidade de Tatu\u00ed, buscando sempre a integra\u00e7\u00e3o entre os poderes p\u00fablicos e a sociedade civil organizados.<\/p>\n<h2>Preserva\u00e7\u00e3o do Patrim\u00f4nio Cultural<\/h2>\n<p>A preserva\u00e7\u00e3o do patrim\u00f4nio n\u00e3o se limita apenas \u00e0 prote\u00e7\u00e3o f\u00edsica de edif\u00edcios ou monumentos, mas tamb\u00e9m envolve a salvaguarda da mem\u00f3ria hist\u00f3rica e cultural da comunidade. O Condephat \u00e9 incumbido de desenvolver a\u00e7\u00f5es que estimulem a compreens\u00e3o e valoriza\u00e7\u00e3o do patrim\u00f4nio por parte da popula\u00e7\u00e3o. Isso inclui desde eventos educacionais at\u00e9 a participa\u00e7\u00e3o de comunidades locais em atividades de preserva\u00e7\u00e3o.<\/p>\n<h2>Transpar\u00eancia e Participa\u00e7\u00e3o da Comunidade<\/h2>\n<p>A nova gest\u00e3o do Condephat busca promover uma maior participa\u00e7\u00e3o da comunidade nas decis\u00f5es e atividades do conselho. A transpar\u00eancia nas atividades \u00e9 um aspecto chave para garantir que a popula\u00e7\u00e3o esteja informada sobre os processos de tombamento e interven\u00e7\u00f5es, al\u00e9m de fomentar um di\u00e1logo aberto sobre as quest\u00f5es patrimoniais. Iniciativas de consulta e reuni\u00f5es abertas devem ser implementadas para aumentar a intera\u00e7\u00e3o entre o conselho e os cidad\u00e3os.<\/p>\n<h2>Desafios para o Bi\u00eanio 2026\/2027<\/h2>\n<p>Os pr\u00f3ximos dois anos apresentam um cen\u00e1rio desafiador para o Condephat, que precisar\u00e1 enfrentar quest\u00f5es como a falta de recursos para projetos de preserva\u00e7\u00e3o e a necessidade de conscientizar ainda mais a popula\u00e7\u00e3o sobre a import\u00e2ncia do patrim\u00f4nio cultural. A nova diretoria ter\u00e1 como miss\u00e3o trabalhar em busca de parcerias com outras entidades, bem como criar campanhas que incentivem a valoriza\u00e7\u00e3o do patrim\u00f4nio hist\u00f3rico e cultural da cidade.<\/p>\n<h2>Promo\u00e7\u00e3o do Turismo Cultural<\/h2>\n<p>A vincula\u00e7\u00e3o do patrim\u00f4nio cultural \u00e0 promo\u00e7\u00e3o do turismo em Tatu\u00ed \u00e9 uma estrat\u00e9gia que o Condephat deve explorar em sua nova gest\u00e3o. A valoriza\u00e7\u00e3o dos bens culturais mediante atividades tur\u00edsticas pode estimular o interesse local e regional, contribuindo para a economia da cidade e a valoriza\u00e7\u00e3o do seu legado hist\u00f3rico. Atra\u00e7\u00f5es tur\u00edsticas, eventos culturais e festivais s\u00e3o algumas das formas de engajar turistas e moradores na aprecia\u00e7\u00e3o do patrim\u00f4nio de Tatu\u00ed.<\/p>\n<h2>A\u00e7\u00f5es de Tombamento e Interven\u00e7\u00f5es<\/h2>\n<p>Um dos principais focos do conselho ser\u00e1 a continuidade dos processos de tombamento de bens que s\u00e3o considerados de relev\u00e2ncia cultural e hist\u00f3rica para a cidade. Al\u00e9m disso, a supervis\u00e3o das interven\u00e7\u00f5es em bens tombados ser\u00e1 uma atividade constante, garantindo que qualquer mudan\u00e7a respeite as diretrizes de preserva\u00e7\u00e3o. \u00c9 fundamental que a\u00e7\u00f5es de reabilita\u00e7\u00e3o e conserva\u00e7\u00e3o sejam realizadas por profissionais capacitados e em conformidade com as legisla\u00e7\u00f5es pertinentes.<\/p>\n<h2>Integra\u00e7\u00e3o entre Poder P\u00fablico e Sociedade<\/h2>\n<p>Por fim, o Condephat almeja fortalecer a rela\u00e7\u00e3o entre o poder p\u00fablico e a sociedade civil. A colabora\u00e7\u00e3o entre esses setores \u00e9 vital para a efic\u00e1cia das pol\u00edticas de preserva\u00e7\u00e3o. A mobiliza\u00e7\u00e3o social e a participa\u00e7\u00e3o popular nas iniciativas de preserva\u00e7\u00e3o do patrim\u00f4nio s\u00e3o elementos que podem se transformar em for\u00e7a motriz para a realiza\u00e7\u00e3o de projetos significativos e sustent\u00e1veis.<\/p>\n<p>Assim, a nova diretoria do Conselho de Patrim\u00f4nio de Tatu\u00ed se prepara para enfrentar os desafios que se apresentam nos pr\u00f3ximos dois anos. A uni\u00e3o de esfor\u00e7os entre cidad\u00e3os, entidades e o poder p\u00fablico \u00e9 essencial para garantir que a hist\u00f3ria e a cultura da cidade continuem a ser valorizadas e preservadas para as futuras gera\u00e7\u00f5es.<\/p>\n","protected":false},"excerpt":{"rendered":"<p>A nova diretoria do Conselho de Patrim\u00f4nio de Tatu\u00ed assume em 2026\/2027 com objetivos claros.<\/p>\n","protected":false},"author":1,"featured_media":0,"comment_status":"open","ping_status":"open","sticky":false,"template":"","format":"standard","meta":{"footnotes":""},"categories":[5],"tags":[],"class_list":["post-5069","post","type-post","status-publish","format-standard","hentry","category-noticias"],"yoast_head":"<!-- This site is optimized with the Yoast SEO plugin v28.1 - https:\/\/yoast.com\/product\/yoast-seo-wordpress\/ -->\n<title>Conselho de Patrim\u00f4nio de Tatu\u00ed tem nova diretoria para o bi\u00eanio 26\/2027 | Guia Comercial de Tatu\u00ed SP<\/title>\n<meta name=\"robots\" content=\"index, follow, max-snippet:-1, max-image-preview:large, max-video-preview:-1\" \/>\n<link rel=\"canonical\" href=\"https:\/\/www.encontratatui.com.br\/guia\/conselho-de-patrimonio-de-tatui-tem-nova-diretoria-para-o-bienio-26-2027\/\" \/>\n<meta property=\"og:locale\" content=\"pt_BR\" \/>\n<meta property=\"og:type\" content=\"article\" \/>\n<meta property=\"og:title\" content=\"Conselho de Patrim\u00f4nio de Tatu\u00ed tem nova diretoria para o bi\u00eanio 26\/2027 | Guia Comercial de Tatu\u00ed SP\" \/>\n<meta property=\"og:description\" content=\"A nova diretoria do Conselho de Patrim\u00f4nio de Tatu\u00ed assume em 2026\/2027 com objetivos claros.\" \/>\n<meta property=\"og:url\" content=\"https:\/\/www.encontratatui.com.br\/guia\/conselho-de-patrimonio-de-tatui-tem-nova-diretoria-para-o-bienio-26-2027\/\" \/>\n<meta property=\"og:site_name\" content=\"Guia Comercial de Tatu\u00ed SP\" \/>\n<meta property=\"article:published_time\" content=\"2026-03-19T22:46:24+00:00\" \/>\n<meta name=\"author\" content=\"Encontra Tatu\u00ed\" \/>\n<meta name=\"twitter:card\" content=\"summary_large_image\" \/>\n<meta name=\"twitter:label1\" content=\"Escrito por\" \/>\n\t<meta name=\"twitter:data1\" content=\"Encontra Tatu\u00ed\" \/>\n\t<meta name=\"twitter:label2\" content=\"Est. tempo de leitura\" \/>\n\t<meta name=\"twitter:data2\" content=\"5 minutos\" \/>\n<script type=\"application\/ld+json\" class=\"yoast-schema-graph\">{\"@context\":\"https:\\\/\\\/schema.org\",\"@graph\":[{\"@type\":\"Article\",\"@id\":\"https:\\\/\\\/www.encontratatui.com.br\\\/guia\\\/conselho-de-patrimonio-de-tatui-tem-nova-diretoria-para-o-bienio-26-2027\\\/#article\",\"isPartOf\":{\"@id\":\"https:\\\/\\\/www.encontratatui.com.br\\\/guia\\\/conselho-de-patrimonio-de-tatui-tem-nova-diretoria-para-o-bienio-26-2027\\\/\"},\"author\":{\"name\":\"Encontra Tatu\u00ed\",\"@id\":\"https:\\\/\\\/www.encontratatui.com.br\\\/guia\\\/#\\\/schema\\\/person\\\/58bdf1fd3aa9b268c5f8255d8a6dbf25\"},\"headline\":\"Conselho de Patrim\u00f4nio de Tatu\u00ed tem nova diretoria para o bi\u00eanio 26\\\/2027\",\"datePublished\":\"2026-03-19T22:46:24+00:00\",\"mainEntityOfPage\":{\"@id\":\"https:\\\/\\\/www.encontratatui.com.br\\\/guia\\\/conselho-de-patrimonio-de-tatui-tem-nova-diretoria-para-o-bienio-26-2027\\\/\"},\"wordCount\":1041,\"commentCount\":0,\"articleSection\":[\"Not\u00edcias Tatu\u00ed\"],\"inLanguage\":\"pt-BR\",\"potentialAction\":[{\"@type\":\"CommentAction\",\"name\":\"Comment\",\"target\":[\"https:\\\/\\\/www.encontratatui.com.br\\\/guia\\\/conselho-de-patrimonio-de-tatui-tem-nova-diretoria-para-o-bienio-26-2027\\\/#respond\"]}]},{\"@type\":\"WebPage\",\"@id\":\"https:\\\/\\\/www.encontratatui.com.br\\\/guia\\\/conselho-de-patrimonio-de-tatui-tem-nova-diretoria-para-o-bienio-26-2027\\\/\",\"url\":\"https:\\\/\\\/www.encontratatui.com.br\\\/guia\\\/conselho-de-patrimonio-de-tatui-tem-nova-diretoria-para-o-bienio-26-2027\\\/\",\"name\":\"Conselho de Patrim\u00f4nio de Tatu\u00ed tem nova diretoria para o bi\u00eanio 26\\\/2027 | Guia Comercial de Tatu\u00ed SP\",\"isPartOf\":{\"@id\":\"https:\\\/\\\/www.encontratatui.com.br\\\/guia\\\/#website\"},\"datePublished\":\"2026-03-19T22:46:24+00:00\",\"author\":{\"@id\":\"https:\\\/\\\/www.encontratatui.com.br\\\/guia\\\/#\\\/schema\\\/person\\\/58bdf1fd3aa9b268c5f8255d8a6dbf25\"},\"inLanguage\":\"pt-BR\",\"potentialAction\":[{\"@type\":\"ReadAction\",\"target\":[\"https:\\\/\\\/www.encontratatui.com.br\\\/guia\\\/conselho-de-patrimonio-de-tatui-tem-nova-diretoria-para-o-bienio-26-2027\\\/\"]}]},{\"@type\":\"WebSite\",\"@id\":\"https:\\\/\\\/www.encontratatui.com.br\\\/guia\\\/#website\",\"url\":\"https:\\\/\\\/www.encontratatui.com.br\\\/guia\\\/\",\"name\":\"Guia Comercial de Tatu\u00ed SP\",\"description\":\"ENCONTRA TATU\u00cd - O guia comercial de neg\u00f3cios e empresas, cultura e divers\u00e3o na cidade de Tatu\u00ed. Feito 100% para voc\u00ea morador!\",\"potentialAction\":[{\"@type\":\"SearchAction\",\"target\":{\"@type\":\"EntryPoint\",\"urlTemplate\":\"https:\\\/\\\/www.encontratatui.com.br\\\/guia\\\/?s={search_term_string}\"},\"query-input\":{\"@type\":\"PropertyValueSpecification\",\"valueRequired\":true,\"valueName\":\"search_term_string\"}}],\"inLanguage\":\"pt-BR\"},{\"@type\":\"Person\",\"@id\":\"https:\\\/\\\/www.encontratatui.com.br\\\/guia\\\/#\\\/schema\\\/person\\\/58bdf1fd3aa9b268c5f8255d8a6dbf25\",\"name\":\"Encontra Tatu\u00ed\",\"image\":{\"@type\":\"ImageObject\",\"inLanguage\":\"pt-BR\",\"@id\":\"https:\\\/\\\/www.encontratatui.com.br\\\/guia\\\/wp-content\\\/litespeed\\\/avatar\\\/e92a756db1fc224ef50d2f00ed0d047a.jpg?ver=1788446156\",\"url\":\"https:\\\/\\\/www.encontratatui.com.br\\\/guia\\\/wp-content\\\/litespeed\\\/avatar\\\/e92a756db1fc224ef50d2f00ed0d047a.jpg?ver=1788446156\",\"contentUrl\":\"https:\\\/\\\/www.encontratatui.com.br\\\/guia\\\/wp-content\\\/litespeed\\\/avatar\\\/e92a756db1fc224ef50d2f00ed0d047a.jpg?ver=1788446156\",\"caption\":\"Encontra Tatu\u00ed\"},\"url\":\"https:\\\/\\\/www.encontratatui.com.br\\\/guia\\\/author\\\/encontratatui\\\/\"}]}<\/script>\n<!-- \/ Yoast SEO plugin. -->","yoast_head_json":{"title":"Conselho de Patrim\u00f4nio de Tatu\u00ed tem nova diretoria para o bi\u00eanio 26\/2027 | Guia Comercial de Tatu\u00ed SP","robots":{"index":"index","follow":"follow","max-snippet":"max-snippet:-1","max-image-preview":"max-image-preview:large","max-video-preview":"max-video-preview:-1"},"canonical":"https:\/\/www.encontratatui.com.br\/guia\/conselho-de-patrimonio-de-tatui-tem-nova-diretoria-para-o-bienio-26-2027\/","og_locale":"pt_BR","og_type":"article","og_title":"Conselho de Patrim\u00f4nio de Tatu\u00ed tem nova diretoria para o bi\u00eanio 26\/2027 | Guia Comercial de Tatu\u00ed SP","og_description":"A nova diretoria do Conselho de Patrim\u00f4nio de Tatu\u00ed assume em 2026\/2027 com objetivos claros.","og_url":"https:\/\/www.encontratatui.com.br\/guia\/conselho-de-patrimonio-de-tatui-tem-nova-diretoria-para-o-bienio-26-2027\/","og_site_name":"Guia Comercial de Tatu\u00ed SP","article_published_time":"2026-03-19T22:46:24+00:00","author":"Encontra Tatu\u00ed","twitter_card":"summary_large_image","twitter_misc":{"Escrito por":"Encontra Tatu\u00ed","Est. tempo de leitura":"5 minutos"},"schema":{"@context":"https:\/\/schema.org","@graph":[{"@type":"Article","@id":"https:\/\/www.encontratatui.com.br\/guia\/conselho-de-patrimonio-de-tatui-tem-nova-diretoria-para-o-bienio-26-2027\/#article","isPartOf":{"@id":"https:\/\/www.encontratatui.com.br\/guia\/conselho-de-patrimonio-de-tatui-tem-nova-diretoria-para-o-bienio-26-2027\/"},"author":{"name":"Encontra Tatu\u00ed","@id":"https:\/\/www.encontratatui.com.br\/guia\/#\/schema\/person\/58bdf1fd3aa9b268c5f8255d8a6dbf25"},"headline":"Conselho de Patrim\u00f4nio de Tatu\u00ed tem nova diretoria para o bi\u00eanio 26\/2027","datePublished":"2026-03-19T22:46:24+00:00","mainEntityOfPage":{"@id":"https:\/\/www.encontratatui.com.br\/guia\/conselho-de-patrimonio-de-tatui-tem-nova-diretoria-para-o-bienio-26-2027\/"},"wordCount":1041,"commentCount":0,"articleSection":["Not\u00edcias Tatu\u00ed"],"inLanguage":"pt-BR","potentialAction":[{"@type":"CommentAction","name":"Comment","target":["https:\/\/www.encontratatui.com.br\/guia\/conselho-de-patrimonio-de-tatui-tem-nova-diretoria-para-o-bienio-26-2027\/#respond"]}]},{"@type":"WebPage","@id":"https:\/\/www.encontratatui.com.br\/guia\/conselho-de-patrimonio-de-tatui-tem-nova-diretoria-para-o-bienio-26-2027\/","url":"https:\/\/www.encontratatui.com.br\/guia\/conselho-de-patrimonio-de-tatui-tem-nova-diretoria-para-o-bienio-26-2027\/","name":"Conselho de Patrim\u00f4nio de Tatu\u00ed tem nova diretoria para o bi\u00eanio 26\/2027 | Guia Comercial de Tatu\u00ed SP","isPartOf":{"@id":"https:\/\/www.encontratatui.com.br\/guia\/#website"},"datePublished":"2026-03-19T22:46:24+00:00","author":{"@id":"https:\/\/www.encontratatui.com.br\/guia\/#\/schema\/person\/58bdf1fd3aa9b268c5f8255d8a6dbf25"},"inLanguage":"pt-BR","potentialAction":[{"@type":"ReadAction","target":["https:\/\/www.encontratatui.com.br\/guia\/conselho-de-patrimonio-de-tatui-tem-nova-diretoria-para-o-bienio-26-2027\/"]}]},{"@type":"WebSite","@id":"https:\/\/www.encontratatui.com.br\/guia\/#website","url":"https:\/\/www.encontratatui.com.br\/guia\/","name":"Guia Comercial de Tatu\u00ed SP","description":"ENCONTRA TATU\u00cd - O guia comercial de neg\u00f3cios e empresas, cultura e divers\u00e3o na cidade de Tatu\u00ed. Feito 100% para voc\u00ea morador!","potentialAction":[{"@type":"SearchAction","target":{"@type":"EntryPoint","urlTemplate":"https:\/\/www.encontratatui.com.br\/guia\/?s={search_term_string}"},"query-input":{"@type":"PropertyValueSpecification","valueRequired":true,"valueName":"search_term_string"}}],"inLanguage":"pt-BR"},{"@type":"Person","@id":"https:\/\/www.encontratatui.com.br\/guia\/#\/schema\/person\/58bdf1fd3aa9b268c5f8255d8a6dbf25","name":"Encontra Tatu\u00ed","image":{"@type":"ImageObject","inLanguage":"pt-BR","@id":"https:\/\/www.encontratatui.com.br\/guia\/wp-content\/litespeed\/avatar\/e92a756db1fc224ef50d2f00ed0d047a.jpg?ver=1788446156","url":"https:\/\/www.encontratatui.com.br\/guia\/wp-content\/litespeed\/avatar\/e92a756db1fc224ef50d2f00ed0d047a.jpg?ver=1788446156","contentUrl":"https:\/\/www.encontratatui.com.br\/guia\/wp-content\/litespeed\/avatar\/e92a756db1fc224ef50d2f00ed0d047a.jpg?ver=1788446156","caption":"Encontra Tatu\u00ed"},"url":"https:\/\/www.encontratatui.com.br\/guia\/author\/encontratatui\/"}]}},"_links":{"self":[{"href":"https:\/\/www.encontratatui.com.br\/guia\/wp-json\/wp\/v2\/posts\/5069","targetHints":{"allow":["GET"]}}],"collection":[{"href":"https:\/\/www.encontratatui.com.br\/guia\/wp-json\/wp\/v2\/posts"}],"about":[{"href":"https:\/\/www.encontratatui.com.br\/guia\/wp-json\/wp\/v2\/types\/post"}],"author":[{"embeddable":true,"href":"https:\/\/www.encontratatui.com.br\/guia\/wp-json\/wp\/v2\/users\/1"}],"replies":[{"embeddable":true,"href":"https:\/\/www.encontratatui.com.br\/guia\/wp-json\/wp\/v2\/comments?post=5069"}],"version-history":[{"count":0,"href":"https:\/\/www.encontratatui.com.br\/guia\/wp-json\/wp\/v2\/posts\/5069\/revisions"}],"wp:attachment":[{"href":"https:\/\/www.encontratatui.com.br\/guia\/wp-json\/wp\/v2\/media?parent=5069"}],"wp:term":[{"taxonomy":"category","embeddable":true,"href":"https:\/\/www.encontratatui.com.br\/guia\/wp-json\/wp\/v2\/categories?post=5069"},{"taxonomy":"post_tag","embeddable":true,"href":"https:\/\/www.encontratatui.com.br\/guia\/wp-json\/wp\/v2\/tags?post=5069"}],"curies":[{"name":"wp","href":"https:\/\/api.w.org\/{rel}","templated":true}]}}