{"id":5040,"date":"2026-03-11T19:33:17","date_gmt":"2026-03-11T22:33:17","guid":{"rendered":"https:\/\/www.encontratatui.com.br\/guia\/indiebookday-tera-programacao-literaria-no-centro-de-sao-paulo\/"},"modified":"2026-03-11T19:33:17","modified_gmt":"2026-03-11T22:33:17","slug":"indiebookday-tera-programacao-literaria-no-centro-de-sao-paulo","status":"publish","type":"post","link":"https:\/\/www.encontratatui.com.br\/guia\/indiebookday-tera-programacao-literaria-no-centro-de-sao-paulo\/","title":{"rendered":"Indiebookday ter\u00e1 programa\u00e7\u00e3o liter\u00e1ria no centro de S\u00e3o Paulo"},"content":{"rendered":"<h2>O que \u00e9 o Indiebookday?<\/h2>\n<p>O <strong>Indiebookday<\/strong> \u00e9 uma iniciativa anual de origem digital, que tem como principal objetivo promover a compra de livros provenientes de editoras independentes. Realizada em v\u00e1rias partes do mundo, incluindo o Brasil, a data \u00e9 celebrada por leitores e livrarias que desejam apoiar a produ\u00e7\u00e3o liter\u00e1ria alternativa. O evento gera uma s\u00e9rie de atividades e intera\u00e7\u00f5es entre autores, leitores e editores, enfatizando a import\u00e2ncia da literatura independente.<\/p>\n<h2>Hist\u00f3ria da Iniciativa<\/h2>\n<p>Originado na Alemanha em 2013 por Daniel Beskos, o Indiebookday surgiu como uma proposta para incentivar as pessoas a visitarem livrarias e solicitarem livros independentes, utilizando a hashtag #indiebookday nas redes sociais. Desde ent\u00e3o, a festa liter\u00e1ria se expandiu para outros pa\u00edses, como o Reino Unido, It\u00e1lia, Holanda e, \u00e9 claro, Brasil, proporcionando um espa\u00e7o valioso para a promo\u00e7\u00e3o da cultura liter\u00e1ria e a intera\u00e7\u00e3o entre o p\u00fablico e autores independentes.<\/p>\n<h2>Eventos Presenciais em S\u00e3o Paulo<\/h2>\n<p>No Brasil, a edi\u00e7\u00e3o de 2026 ser\u00e1 marcada por um evento presencial em S\u00e3o Paulo, onde diversas atividades est\u00e3o programadas para ocorrer em tr\u00eas locais diferentes no bairro da Santa Cec\u00edlia. Contextualizando esse movimento, cidades como S\u00e3o Paulo se tornam palcos importantes para a promo\u00e7\u00e3o da literatura, trazendo palestras, oficinas e a tradicional feira de trabalhos autorais. As atividades visam criar um clima de festival, facilitando a circula\u00e7\u00e3o entre os locais, onde os participantes podem interagir e conhecer novos conte\u00fados e autores.<\/p>\n<h2>Programa\u00e7\u00e3o Detalhada<\/h2>\n<p>A programa\u00e7\u00e3o do Indiebookday em S\u00e3o Paulo est\u00e1 repleta de atividades que prometem atrair um p\u00fablico significativo, superando as expectativas dos anos anteriores. O evento ser\u00e1 dividido em tr\u00eas locais principais, onde cada um deles ter\u00e1 uma agenda espec\u00edfica:<\/p>\n<ul>\n<li><strong>Livraria Gr\u00e1fica (Bar\u00e3o de Tatu\u00ed, 509 \u2014 S\u00e3o Paulo \/ SP)<\/strong>\n<ul>\n<li>11h \u00e0s 18h: Lan\u00e7amento do livro <em>O caminho da coisa<\/em>, de Jos\u00e9 Lucas Queiroz, com o autor realizando desenhos e interagindo com os visitantes.<\/li>\n<\/ul>\n<\/li>\n<li><strong>Banca Tatu\u00ed (Bar\u00e3o de Tatu\u00ed, 275 \u2014 S\u00e3o Paulo \/ SP)<\/strong>\n<ul>\n<li>14h: Lan\u00e7amentos coletivos de v\u00e1rias obras, incluindo <em>A menina com rodinhas nos p\u00e9s<\/em> e <em>Filmes que j\u00e1 menti que vi<\/em>.<\/li>\n<li>14h: Esta\u00e7\u00e3o de miniserigrafia com a Caseira.art.<\/li>\n<li>16h &#8211; 18h30: Minioficina com a Ceda el Paso.<\/li>\n<li>17h: Leituras na rua e distribui\u00e7\u00e3o de desenhos para colorir.<\/li>\n<\/ul>\n<\/li>\n<li><strong>Casar\u00e3o Bar\u00e3o de Tatu\u00ed (Bar\u00e3o de Tatu\u00ed, 361 \u2014 S\u00e3o Paulo \/ SP)<\/strong>\n<ul>\n<li>Feira Tatu\u00ed: das 11h \u00e0s 19h, com a programa\u00e7\u00e3o de palestras no jardim do Casar\u00e3o.<\/li>\n<\/ul>\n<\/li>\n<\/ul>\n<h2>Palestras Imperd\u00edveis<\/h2>\n<p>O evento contar\u00e1 com uma grade de palestras que abordam temas relevantes dentro do universo da literatura independente. Dentre as palestras programadas est\u00e3o:<\/p>\n<ul>\n<li>11h: <strong>Produ\u00e7\u00e3o gr\u00e1fica de primeira viagem<\/strong> &#8211; Cecilia Arbolave<\/li>\n<li>17h: <strong>Publica\u00e7\u00e3o independente de livros para crian\u00e7as: diferentes enquadres<\/strong> &#8211; Peter O Sagae<\/li>\n<\/ul>\n<p>Essas palestras s\u00e3o uma oportunidade \u00fanica para os participantes aprenderem sobre o cen\u00e1rio atual das publica\u00e7\u00f5es independentes, bem como para discutir maneiras efetivas de navegar no mundo da literatura.<\/p>\n<h2>Oficinas Criativas<\/h2>\n<p>As oficinas programadas para o Indiebookday tamb\u00e9m prometem ser um grande atrativo. As atividades incluem:<\/p>\n<ul>\n<li>13h: <strong>Mini-album sanfonado<\/strong> &#8211; Oficina de L\u00facia Ishikawa<\/li>\n<li>15h: <strong>Meu marca-p\u00e1ginas de caquinhos<\/strong> &#8211; Oficina de \u00c9rica Paiva Rosa<\/li>\n<\/ul>\n<p>Essas oficinas incentivam a cria\u00e7\u00e3o e a experimenta\u00e7\u00e3o, permitindo que os participantes explorem sua criatividade com materiais e t\u00e9cnicas diversas.<\/p>\n<h2>Feira de Trabalhos Autorais<\/h2>\n<p>A Feira Tatu\u00ed ocorrer\u00e1 durante todo o evento, reunindo uma diversidade de trabalhos autorais que refletem a riqueza da literatura independente. Esta feira n\u00e3o s\u00f3 promove autores e suas obras, mas tamb\u00e9m fortalece a comunidade liter\u00e1ria local, oferecendo uma vitrine para novos talentos e projetos inovadores.<\/p>\n<h2>Import\u00e2ncia das Editoras Independentes<\/h2>\n<p>As editoras independentes desempenham um papel crucial no cen\u00e1rio liter\u00e1rio, pois oferecem diversidade de vozes e estilos que muitas vezes s\u00e3o negligenciados por grandes editoras. Apoiar essas iniciativas \u00e9 fundamental para garantir que uma variedade de narrativas e perspectivas continue a ser explorada e compartilhada. Ao participar do Indiebookday, leitores n\u00e3o apenas apoiam o mercado independente, mas tamb\u00e9m se exp\u00f5em a novas hist\u00f3rias e autores que podem enriquecer sua experi\u00eancia liter\u00e1ria.<\/p>\n<h2>Expectativa para 2026<\/h2>\n<p>Com a expectativa de um p\u00fablico maior em 2026, a organiza\u00e7\u00e3o do evento busca fomentar n\u00e3o apenas a venda de livros, mas tamb\u00e9m o interc\u00e2mbio cultural e a forma\u00e7\u00e3o de redes entre escritores, artistas e leitores. A colabora\u00e7\u00e3o entre diferentes atores da literatura independente contribuir\u00e1 para um ambiente mais saud\u00e1vel e din\u00e2mico, onde a criatividade pode fluir livremente.<\/p>\n<h2>Como Participar do Indiebookday<\/h2>\n<p>Participar do Indiebookday \u00e9 uma experi\u00eancia enriquecedora e simples. Os interessados podem:<\/p>\n<ul>\n<li>Visitar as livrarias participantes e pedir recomenda\u00e7\u00f5es de livros independentes.<\/li>\n<li>Usar a hashtag #indiebookday nas redes sociais para compartilhar suas leituras e descobertas.<\/li>\n<li>Se envolver nas atividades propostas, como palestras e oficinas, para aumentar seu conhecimento e habilidades.<\/li>\n<\/ul>\n<p>Assim, cada um contribui para a valoriza\u00e7\u00e3o da literatura independente, ampliando a visibilidade dos autores e suas obras.<\/p>\n","protected":false},"excerpt":{"rendered":"<p>Indiebookday traz uma rica programa\u00e7\u00e3o liter\u00e1ria ao centro de S\u00e3o Paulo.<\/p>\n","protected":false},"author":1,"featured_media":0,"comment_status":"open","ping_status":"open","sticky":false,"template":"","format":"standard","meta":{"footnotes":""},"categories":[5],"tags":[],"class_list":["post-5040","post","type-post","status-publish","format-standard","hentry","category-noticias"],"yoast_head":"<!-- This site is optimized with the Yoast SEO plugin v26.6 - https:\/\/yoast.com\/wordpress\/plugins\/seo\/ -->\n<title>Indiebookday ter\u00e1 programa\u00e7\u00e3o liter\u00e1ria no centro de S\u00e3o Paulo | Guia Comercial de Tatu\u00ed SP<\/title>\n<meta name=\"robots\" content=\"index, follow, max-snippet:-1, max-image-preview:large, max-video-preview:-1\" \/>\n<link rel=\"canonical\" href=\"https:\/\/www.encontratatui.com.br\/guia\/indiebookday-tera-programacao-literaria-no-centro-de-sao-paulo\/\" \/>\n<meta property=\"og:locale\" content=\"pt_BR\" \/>\n<meta property=\"og:type\" content=\"article\" \/>\n<meta property=\"og:title\" content=\"Indiebookday ter\u00e1 programa\u00e7\u00e3o liter\u00e1ria no centro de S\u00e3o Paulo | Guia Comercial de Tatu\u00ed SP\" \/>\n<meta property=\"og:description\" content=\"Indiebookday traz uma rica programa\u00e7\u00e3o liter\u00e1ria ao centro de S\u00e3o Paulo.\" \/>\n<meta property=\"og:url\" content=\"https:\/\/www.encontratatui.com.br\/guia\/indiebookday-tera-programacao-literaria-no-centro-de-sao-paulo\/\" \/>\n<meta property=\"og:site_name\" content=\"Guia Comercial de Tatu\u00ed SP\" \/>\n<meta property=\"article:published_time\" content=\"2026-03-11T22:33:17+00:00\" \/>\n<meta name=\"author\" content=\"Encontra Tatu\u00ed\" \/>\n<meta name=\"twitter:card\" content=\"summary_large_image\" \/>\n<meta name=\"twitter:label1\" content=\"Escrito por\" \/>\n\t<meta name=\"twitter:data1\" content=\"Encontra Tatu\u00ed\" \/>\n\t<meta name=\"twitter:label2\" content=\"Est. tempo de leitura\" \/>\n\t<meta name=\"twitter:data2\" content=\"4 minutos\" \/>\n<script type=\"application\/ld+json\" class=\"yoast-schema-graph\">{\"@context\":\"https:\/\/schema.org\",\"@graph\":[{\"@type\":\"WebPage\",\"@id\":\"https:\/\/www.encontratatui.com.br\/guia\/indiebookday-tera-programacao-literaria-no-centro-de-sao-paulo\/\",\"url\":\"https:\/\/www.encontratatui.com.br\/guia\/indiebookday-tera-programacao-literaria-no-centro-de-sao-paulo\/\",\"name\":\"Indiebookday ter\u00e1 programa\u00e7\u00e3o liter\u00e1ria no centro de S\u00e3o Paulo | Guia Comercial de Tatu\u00ed SP\",\"isPartOf\":{\"@id\":\"https:\/\/www.encontratatui.com.br\/guia\/#website\"},\"datePublished\":\"2026-03-11T22:33:17+00:00\",\"author\":{\"@id\":\"https:\/\/www.encontratatui.com.br\/guia\/#\/schema\/person\/58bdf1fd3aa9b268c5f8255d8a6dbf25\"},\"inLanguage\":\"pt-BR\",\"potentialAction\":[{\"@type\":\"ReadAction\",\"target\":[\"https:\/\/www.encontratatui.com.br\/guia\/indiebookday-tera-programacao-literaria-no-centro-de-sao-paulo\/\"]}]},{\"@type\":\"WebSite\",\"@id\":\"https:\/\/www.encontratatui.com.br\/guia\/#website\",\"url\":\"https:\/\/www.encontratatui.com.br\/guia\/\",\"name\":\"Guia Comercial de Tatu\u00ed SP\",\"description\":\"ENCONTRA TATU\u00cd - O guia comercial de neg\u00f3cios e empresas, cultura e divers\u00e3o na cidade de Tatu\u00ed. Feito 100% para voc\u00ea morador!\",\"potentialAction\":[{\"@type\":\"SearchAction\",\"target\":{\"@type\":\"EntryPoint\",\"urlTemplate\":\"https:\/\/www.encontratatui.com.br\/guia\/?s={search_term_string}\"},\"query-input\":{\"@type\":\"PropertyValueSpecification\",\"valueRequired\":true,\"valueName\":\"search_term_string\"}}],\"inLanguage\":\"pt-BR\"},{\"@type\":\"Person\",\"@id\":\"https:\/\/www.encontratatui.com.br\/guia\/#\/schema\/person\/58bdf1fd3aa9b268c5f8255d8a6dbf25\",\"name\":\"Encontra Tatu\u00ed\",\"image\":{\"@type\":\"ImageObject\",\"inLanguage\":\"pt-BR\",\"@id\":\"https:\/\/www.encontratatui.com.br\/guia\/#\/schema\/person\/image\/\",\"url\":\"https:\/\/secure.gravatar.com\/avatar\/c50c17820bcf322f0a8fd6b110b8c0918141409dc69076470f6fca5fee70a5d4?s=96&d=mm&r=g\",\"contentUrl\":\"https:\/\/secure.gravatar.com\/avatar\/c50c17820bcf322f0a8fd6b110b8c0918141409dc69076470f6fca5fee70a5d4?s=96&d=mm&r=g\",\"caption\":\"Encontra Tatu\u00ed\"},\"url\":\"https:\/\/www.encontratatui.com.br\/guia\/author\/encontratatui\/\"}]}<\/script>\n<!-- \/ Yoast SEO plugin. -->","yoast_head_json":{"title":"Indiebookday ter\u00e1 programa\u00e7\u00e3o liter\u00e1ria no centro de S\u00e3o Paulo | Guia Comercial de Tatu\u00ed SP","robots":{"index":"index","follow":"follow","max-snippet":"max-snippet:-1","max-image-preview":"max-image-preview:large","max-video-preview":"max-video-preview:-1"},"canonical":"https:\/\/www.encontratatui.com.br\/guia\/indiebookday-tera-programacao-literaria-no-centro-de-sao-paulo\/","og_locale":"pt_BR","og_type":"article","og_title":"Indiebookday ter\u00e1 programa\u00e7\u00e3o liter\u00e1ria no centro de S\u00e3o Paulo | Guia Comercial de Tatu\u00ed SP","og_description":"Indiebookday traz uma rica programa\u00e7\u00e3o liter\u00e1ria ao centro de S\u00e3o Paulo.","og_url":"https:\/\/www.encontratatui.com.br\/guia\/indiebookday-tera-programacao-literaria-no-centro-de-sao-paulo\/","og_site_name":"Guia Comercial de Tatu\u00ed SP","article_published_time":"2026-03-11T22:33:17+00:00","author":"Encontra Tatu\u00ed","twitter_card":"summary_large_image","twitter_misc":{"Escrito por":"Encontra Tatu\u00ed","Est. tempo de leitura":"4 minutos"},"schema":{"@context":"https:\/\/schema.org","@graph":[{"@type":"WebPage","@id":"https:\/\/www.encontratatui.com.br\/guia\/indiebookday-tera-programacao-literaria-no-centro-de-sao-paulo\/","url":"https:\/\/www.encontratatui.com.br\/guia\/indiebookday-tera-programacao-literaria-no-centro-de-sao-paulo\/","name":"Indiebookday ter\u00e1 programa\u00e7\u00e3o liter\u00e1ria no centro de S\u00e3o Paulo | Guia Comercial de Tatu\u00ed SP","isPartOf":{"@id":"https:\/\/www.encontratatui.com.br\/guia\/#website"},"datePublished":"2026-03-11T22:33:17+00:00","author":{"@id":"https:\/\/www.encontratatui.com.br\/guia\/#\/schema\/person\/58bdf1fd3aa9b268c5f8255d8a6dbf25"},"inLanguage":"pt-BR","potentialAction":[{"@type":"ReadAction","target":["https:\/\/www.encontratatui.com.br\/guia\/indiebookday-tera-programacao-literaria-no-centro-de-sao-paulo\/"]}]},{"@type":"WebSite","@id":"https:\/\/www.encontratatui.com.br\/guia\/#website","url":"https:\/\/www.encontratatui.com.br\/guia\/","name":"Guia Comercial de Tatu\u00ed SP","description":"ENCONTRA TATU\u00cd - O guia comercial de neg\u00f3cios e empresas, cultura e divers\u00e3o na cidade de Tatu\u00ed. Feito 100% para voc\u00ea morador!","potentialAction":[{"@type":"SearchAction","target":{"@type":"EntryPoint","urlTemplate":"https:\/\/www.encontratatui.com.br\/guia\/?s={search_term_string}"},"query-input":{"@type":"PropertyValueSpecification","valueRequired":true,"valueName":"search_term_string"}}],"inLanguage":"pt-BR"},{"@type":"Person","@id":"https:\/\/www.encontratatui.com.br\/guia\/#\/schema\/person\/58bdf1fd3aa9b268c5f8255d8a6dbf25","name":"Encontra Tatu\u00ed","image":{"@type":"ImageObject","inLanguage":"pt-BR","@id":"https:\/\/www.encontratatui.com.br\/guia\/#\/schema\/person\/image\/","url":"https:\/\/secure.gravatar.com\/avatar\/c50c17820bcf322f0a8fd6b110b8c0918141409dc69076470f6fca5fee70a5d4?s=96&d=mm&r=g","contentUrl":"https:\/\/secure.gravatar.com\/avatar\/c50c17820bcf322f0a8fd6b110b8c0918141409dc69076470f6fca5fee70a5d4?s=96&d=mm&r=g","caption":"Encontra Tatu\u00ed"},"url":"https:\/\/www.encontratatui.com.br\/guia\/author\/encontratatui\/"}]}},"_links":{"self":[{"href":"https:\/\/www.encontratatui.com.br\/guia\/wp-json\/wp\/v2\/posts\/5040","targetHints":{"allow":["GET"]}}],"collection":[{"href":"https:\/\/www.encontratatui.com.br\/guia\/wp-json\/wp\/v2\/posts"}],"about":[{"href":"https:\/\/www.encontratatui.com.br\/guia\/wp-json\/wp\/v2\/types\/post"}],"author":[{"embeddable":true,"href":"https:\/\/www.encontratatui.com.br\/guia\/wp-json\/wp\/v2\/users\/1"}],"replies":[{"embeddable":true,"href":"https:\/\/www.encontratatui.com.br\/guia\/wp-json\/wp\/v2\/comments?post=5040"}],"version-history":[{"count":0,"href":"https:\/\/www.encontratatui.com.br\/guia\/wp-json\/wp\/v2\/posts\/5040\/revisions"}],"wp:attachment":[{"href":"https:\/\/www.encontratatui.com.br\/guia\/wp-json\/wp\/v2\/media?parent=5040"}],"wp:term":[{"taxonomy":"category","embeddable":true,"href":"https:\/\/www.encontratatui.com.br\/guia\/wp-json\/wp\/v2\/categories?post=5040"},{"taxonomy":"post_tag","embeddable":true,"href":"https:\/\/www.encontratatui.com.br\/guia\/wp-json\/wp\/v2\/tags?post=5040"}],"curies":[{"name":"wp","href":"https:\/\/api.w.org\/{rel}","templated":true}]}}