{"id":4955,"date":"2026-02-18T19:51:57","date_gmt":"2026-02-18T22:51:57","guid":{"rendered":"https:\/\/www.encontratatui.com.br\/guia\/documentario-produzido-por-jornalista-preserva-o-legado-de-paulo-vagalume-figura-emblematica-do-carnaval-de-tatui\/"},"modified":"2026-02-18T19:51:57","modified_gmt":"2026-02-18T22:51:57","slug":"documentario-produzido-por-jornalista-preserva-o-legado-de-paulo-vagalume-figura-emblematica-do-carnaval-de-tatui","status":"publish","type":"post","link":"https:\/\/www.encontratatui.com.br\/guia\/documentario-produzido-por-jornalista-preserva-o-legado-de-paulo-vagalume-figura-emblematica-do-carnaval-de-tatui\/","title":{"rendered":"Document\u00e1rio produzido por jornalista preserva o legado de Paulo Vagalume, figura emblem\u00e1tica do carnaval de Tatu\u00ed"},"content":{"rendered":"<h2>A Hist\u00f3ria de Paulo Vagalume e Sua Influ\u00eancia no Carnaval<\/h2>\n<p>Paulo Vagalume \u00e9 considerado um \u00edcone do carnaval na cidade de Tatu\u00ed, no interior de S\u00e3o Paulo. Sua influ\u00eancia \u00e9 sentida profundamente na identidade cultural da festa, que \u00e9 uma das mais emblem\u00e1ticas do Brasil. Vagalume, embora j\u00e1 tenha falecido em 2015, continua sendo uma figura central quando se fala sobre o carnaval da regi\u00e3o. Sua dedica\u00e7\u00e3o ao evento e \u00e0 promo\u00e7\u00e3o da cultura local o tornaram um nome respeitado e querido por muitos.<\/p>\n<h2>O Bloco do Carnaval do Vagalume: Uma Tradi\u00e7\u00e3o de 40 Anos<\/h2>\n<p>Um dos maiores legados de Paulo Vagalume \u00e9 o Bloco Carnaval do Vagalume, fundado por sua fam\u00edlia h\u00e1 mais de quatro d\u00e9cadas. O bloco nasceu com o prop\u00f3sito de celebrar a cultura afro-brasileira e promover a uni\u00e3o da comunidade local, criando um espa\u00e7o para a diversidade e a inclus\u00e3o. Com seu estilo vibrante e arqueado nas tradi\u00e7\u00f5es afro-brasileiras, o bloco se destacou ao longo dos anos como um s\u00edmbolo de resist\u00eancia e alegria.<\/p>\n<h2>Resist\u00eancia e Representatividade: A Cultura Negra em Tatu\u00ed<\/h2>\n<p>A hist\u00f3ria do Bloco Carnaval do Vagalume \u00e9 um reflexo da resist\u00eancia da comunidade negra em Tatu\u00ed. A jornalista Rafaele Breves, respons\u00e1vel por documentar a trajet\u00f3ria da fam\u00edlia Vagalume, ressalta que a cultura negra \u00e9 frequentemente caracterizada pela oralidade. Muitas vezes, essas narrativas n\u00e3o s\u00e3o escritas, o que torna projetos de documenta\u00e7\u00e3o como o de Rafaele ainda mais essenciais para a preserva\u00e7\u00e3o do legado cultural.<\/p>\n<p><img decoding=\"async\" src=\"https:\/\/www.encontratatui.com.br\/guia\/wp-content\/uploads\/2026\/02\/documentario-produzido-por-jornalista-preserva-o-legado-de-paulo-vagalume-figura-emblematica-do-carn.webp\" alt=\"document\u00e1rio Paulo Vagalume\" loading=\"lazy\" \/><\/p>\n<h2>A Jornada de Rafaele Breves na Cria\u00e7\u00e3o do Document\u00e1rio<\/h2>\n<p>O document\u00e1rio que Rafaele Breves produziu \u00e9 parte da s\u00e9rie &#8220;Desterro Negro Tatuiano&#8221;, que busca contar hist\u00f3rias significativas da cultura negra na cidade. Ao trabalhar com a fam\u00edlia Vagalume, Rafaele mostrou como esses eventos possuem um poder transformador e educativo, n\u00e3o apenas para a comunidade local, mas tamb\u00e9m para as novas gera\u00e7\u00f5es que devem conhecer suas ra\u00edzes.<\/p>\n<h2>A Oralidade na Cultura Negra: Desafios de Documenta\u00e7\u00e3o<\/h2>\n<p>A oralidade \u00e9 uma caracter\u00edstica marcante da cultura negra, que transmite hist\u00f3rias, lendas e tradi\u00e7\u00f5es de gera\u00e7\u00e3o em gera\u00e7\u00e3o. No entanto, isso tamb\u00e9m apresenta desafios significativos para a documenta\u00e7\u00e3o. A falta de registros escritos muitas vezes leva \u00e0 perda de detalhes fundamentais. Assim, iniciativas como a de Rafaele se tornam fundamentais para a manuten\u00e7\u00e3o da cultura e da hist\u00f3ria.<\/p>\n<h2>O Legado dos Vagalumes e Suas Ra\u00edzes na Comunidade<\/h2>\n<p>O legado da fam\u00edlia Vagalume transcende o carnaval, refletindo-se nas ra\u00edzes da comunidade. A forma\u00e7\u00e3o de la\u00e7os entre os membros da comunidade negra de Tatu\u00ed \u00e9 evidente, e o bloco funciona como um espa\u00e7o de celebra\u00e7\u00e3o e pertencimento. A jornalista destaca que esses v\u00ednculos s\u00e3o importantes para a constru\u00e7\u00e3o de uma identidade s\u00f3lida e de uma mem\u00f3ria cultural compartilhada.<\/p>\n<h2>Benedita da Silva: A Voz na Preserva\u00e7\u00e3o do Legado<\/h2>\n<p>Benedita Aparecida da Silva, filha mais velha de Paulo, tem um papel crucial na continuidade do legado de sua fam\u00edlia. Al\u00e9m de participar ativamente da organiza\u00e7\u00e3o do bloco, Benedita \u00e9 uma das vozes que compartilham as hist\u00f3rias e experi\u00eancias da fam\u00edlia Vagalume, garantindo que n\u00e3o haver\u00e1 perda de mem\u00f3ria cultural. Sua contribui\u00e7\u00e3o \u00e9 vital para o fortalecimento da identidade da cultura afro-brasileira em Tatu\u00ed.<\/p>\n<h2>Como o Carnaval de Tatu\u00ed Reflete a Hist\u00f3ria da Cidade<\/h2>\n<p>O carnaval em Tatu\u00ed n\u00e3o \u00e9 apenas uma celebra\u00e7\u00e3o, mas um verdadeiro espelho da hist\u00f3ria da cidade. A evolu\u00e7\u00e3o do carnaval reflete as mudan\u00e7as sociais e pol\u00edticas, bem como a luta da popula\u00e7\u00e3o negra pela preserva\u00e7\u00e3o de sua cultura. O Bloco do Carnaval do Vagalume \u00e9 um dos poucos que sobreviveram a transforma\u00e7\u00f5es significativas, o que o torna ainda mais relevante na narrativa contempor\u00e2nea da cidade.<\/p>\n<h2>O Papel do Document\u00e1rio na Valoriza\u00e7\u00e3o Cultural<\/h2>\n<p>Document\u00e1rios como o de Rafaele Breves desempenham um papel fundamental na valoriza\u00e7\u00e3o da cultura e da hist\u00f3ria local. Eles n\u00e3o apenas trazem \u00e0 tona hist\u00f3rias importantes, mas tamb\u00e9m inspiram as novas gera\u00e7\u00f5es a se conectarem com suas ra\u00edzes. A produ\u00e7\u00e3o de conte\u00fado audiovisual permite que as viv\u00eancias e os saberes da comunidade negra sejam mais acess\u00edveis, refor\u00e7ando seu valor e import\u00e2ncia.<\/p>\n<h2>O Futuro da Tradi\u00e7\u00e3o Carnavalesca na Fam\u00edlia Vagalume<\/h2>\n<p>Com as novas gera\u00e7\u00f5es assumindo a responsabilidade pela organiza\u00e7\u00e3o do Bloco Carnaval do Vagalume, h\u00e1 um renovado compromisso com a tradi\u00e7\u00e3o e a celebra\u00e7\u00e3o da cultura negra. Atualmente, s\u00e3o os bisnetos de Paulo Vagalume que d\u00e3o continuidade a esse legado, mostrando que a paix\u00e3o pela festa e pela cultura s\u00e3o passadas adiante. O futuro da tradi\u00e7\u00e3o carnavalesca na fam\u00edlia Vagalume depende da participa\u00e7\u00e3o cont\u00ednua da comunidade na valoriza\u00e7\u00e3o e na preserva\u00e7\u00e3o de sua hist\u00f3ria.<\/p>\n","protected":false},"excerpt":{"rendered":"<p>Descubra como o document\u00e1rio preserva a hist\u00f3ria de Paulo Vagalume e a resist\u00eancia negra.<\/p>\n","protected":false},"author":1,"featured_media":4954,"comment_status":"open","ping_status":"open","sticky":false,"template":"","format":"standard","meta":{"footnotes":""},"categories":[5],"tags":[],"class_list":["post-4955","post","type-post","status-publish","format-standard","has-post-thumbnail","hentry","category-noticias","has_thumb"],"yoast_head":"<!-- This site is optimized with the Yoast SEO plugin v28.1 - https:\/\/yoast.com\/product\/yoast-seo-wordpress\/ -->\n<title>Document\u00e1rio produzido por jornalista preserva o legado de Paulo Vagalume, figura emblem\u00e1tica do carnaval de Tatu\u00ed | Guia Comercial de Tatu\u00ed SP<\/title>\n<meta name=\"robots\" content=\"index, follow, max-snippet:-1, max-image-preview:large, max-video-preview:-1\" \/>\n<link rel=\"canonical\" href=\"https:\/\/www.encontratatui.com.br\/guia\/documentario-produzido-por-jornalista-preserva-o-legado-de-paulo-vagalume-figura-emblematica-do-carnaval-de-tatui\/\" \/>\n<meta property=\"og:locale\" content=\"pt_BR\" \/>\n<meta property=\"og:type\" content=\"article\" \/>\n<meta property=\"og:title\" content=\"Document\u00e1rio produzido por jornalista preserva o legado de Paulo Vagalume, figura emblem\u00e1tica do carnaval de Tatu\u00ed | Guia Comercial de Tatu\u00ed SP\" \/>\n<meta property=\"og:description\" content=\"Descubra como o document\u00e1rio preserva a hist\u00f3ria de Paulo Vagalume e a resist\u00eancia negra.\" \/>\n<meta property=\"og:url\" content=\"https:\/\/www.encontratatui.com.br\/guia\/documentario-produzido-por-jornalista-preserva-o-legado-de-paulo-vagalume-figura-emblematica-do-carnaval-de-tatui\/\" \/>\n<meta property=\"og:site_name\" content=\"Guia Comercial de Tatu\u00ed SP\" \/>\n<meta property=\"article:published_time\" content=\"2026-02-18T22:51:57+00:00\" \/>\n<meta property=\"og:image\" content=\"https:\/\/www.encontratatui.com.br\/guia\/wp-content\/uploads\/2026\/02\/documentario-produzido-por-jornalista-preserva-o-legado-de-paulo-vagalume-figura-emblematica-do-carn.webp\" \/>\n<meta name=\"author\" content=\"Encontra Tatu\u00ed\" \/>\n<meta name=\"twitter:card\" content=\"summary_large_image\" \/>\n<meta name=\"twitter:label1\" content=\"Escrito por\" \/>\n\t<meta name=\"twitter:data1\" content=\"Encontra Tatu\u00ed\" \/>\n\t<meta name=\"twitter:label2\" content=\"Est. tempo de leitura\" \/>\n\t<meta name=\"twitter:data2\" content=\"4 minutos\" \/>\n<script type=\"application\/ld+json\" class=\"yoast-schema-graph\">{\"@context\":\"https:\\\/\\\/schema.org\",\"@graph\":[{\"@type\":\"Article\",\"@id\":\"https:\\\/\\\/www.encontratatui.com.br\\\/guia\\\/documentario-produzido-por-jornalista-preserva-o-legado-de-paulo-vagalume-figura-emblematica-do-carnaval-de-tatui\\\/#article\",\"isPartOf\":{\"@id\":\"https:\\\/\\\/www.encontratatui.com.br\\\/guia\\\/documentario-produzido-por-jornalista-preserva-o-legado-de-paulo-vagalume-figura-emblematica-do-carnaval-de-tatui\\\/\"},\"author\":{\"name\":\"Encontra Tatu\u00ed\",\"@id\":\"https:\\\/\\\/www.encontratatui.com.br\\\/guia\\\/#\\\/schema\\\/person\\\/58bdf1fd3aa9b268c5f8255d8a6dbf25\"},\"headline\":\"Document\u00e1rio produzido por jornalista preserva o legado de Paulo Vagalume, figura emblem\u00e1tica do carnaval de Tatu\u00ed\",\"datePublished\":\"2026-02-18T22:51:57+00:00\",\"mainEntityOfPage\":{\"@id\":\"https:\\\/\\\/www.encontratatui.com.br\\\/guia\\\/documentario-produzido-por-jornalista-preserva-o-legado-de-paulo-vagalume-figura-emblematica-do-carnaval-de-tatui\\\/\"},\"wordCount\":855,\"commentCount\":0,\"image\":{\"@id\":\"https:\\\/\\\/www.encontratatui.com.br\\\/guia\\\/documentario-produzido-por-jornalista-preserva-o-legado-de-paulo-vagalume-figura-emblematica-do-carnaval-de-tatui\\\/#primaryimage\"},\"thumbnailUrl\":\"https:\\\/\\\/www.encontratatui.com.br\\\/guia\\\/wp-content\\\/uploads\\\/2026\\\/02\\\/documentario-produzido-por-jornalista-preserva-o-legado-de-paulo-vagalume-figura-emblematica-do-carn.webp\",\"articleSection\":[\"Not\u00edcias Tatu\u00ed\"],\"inLanguage\":\"pt-BR\",\"potentialAction\":[{\"@type\":\"CommentAction\",\"name\":\"Comment\",\"target\":[\"https:\\\/\\\/www.encontratatui.com.br\\\/guia\\\/documentario-produzido-por-jornalista-preserva-o-legado-de-paulo-vagalume-figura-emblematica-do-carnaval-de-tatui\\\/#respond\"]}]},{\"@type\":\"WebPage\",\"@id\":\"https:\\\/\\\/www.encontratatui.com.br\\\/guia\\\/documentario-produzido-por-jornalista-preserva-o-legado-de-paulo-vagalume-figura-emblematica-do-carnaval-de-tatui\\\/\",\"url\":\"https:\\\/\\\/www.encontratatui.com.br\\\/guia\\\/documentario-produzido-por-jornalista-preserva-o-legado-de-paulo-vagalume-figura-emblematica-do-carnaval-de-tatui\\\/\",\"name\":\"Document\u00e1rio produzido por jornalista preserva o legado de Paulo Vagalume, figura emblem\u00e1tica do carnaval de Tatu\u00ed | Guia Comercial de Tatu\u00ed SP\",\"isPartOf\":{\"@id\":\"https:\\\/\\\/www.encontratatui.com.br\\\/guia\\\/#website\"},\"primaryImageOfPage\":{\"@id\":\"https:\\\/\\\/www.encontratatui.com.br\\\/guia\\\/documentario-produzido-por-jornalista-preserva-o-legado-de-paulo-vagalume-figura-emblematica-do-carnaval-de-tatui\\\/#primaryimage\"},\"image\":{\"@id\":\"https:\\\/\\\/www.encontratatui.com.br\\\/guia\\\/documentario-produzido-por-jornalista-preserva-o-legado-de-paulo-vagalume-figura-emblematica-do-carnaval-de-tatui\\\/#primaryimage\"},\"thumbnailUrl\":\"https:\\\/\\\/www.encontratatui.com.br\\\/guia\\\/wp-content\\\/uploads\\\/2026\\\/02\\\/documentario-produzido-por-jornalista-preserva-o-legado-de-paulo-vagalume-figura-emblematica-do-carn.webp\",\"datePublished\":\"2026-02-18T22:51:57+00:00\",\"author\":{\"@id\":\"https:\\\/\\\/www.encontratatui.com.br\\\/guia\\\/#\\\/schema\\\/person\\\/58bdf1fd3aa9b268c5f8255d8a6dbf25\"},\"inLanguage\":\"pt-BR\",\"potentialAction\":[{\"@type\":\"ReadAction\",\"target\":[\"https:\\\/\\\/www.encontratatui.com.br\\\/guia\\\/documentario-produzido-por-jornalista-preserva-o-legado-de-paulo-vagalume-figura-emblematica-do-carnaval-de-tatui\\\/\"]}]},{\"@type\":\"ImageObject\",\"inLanguage\":\"pt-BR\",\"@id\":\"https:\\\/\\\/www.encontratatui.com.br\\\/guia\\\/documentario-produzido-por-jornalista-preserva-o-legado-de-paulo-vagalume-figura-emblematica-do-carnaval-de-tatui\\\/#primaryimage\",\"url\":\"https:\\\/\\\/www.encontratatui.com.br\\\/guia\\\/wp-content\\\/uploads\\\/2026\\\/02\\\/documentario-produzido-por-jornalista-preserva-o-legado-de-paulo-vagalume-figura-emblematica-do-carn.webp\",\"contentUrl\":\"https:\\\/\\\/www.encontratatui.com.br\\\/guia\\\/wp-content\\\/uploads\\\/2026\\\/02\\\/documentario-produzido-por-jornalista-preserva-o-legado-de-paulo-vagalume-figura-emblematica-do-carn.webp\",\"width\":280,\"height\":280,\"caption\":\"document\u00e1rio Paulo Vagalume\"},{\"@type\":\"WebSite\",\"@id\":\"https:\\\/\\\/www.encontratatui.com.br\\\/guia\\\/#website\",\"url\":\"https:\\\/\\\/www.encontratatui.com.br\\\/guia\\\/\",\"name\":\"Guia Comercial de Tatu\u00ed SP\",\"description\":\"ENCONTRA TATU\u00cd - O guia comercial de neg\u00f3cios e empresas, cultura e divers\u00e3o na cidade de Tatu\u00ed. Feito 100% para voc\u00ea morador!\",\"potentialAction\":[{\"@type\":\"SearchAction\",\"target\":{\"@type\":\"EntryPoint\",\"urlTemplate\":\"https:\\\/\\\/www.encontratatui.com.br\\\/guia\\\/?s={search_term_string}\"},\"query-input\":{\"@type\":\"PropertyValueSpecification\",\"valueRequired\":true,\"valueName\":\"search_term_string\"}}],\"inLanguage\":\"pt-BR\"},{\"@type\":\"Person\",\"@id\":\"https:\\\/\\\/www.encontratatui.com.br\\\/guia\\\/#\\\/schema\\\/person\\\/58bdf1fd3aa9b268c5f8255d8a6dbf25\",\"name\":\"Encontra Tatu\u00ed\",\"image\":{\"@type\":\"ImageObject\",\"inLanguage\":\"pt-BR\",\"@id\":\"https:\\\/\\\/www.encontratatui.com.br\\\/guia\\\/wp-content\\\/litespeed\\\/avatar\\\/e92a756db1fc224ef50d2f00ed0d047a.jpg?ver=1788446156\",\"url\":\"https:\\\/\\\/www.encontratatui.com.br\\\/guia\\\/wp-content\\\/litespeed\\\/avatar\\\/e92a756db1fc224ef50d2f00ed0d047a.jpg?ver=1788446156\",\"contentUrl\":\"https:\\\/\\\/www.encontratatui.com.br\\\/guia\\\/wp-content\\\/litespeed\\\/avatar\\\/e92a756db1fc224ef50d2f00ed0d047a.jpg?ver=1788446156\",\"caption\":\"Encontra Tatu\u00ed\"},\"url\":\"https:\\\/\\\/www.encontratatui.com.br\\\/guia\\\/author\\\/encontratatui\\\/\"}]}<\/script>\n<!-- \/ Yoast SEO plugin. -->","yoast_head_json":{"title":"Document\u00e1rio produzido por jornalista preserva o legado de Paulo Vagalume, figura emblem\u00e1tica do carnaval de Tatu\u00ed | Guia Comercial de Tatu\u00ed SP","robots":{"index":"index","follow":"follow","max-snippet":"max-snippet:-1","max-image-preview":"max-image-preview:large","max-video-preview":"max-video-preview:-1"},"canonical":"https:\/\/www.encontratatui.com.br\/guia\/documentario-produzido-por-jornalista-preserva-o-legado-de-paulo-vagalume-figura-emblematica-do-carnaval-de-tatui\/","og_locale":"pt_BR","og_type":"article","og_title":"Document\u00e1rio produzido por jornalista preserva o legado de Paulo Vagalume, figura emblem\u00e1tica do carnaval de Tatu\u00ed | Guia Comercial de Tatu\u00ed SP","og_description":"Descubra como o document\u00e1rio preserva a hist\u00f3ria de Paulo Vagalume e a resist\u00eancia negra.","og_url":"https:\/\/www.encontratatui.com.br\/guia\/documentario-produzido-por-jornalista-preserva-o-legado-de-paulo-vagalume-figura-emblematica-do-carnaval-de-tatui\/","og_site_name":"Guia Comercial de Tatu\u00ed SP","article_published_time":"2026-02-18T22:51:57+00:00","og_image":[{"url":"https:\/\/www.encontratatui.com.br\/guia\/wp-content\/uploads\/2026\/02\/documentario-produzido-por-jornalista-preserva-o-legado-de-paulo-vagalume-figura-emblematica-do-carn.webp","type":"","width":"","height":""}],"author":"Encontra Tatu\u00ed","twitter_card":"summary_large_image","twitter_misc":{"Escrito por":"Encontra Tatu\u00ed","Est. tempo de leitura":"4 minutos"},"schema":{"@context":"https:\/\/schema.org","@graph":[{"@type":"Article","@id":"https:\/\/www.encontratatui.com.br\/guia\/documentario-produzido-por-jornalista-preserva-o-legado-de-paulo-vagalume-figura-emblematica-do-carnaval-de-tatui\/#article","isPartOf":{"@id":"https:\/\/www.encontratatui.com.br\/guia\/documentario-produzido-por-jornalista-preserva-o-legado-de-paulo-vagalume-figura-emblematica-do-carnaval-de-tatui\/"},"author":{"name":"Encontra Tatu\u00ed","@id":"https:\/\/www.encontratatui.com.br\/guia\/#\/schema\/person\/58bdf1fd3aa9b268c5f8255d8a6dbf25"},"headline":"Document\u00e1rio produzido por jornalista preserva o legado de Paulo Vagalume, figura emblem\u00e1tica do carnaval de Tatu\u00ed","datePublished":"2026-02-18T22:51:57+00:00","mainEntityOfPage":{"@id":"https:\/\/www.encontratatui.com.br\/guia\/documentario-produzido-por-jornalista-preserva-o-legado-de-paulo-vagalume-figura-emblematica-do-carnaval-de-tatui\/"},"wordCount":855,"commentCount":0,"image":{"@id":"https:\/\/www.encontratatui.com.br\/guia\/documentario-produzido-por-jornalista-preserva-o-legado-de-paulo-vagalume-figura-emblematica-do-carnaval-de-tatui\/#primaryimage"},"thumbnailUrl":"https:\/\/www.encontratatui.com.br\/guia\/wp-content\/uploads\/2026\/02\/documentario-produzido-por-jornalista-preserva-o-legado-de-paulo-vagalume-figura-emblematica-do-carn.webp","articleSection":["Not\u00edcias Tatu\u00ed"],"inLanguage":"pt-BR","potentialAction":[{"@type":"CommentAction","name":"Comment","target":["https:\/\/www.encontratatui.com.br\/guia\/documentario-produzido-por-jornalista-preserva-o-legado-de-paulo-vagalume-figura-emblematica-do-carnaval-de-tatui\/#respond"]}]},{"@type":"WebPage","@id":"https:\/\/www.encontratatui.com.br\/guia\/documentario-produzido-por-jornalista-preserva-o-legado-de-paulo-vagalume-figura-emblematica-do-carnaval-de-tatui\/","url":"https:\/\/www.encontratatui.com.br\/guia\/documentario-produzido-por-jornalista-preserva-o-legado-de-paulo-vagalume-figura-emblematica-do-carnaval-de-tatui\/","name":"Document\u00e1rio produzido por jornalista preserva o legado de Paulo Vagalume, figura emblem\u00e1tica do carnaval de Tatu\u00ed | Guia Comercial de Tatu\u00ed SP","isPartOf":{"@id":"https:\/\/www.encontratatui.com.br\/guia\/#website"},"primaryImageOfPage":{"@id":"https:\/\/www.encontratatui.com.br\/guia\/documentario-produzido-por-jornalista-preserva-o-legado-de-paulo-vagalume-figura-emblematica-do-carnaval-de-tatui\/#primaryimage"},"image":{"@id":"https:\/\/www.encontratatui.com.br\/guia\/documentario-produzido-por-jornalista-preserva-o-legado-de-paulo-vagalume-figura-emblematica-do-carnaval-de-tatui\/#primaryimage"},"thumbnailUrl":"https:\/\/www.encontratatui.com.br\/guia\/wp-content\/uploads\/2026\/02\/documentario-produzido-por-jornalista-preserva-o-legado-de-paulo-vagalume-figura-emblematica-do-carn.webp","datePublished":"2026-02-18T22:51:57+00:00","author":{"@id":"https:\/\/www.encontratatui.com.br\/guia\/#\/schema\/person\/58bdf1fd3aa9b268c5f8255d8a6dbf25"},"inLanguage":"pt-BR","potentialAction":[{"@type":"ReadAction","target":["https:\/\/www.encontratatui.com.br\/guia\/documentario-produzido-por-jornalista-preserva-o-legado-de-paulo-vagalume-figura-emblematica-do-carnaval-de-tatui\/"]}]},{"@type":"ImageObject","inLanguage":"pt-BR","@id":"https:\/\/www.encontratatui.com.br\/guia\/documentario-produzido-por-jornalista-preserva-o-legado-de-paulo-vagalume-figura-emblematica-do-carnaval-de-tatui\/#primaryimage","url":"https:\/\/www.encontratatui.com.br\/guia\/wp-content\/uploads\/2026\/02\/documentario-produzido-por-jornalista-preserva-o-legado-de-paulo-vagalume-figura-emblematica-do-carn.webp","contentUrl":"https:\/\/www.encontratatui.com.br\/guia\/wp-content\/uploads\/2026\/02\/documentario-produzido-por-jornalista-preserva-o-legado-de-paulo-vagalume-figura-emblematica-do-carn.webp","width":280,"height":280,"caption":"document\u00e1rio Paulo Vagalume"},{"@type":"WebSite","@id":"https:\/\/www.encontratatui.com.br\/guia\/#website","url":"https:\/\/www.encontratatui.com.br\/guia\/","name":"Guia Comercial de Tatu\u00ed SP","description":"ENCONTRA TATU\u00cd - O guia comercial de neg\u00f3cios e empresas, cultura e divers\u00e3o na cidade de Tatu\u00ed. Feito 100% para voc\u00ea morador!","potentialAction":[{"@type":"SearchAction","target":{"@type":"EntryPoint","urlTemplate":"https:\/\/www.encontratatui.com.br\/guia\/?s={search_term_string}"},"query-input":{"@type":"PropertyValueSpecification","valueRequired":true,"valueName":"search_term_string"}}],"inLanguage":"pt-BR"},{"@type":"Person","@id":"https:\/\/www.encontratatui.com.br\/guia\/#\/schema\/person\/58bdf1fd3aa9b268c5f8255d8a6dbf25","name":"Encontra Tatu\u00ed","image":{"@type":"ImageObject","inLanguage":"pt-BR","@id":"https:\/\/www.encontratatui.com.br\/guia\/wp-content\/litespeed\/avatar\/e92a756db1fc224ef50d2f00ed0d047a.jpg?ver=1788446156","url":"https:\/\/www.encontratatui.com.br\/guia\/wp-content\/litespeed\/avatar\/e92a756db1fc224ef50d2f00ed0d047a.jpg?ver=1788446156","contentUrl":"https:\/\/www.encontratatui.com.br\/guia\/wp-content\/litespeed\/avatar\/e92a756db1fc224ef50d2f00ed0d047a.jpg?ver=1788446156","caption":"Encontra Tatu\u00ed"},"url":"https:\/\/www.encontratatui.com.br\/guia\/author\/encontratatui\/"}]}},"_links":{"self":[{"href":"https:\/\/www.encontratatui.com.br\/guia\/wp-json\/wp\/v2\/posts\/4955","targetHints":{"allow":["GET"]}}],"collection":[{"href":"https:\/\/www.encontratatui.com.br\/guia\/wp-json\/wp\/v2\/posts"}],"about":[{"href":"https:\/\/www.encontratatui.com.br\/guia\/wp-json\/wp\/v2\/types\/post"}],"author":[{"embeddable":true,"href":"https:\/\/www.encontratatui.com.br\/guia\/wp-json\/wp\/v2\/users\/1"}],"replies":[{"embeddable":true,"href":"https:\/\/www.encontratatui.com.br\/guia\/wp-json\/wp\/v2\/comments?post=4955"}],"version-history":[{"count":0,"href":"https:\/\/www.encontratatui.com.br\/guia\/wp-json\/wp\/v2\/posts\/4955\/revisions"}],"wp:featuredmedia":[{"embeddable":true,"href":"https:\/\/www.encontratatui.com.br\/guia\/wp-json\/wp\/v2\/media\/4954"}],"wp:attachment":[{"href":"https:\/\/www.encontratatui.com.br\/guia\/wp-json\/wp\/v2\/media?parent=4955"}],"wp:term":[{"taxonomy":"category","embeddable":true,"href":"https:\/\/www.encontratatui.com.br\/guia\/wp-json\/wp\/v2\/categories?post=4955"},{"taxonomy":"post_tag","embeddable":true,"href":"https:\/\/www.encontratatui.com.br\/guia\/wp-json\/wp\/v2\/tags?post=4955"}],"curies":[{"name":"wp","href":"https:\/\/api.w.org\/{rel}","templated":true}]}}