{"id":4750,"date":"2025-12-27T10:59:00","date_gmt":"2025-12-27T13:59:00","guid":{"rendered":"https:\/\/www.encontratatui.com.br\/guia\/acidente-envolvendo-dois-carros-e-uma-moto-deixa-tres-pessoas-feridas-em-tatui\/"},"modified":"2025-12-27T10:59:00","modified_gmt":"2025-12-27T13:59:00","slug":"acidente-envolvendo-dois-carros-e-uma-moto-deixa-tres-pessoas-feridas-em-tatui","status":"publish","type":"post","link":"https:\/\/www.encontratatui.com.br\/guia\/acidente-envolvendo-dois-carros-e-uma-moto-deixa-tres-pessoas-feridas-em-tatui\/","title":{"rendered":"Acidente envolvendo dois carros e uma moto deixa tr\u00eas pessoas feridas em Tatu\u00ed"},"content":{"rendered":"<h2>Descri\u00e7\u00e3o do Acidente<\/h2>\n<p>Um grave acidente ocorreu na tarde de segunda-feira, dia 22 de dezembro de 2025, no quil\u00f4metro 112 da rodovia Ant\u00f4nio Romano Schincariol (SP-127), que passa pelo munic\u00edpio de Tatu\u00ed, na Regi\u00e3o Metropolitana de Sorocaba. A colis\u00e3o envolveu dois ve\u00edculos de passeio e uma motocicleta, resultando em ferimentos para tr\u00eas pessoas. O incidente deixou a cidade em estado de alerta, pois os detalhes da ocorr\u00eancia se tornaram o foco das aten\u00e7\u00f5es locais.<\/p>\n<p>Os relatos iniciais apontam que a batida ocorreu em um momento de grande movimento na rodovia. Foi um evento preocupante n\u00e3o s\u00f3 pela gravidade dos ferimentos, mas tamb\u00e9m pela forma como a situa\u00e7\u00e3o foi administrada pelas equipes de socorro. Testemunhas ouvidas posteriormente relataram que a colis\u00e3o foi bastante violenta, levando a emerg\u00eancia a mobilizar diversos servi\u00e7os para atender \u00e0s v\u00edtimas.<\/p>\n<h2>Dados sobre as V\u00edtimas<\/h2>\n<p>Das tr\u00eas pessoas envolvidas no acidente, duas apresentavam ferimentos graves e foram rapidamente socorridas, enquanto a terceira v\u00edtima teve ferimentos considerados moderados. Todos foram encaminhados \u00e0 Santa Casa de Tatu\u00ed para receber tratamento. \u00c9 importante ressaltar que, at\u00e9 o momento da divulga\u00e7\u00e3o das informa\u00e7\u00f5es sobre o acidente, a concession\u00e1ria da rodovia n\u00e3o havia fornecido dados espec\u00edficos sobre a identidade das v\u00edtimas. Isso levanta quest\u00f5es a respeito da privacidade e do tratamento sens\u00edvel das informa\u00e7\u00f5es pessoais em situa\u00e7\u00f5es de emerg\u00eancia, visto que essas informa\u00e7\u00f5es s\u00e3o frequentemente divulgadas apenas ap\u00f3s a comunica\u00e7\u00e3o aos familiares.<\/p>\n<p><img decoding=\"async\" src=\"https:\/\/www.encontratatui.com.br\/guia\/wp-content\/uploads\/2025\/12\/acidente-envolvendo-dois-carros-e-uma-moto-deixa-tres-pessoas-feridas-em-tatui.webp\" alt=\"acidente Tatu\u00ed\" loading=\"lazy\" \/><\/p>\n<p>Os ferimentos graves podem incluir fraturas, traumas cranianos e outras les\u00f5es que exigem cuidados intensivos, recorrendo at\u00e9 mesmo a interven\u00e7\u00f5es cir\u00fargicas. A equipe m\u00e9dica da Santa Casa de Tatu\u00ed, reconhecida por seu comprometimento e excel\u00eancia no atendimento, pode colocar em pr\u00e1tica todos os recursos necess\u00e1rios para garantir a recupera\u00e7\u00e3o das v\u00edtimas.<\/p>\n<h2>A\u00e7\u00e3o do Corpo de Bombeiros<\/h2>\n<p>Com o chamado de emerg\u00eancia, equipes do Corpo de Bombeiros foram deslocadas para o local do acidente a fim de realizar os primeiros atendimentos e ajudar na remo\u00e7\u00e3o das v\u00edtimas dos ve\u00edculos danificados. O trabalho da corpora\u00e7\u00e3o \u00e9 vital em situa\u00e7\u00f5es como esta, onde o tempo de resposta pode ser crucial para a sobreviv\u00eancia e a recupera\u00e7\u00e3o dos acidentados.<\/p>\n<p>Os bombeiros enfrentaram a dificuldade de um local de dif\u00edcil acesso devido ao tr\u00e1fego na rodovia. Contudo, a efici\u00eancia e o treinamento especializado permitir\u00e3o que realizem a desobstru\u00e7\u00e3o das sa\u00eddas dos ve\u00edculos com seguran\u00e7a. Os profissionais se mostraram \u00e1geis e competentes, utilizando ferramentas adequadas para cortar e remover as partes dos carros que dificultavam o resgate.<\/p>\n<h2>Interven\u00e7\u00e3o do Samu<\/h2>\n<p>Simultaneamente aos esfor\u00e7os do Corpo de Bombeiros, as equipes do Servi\u00e7o de Atendimento M\u00f3vel de Urg\u00eancia (SAMU) tamb\u00e9m foram acionadas. O SAMU desempenha um papel cr\u00edtico em situa\u00e7\u00f5es de emerg\u00eancia, oferecendo cuidados pr\u00e9-hospitalares e transporte r\u00e1pido para servi\u00e7os m\u00e9dicos. O atendimento emergencial \u00e9 realizado por uma equipe multidisciplinar, composta por m\u00e9dicos, enfermeiros e t\u00e9cnicos em enfermagem, que atuaram de forma r\u00e1pida e organizada.<\/p>\n<p>Na chegada das ambul\u00e2ncias, os profissionais do SAMU realizaram triagem das v\u00edtimas de acordo com a gravidade das les\u00f5es. As v\u00edtimas com ferimentos mais s\u00e9rios foram priorizadas para serem levadas rapidamente \u00e0 unidade de sa\u00fade. Esse atendimento imediato pode muitas vezes fazer a diferen\u00e7a entre a vida e a morte, ressaltando a import\u00e2ncia desse servi\u00e7o no sistema de sa\u00fade p\u00fablica.<\/p>\n<h2>Impacto no Tr\u00e1fego Local<\/h2>\n<p>Outro aspecto importante do acidente foi o impacto no tr\u00e1fego local. Apesar de a rodovia ter sido rapidamente liberada ap\u00f3s a remo\u00e7\u00e3o dos ve\u00edculos, houve um congestionamento consider\u00e1vel na \u00e1rea \u00e0 medida que motoristas diminu\u00edam a velocidade para observar o que havia ocorrido. A situa\u00e7\u00e3o gerou estresse e impaci\u00eancia entre os motoristas que estavam em dire\u00e7\u00e3o ao trabalho ou realizando viagens. Congestionamentos como esses n\u00e3o s\u00e3o incomuns ap\u00f3s acidentes, e podem ser um grande aborrecimento para os envolvidos.<\/p>\n<p>Por outro lado, a equipe de tr\u00e2nsito e seguran\u00e7a p\u00fablica se mobilizou rapidamente para orientar a circula\u00e7\u00e3o dos ve\u00edculos, minimizando o impacto no fluxo geral da rodovia. Essa \u00e9 uma pr\u00e1tica padr\u00e3o, que busca restabelecer a normalidade o mais r\u00e1pido poss\u00edvel, evitando sequ\u00eancias de acidentes ou mais feridos.<\/p>\n<h2>Investiga\u00e7\u00e3o do Acidente<\/h2>\n<p>Com a ocorr\u00eancia das colis\u00f5es, \u00e9 natural que se inicie um processo de investiga\u00e7\u00e3o para entender as circunst\u00e2ncias que levaram ao acidente. As autoridades de tr\u00e2nsito come\u00e7am a reunir informa\u00e7\u00f5es que incluem depoimentos de testemunhas, an\u00e1lise das condi\u00e7\u00f5es meteorol\u00f3gicas, verifica\u00e7\u00e3o de sinaliza\u00e7\u00f5es e outros fatores que possam ter influenciado a situa\u00e7\u00e3o.<\/p>\n<p>\u00c9 essencial que uma investiga\u00e7\u00e3o minuciosa ocorra para evitar que outros acidentes similares se repitam no futuro. O papel da pol\u00edcia rodovi\u00e1ria \u00e9 garantir que a seguran\u00e7a do tr\u00e2nsito seja fortalecida, e que quaisquer falhas que tenham contribu\u00eddo para o acidente sejam identificadas e corrigidas.<\/p>\n<h2>Preven\u00e7\u00e3o de Acidentes<\/h2>\n<p>A preven\u00e7\u00e3o de acidentes \u00e9 um tema que deve ser abordado constantemente nas discuss\u00f5es sobre seguran\u00e7a no tr\u00e2nsito. \u00c9 atrav\u00e9s da conscientiza\u00e7\u00e3o e da implementa\u00e7\u00e3o de medidas que os acidentes podem ser reduzidos. Campanhas educativas que abordam o respeito \u00e0s sinaliza\u00e7\u00f5es, a import\u00e2ncia do uso de cinto de seguran\u00e7a e incentivo a dire\u00e7\u00e3o respons\u00e1vel s\u00e3o fundamentais.<\/p>\n<p>Al\u00e9m disso, melhorias na infraestrutura das estradas, como a instala\u00e7\u00e3o de faixas de pedestres, sem\u00e1foros bem posicionados e sinaliza\u00e7\u00f5es claras, devem ser realizada continuamente. Essas a\u00e7\u00f5es, quando bem implementadas, t\u00eam o potencial de diminuir significativamente o n\u00famero de acidentes nas rodovias.<\/p>\n<h2>Import\u00e2ncia da Seguran\u00e7a Vi\u00e1ria<\/h2>\n<p>A seguran\u00e7a vi\u00e1ria deve ser uma prioridade n\u00e3o apenas para o governo, mas tamb\u00e9m para cada indiv\u00edduo que utiliza as vias p\u00fablicas. A responsabilidade come\u00e7a com o motorista, que deve estar sempre atento e obey sinais de tr\u00e2nsito, respeitar limites de velocidade e manter a aten\u00e7\u00e3o plena durante a condu\u00e7\u00e3o do ve\u00edculo.<\/p>\n<p>A seguran\u00e7a vi\u00e1ria envolve tamb\u00e9m o respeito ao espa\u00e7o dos outros usu\u00e1rios da estrada, como pedestres e ciclistas, que nem sempre recebem a devida aten\u00e7\u00e3o. O compromisso coletivo e a educa\u00e7\u00e3o no tr\u00e2nsito s\u00e3o componentes essenciais para a promo\u00e7\u00e3o de um ambiente mais seguro nas vias.<\/p>\n<h2>O Papel dos Motociclistas<\/h2>\n<p>Os motociclistas enfrentam riscos adicionais na estrada devido \u00e0 natureza vulner\u00e1vel de suas motocicletas. Por conta de seu tamanho, os motociclistas muitas vezes s\u00e3o menos vis\u00edveis para outros motoristas, o que pode resultar em acidentes. Portanto, um aspecto fundamental da seguran\u00e7a \u00e9 a educa\u00e7\u00e3o e conscientiza\u00e7\u00e3o voltadas para esses condutores, em especial sobre a import\u00e2ncia do uso de equipamentos de prote\u00e7\u00e3o adequados, como capacetes e roupas apropriadas.<\/p>\n<p>Motociclistas devem receber orienta\u00e7\u00f5es sobre as melhores pr\u00e1ticas de pilotagem e como se comportar em diferentes situa\u00e7\u00f5es na estrada. Al\u00e9m disso, o respeito \u00e0s sinaliza\u00e7\u00f5es e a manuten\u00e7\u00e3o adequada da motocicleta s\u00e3o fatores que n\u00e3o podem ser negligenciados e fazem uma grande diferen\u00e7a na seguran\u00e7a geral.<\/p>\n<h2>Campos de Melhorias no Tr\u00e2nsito<\/h2>\n<p>Para que possamos avan\u00e7ar na seguran\u00e7a do tr\u00e2nsito, \u00e9 imprescind\u00edvel que instala\u00e7\u00f5es de infraestrutura sejam adequadas e acompanhadas de campanhas educativas. As condi\u00e7\u00f5es das estradas precisam ser frequentemente monitoradas e atualizadas, assim como a manuten\u00e7\u00e3o dos ve\u00edculos deve ser um assunto de maior responsabilidade entre os motoristas.<\/p>\n<p>Al\u00e9m disso, a aplica\u00e7\u00e3o de leis de tr\u00e2nsito de maneira efetiva, com penaliza\u00e7\u00f5es adequadas, \u00e9 uma medida decisiva. A promo\u00e7\u00e3o de eventos que re\u00fanem diversas institui\u00e7\u00f5es para discutir e desenvolver a\u00e7\u00f5es que limitem os acidentes pode gerar a\u00e7\u00f5es concretas e salvadoras no sistema vi\u00e1rio.<\/p>\n<p>Comprender que cada cidad\u00e3o tem um papel ativo na promo\u00e7\u00e3o da seguran\u00e7a no tr\u00e2nsito torna-se crucial. \u00c9 um compromisso que deve ser de todos, visando um ambiente mais seguro e menos propenso a trag\u00e9dias como a que ocorreu em Tatu\u00ed.<\/p>\n","protected":false},"excerpt":{"rendered":"<p>Acidente grave em Tatu\u00ed, com tr\u00eas feridos ap\u00f3s colis\u00e3o entre carros e moto.<\/p>\n","protected":false},"author":1,"featured_media":4749,"comment_status":"open","ping_status":"open","sticky":false,"template":"","format":"standard","meta":{"footnotes":""},"categories":[5],"tags":[],"class_list":["post-4750","post","type-post","status-publish","format-standard","has-post-thumbnail","hentry","category-noticias","has_thumb"],"yoast_head":"<!-- This site is optimized with the Yoast SEO plugin v26.6 - https:\/\/yoast.com\/wordpress\/plugins\/seo\/ -->\n<title>Acidente envolvendo dois carros e uma moto deixa tr\u00eas pessoas feridas em Tatu\u00ed | Guia Comercial de Tatu\u00ed SP<\/title>\n<meta name=\"robots\" content=\"index, follow, max-snippet:-1, max-image-preview:large, max-video-preview:-1\" \/>\n<link rel=\"canonical\" href=\"https:\/\/www.encontratatui.com.br\/guia\/acidente-envolvendo-dois-carros-e-uma-moto-deixa-tres-pessoas-feridas-em-tatui\/\" \/>\n<meta property=\"og:locale\" content=\"pt_BR\" \/>\n<meta property=\"og:type\" content=\"article\" \/>\n<meta property=\"og:title\" content=\"Acidente envolvendo dois carros e uma moto deixa tr\u00eas pessoas feridas em Tatu\u00ed | Guia Comercial de Tatu\u00ed SP\" \/>\n<meta property=\"og:description\" content=\"Acidente grave em Tatu\u00ed, com tr\u00eas feridos ap\u00f3s colis\u00e3o entre carros e moto.\" \/>\n<meta property=\"og:url\" content=\"https:\/\/www.encontratatui.com.br\/guia\/acidente-envolvendo-dois-carros-e-uma-moto-deixa-tres-pessoas-feridas-em-tatui\/\" \/>\n<meta property=\"og:site_name\" content=\"Guia Comercial de Tatu\u00ed SP\" \/>\n<meta property=\"article:published_time\" content=\"2025-12-27T13:59:00+00:00\" \/>\n<meta property=\"og:image\" content=\"https:\/\/www.encontratatui.com.br\/guia\/wp-content\/uploads\/2025\/12\/acidente-envolvendo-dois-carros-e-uma-moto-deixa-tres-pessoas-feridas-em-tatui.webp\" \/>\n<meta name=\"author\" content=\"Encontra Tatu\u00ed\" \/>\n<meta name=\"twitter:card\" content=\"summary_large_image\" \/>\n<meta name=\"twitter:label1\" content=\"Escrito por\" \/>\n\t<meta name=\"twitter:data1\" content=\"Encontra Tatu\u00ed\" \/>\n\t<meta name=\"twitter:label2\" content=\"Est. tempo de leitura\" \/>\n\t<meta name=\"twitter:data2\" content=\"7 minutos\" \/>\n<script type=\"application\/ld+json\" class=\"yoast-schema-graph\">{\"@context\":\"https:\/\/schema.org\",\"@graph\":[{\"@type\":\"WebPage\",\"@id\":\"https:\/\/www.encontratatui.com.br\/guia\/acidente-envolvendo-dois-carros-e-uma-moto-deixa-tres-pessoas-feridas-em-tatui\/\",\"url\":\"https:\/\/www.encontratatui.com.br\/guia\/acidente-envolvendo-dois-carros-e-uma-moto-deixa-tres-pessoas-feridas-em-tatui\/\",\"name\":\"Acidente envolvendo dois carros e uma moto deixa tr\u00eas pessoas feridas em Tatu\u00ed | Guia Comercial de Tatu\u00ed SP\",\"isPartOf\":{\"@id\":\"https:\/\/www.encontratatui.com.br\/guia\/#website\"},\"primaryImageOfPage\":{\"@id\":\"https:\/\/www.encontratatui.com.br\/guia\/acidente-envolvendo-dois-carros-e-uma-moto-deixa-tres-pessoas-feridas-em-tatui\/#primaryimage\"},\"image\":{\"@id\":\"https:\/\/www.encontratatui.com.br\/guia\/acidente-envolvendo-dois-carros-e-uma-moto-deixa-tres-pessoas-feridas-em-tatui\/#primaryimage\"},\"thumbnailUrl\":\"https:\/\/www.encontratatui.com.br\/guia\/wp-content\/uploads\/2025\/12\/acidente-envolvendo-dois-carros-e-uma-moto-deixa-tres-pessoas-feridas-em-tatui.webp\",\"datePublished\":\"2025-12-27T13:59:00+00:00\",\"author\":{\"@id\":\"https:\/\/www.encontratatui.com.br\/guia\/#\/schema\/person\/58bdf1fd3aa9b268c5f8255d8a6dbf25\"},\"inLanguage\":\"pt-BR\",\"potentialAction\":[{\"@type\":\"ReadAction\",\"target\":[\"https:\/\/www.encontratatui.com.br\/guia\/acidente-envolvendo-dois-carros-e-uma-moto-deixa-tres-pessoas-feridas-em-tatui\/\"]}]},{\"@type\":\"ImageObject\",\"inLanguage\":\"pt-BR\",\"@id\":\"https:\/\/www.encontratatui.com.br\/guia\/acidente-envolvendo-dois-carros-e-uma-moto-deixa-tres-pessoas-feridas-em-tatui\/#primaryimage\",\"url\":\"https:\/\/www.encontratatui.com.br\/guia\/wp-content\/uploads\/2025\/12\/acidente-envolvendo-dois-carros-e-uma-moto-deixa-tres-pessoas-feridas-em-tatui.webp\",\"contentUrl\":\"https:\/\/www.encontratatui.com.br\/guia\/wp-content\/uploads\/2025\/12\/acidente-envolvendo-dois-carros-e-uma-moto-deixa-tres-pessoas-feridas-em-tatui.webp\",\"width\":320,\"height\":280,\"caption\":\"acidente Tatu\u00ed\"},{\"@type\":\"WebSite\",\"@id\":\"https:\/\/www.encontratatui.com.br\/guia\/#website\",\"url\":\"https:\/\/www.encontratatui.com.br\/guia\/\",\"name\":\"Guia Comercial de Tatu\u00ed SP\",\"description\":\"ENCONTRA TATU\u00cd - O guia comercial de neg\u00f3cios e empresas, cultura e divers\u00e3o na cidade de Tatu\u00ed. Feito 100% para voc\u00ea morador!\",\"potentialAction\":[{\"@type\":\"SearchAction\",\"target\":{\"@type\":\"EntryPoint\",\"urlTemplate\":\"https:\/\/www.encontratatui.com.br\/guia\/?s={search_term_string}\"},\"query-input\":{\"@type\":\"PropertyValueSpecification\",\"valueRequired\":true,\"valueName\":\"search_term_string\"}}],\"inLanguage\":\"pt-BR\"},{\"@type\":\"Person\",\"@id\":\"https:\/\/www.encontratatui.com.br\/guia\/#\/schema\/person\/58bdf1fd3aa9b268c5f8255d8a6dbf25\",\"name\":\"Encontra Tatu\u00ed\",\"image\":{\"@type\":\"ImageObject\",\"inLanguage\":\"pt-BR\",\"@id\":\"https:\/\/www.encontratatui.com.br\/guia\/#\/schema\/person\/image\/\",\"url\":\"https:\/\/secure.gravatar.com\/avatar\/c50c17820bcf322f0a8fd6b110b8c0918141409dc69076470f6fca5fee70a5d4?s=96&d=mm&r=g\",\"contentUrl\":\"https:\/\/secure.gravatar.com\/avatar\/c50c17820bcf322f0a8fd6b110b8c0918141409dc69076470f6fca5fee70a5d4?s=96&d=mm&r=g\",\"caption\":\"Encontra Tatu\u00ed\"},\"url\":\"https:\/\/www.encontratatui.com.br\/guia\/author\/encontratatui\/\"}]}<\/script>\n<!-- \/ Yoast SEO plugin. -->","yoast_head_json":{"title":"Acidente envolvendo dois carros e uma moto deixa tr\u00eas pessoas feridas em Tatu\u00ed | Guia Comercial de Tatu\u00ed SP","robots":{"index":"index","follow":"follow","max-snippet":"max-snippet:-1","max-image-preview":"max-image-preview:large","max-video-preview":"max-video-preview:-1"},"canonical":"https:\/\/www.encontratatui.com.br\/guia\/acidente-envolvendo-dois-carros-e-uma-moto-deixa-tres-pessoas-feridas-em-tatui\/","og_locale":"pt_BR","og_type":"article","og_title":"Acidente envolvendo dois carros e uma moto deixa tr\u00eas pessoas feridas em Tatu\u00ed | Guia Comercial de Tatu\u00ed SP","og_description":"Acidente grave em Tatu\u00ed, com tr\u00eas feridos ap\u00f3s colis\u00e3o entre carros e moto.","og_url":"https:\/\/www.encontratatui.com.br\/guia\/acidente-envolvendo-dois-carros-e-uma-moto-deixa-tres-pessoas-feridas-em-tatui\/","og_site_name":"Guia Comercial de Tatu\u00ed SP","article_published_time":"2025-12-27T13:59:00+00:00","og_image":[{"url":"https:\/\/www.encontratatui.com.br\/guia\/wp-content\/uploads\/2025\/12\/acidente-envolvendo-dois-carros-e-uma-moto-deixa-tres-pessoas-feridas-em-tatui.webp","type":"","width":"","height":""}],"author":"Encontra Tatu\u00ed","twitter_card":"summary_large_image","twitter_misc":{"Escrito por":"Encontra Tatu\u00ed","Est. tempo de leitura":"7 minutos"},"schema":{"@context":"https:\/\/schema.org","@graph":[{"@type":"WebPage","@id":"https:\/\/www.encontratatui.com.br\/guia\/acidente-envolvendo-dois-carros-e-uma-moto-deixa-tres-pessoas-feridas-em-tatui\/","url":"https:\/\/www.encontratatui.com.br\/guia\/acidente-envolvendo-dois-carros-e-uma-moto-deixa-tres-pessoas-feridas-em-tatui\/","name":"Acidente envolvendo dois carros e uma moto deixa tr\u00eas pessoas feridas em Tatu\u00ed | Guia Comercial de Tatu\u00ed SP","isPartOf":{"@id":"https:\/\/www.encontratatui.com.br\/guia\/#website"},"primaryImageOfPage":{"@id":"https:\/\/www.encontratatui.com.br\/guia\/acidente-envolvendo-dois-carros-e-uma-moto-deixa-tres-pessoas-feridas-em-tatui\/#primaryimage"},"image":{"@id":"https:\/\/www.encontratatui.com.br\/guia\/acidente-envolvendo-dois-carros-e-uma-moto-deixa-tres-pessoas-feridas-em-tatui\/#primaryimage"},"thumbnailUrl":"https:\/\/www.encontratatui.com.br\/guia\/wp-content\/uploads\/2025\/12\/acidente-envolvendo-dois-carros-e-uma-moto-deixa-tres-pessoas-feridas-em-tatui.webp","datePublished":"2025-12-27T13:59:00+00:00","author":{"@id":"https:\/\/www.encontratatui.com.br\/guia\/#\/schema\/person\/58bdf1fd3aa9b268c5f8255d8a6dbf25"},"inLanguage":"pt-BR","potentialAction":[{"@type":"ReadAction","target":["https:\/\/www.encontratatui.com.br\/guia\/acidente-envolvendo-dois-carros-e-uma-moto-deixa-tres-pessoas-feridas-em-tatui\/"]}]},{"@type":"ImageObject","inLanguage":"pt-BR","@id":"https:\/\/www.encontratatui.com.br\/guia\/acidente-envolvendo-dois-carros-e-uma-moto-deixa-tres-pessoas-feridas-em-tatui\/#primaryimage","url":"https:\/\/www.encontratatui.com.br\/guia\/wp-content\/uploads\/2025\/12\/acidente-envolvendo-dois-carros-e-uma-moto-deixa-tres-pessoas-feridas-em-tatui.webp","contentUrl":"https:\/\/www.encontratatui.com.br\/guia\/wp-content\/uploads\/2025\/12\/acidente-envolvendo-dois-carros-e-uma-moto-deixa-tres-pessoas-feridas-em-tatui.webp","width":320,"height":280,"caption":"acidente Tatu\u00ed"},{"@type":"WebSite","@id":"https:\/\/www.encontratatui.com.br\/guia\/#website","url":"https:\/\/www.encontratatui.com.br\/guia\/","name":"Guia Comercial de Tatu\u00ed SP","description":"ENCONTRA TATU\u00cd - O guia comercial de neg\u00f3cios e empresas, cultura e divers\u00e3o na cidade de Tatu\u00ed. Feito 100% para voc\u00ea morador!","potentialAction":[{"@type":"SearchAction","target":{"@type":"EntryPoint","urlTemplate":"https:\/\/www.encontratatui.com.br\/guia\/?s={search_term_string}"},"query-input":{"@type":"PropertyValueSpecification","valueRequired":true,"valueName":"search_term_string"}}],"inLanguage":"pt-BR"},{"@type":"Person","@id":"https:\/\/www.encontratatui.com.br\/guia\/#\/schema\/person\/58bdf1fd3aa9b268c5f8255d8a6dbf25","name":"Encontra Tatu\u00ed","image":{"@type":"ImageObject","inLanguage":"pt-BR","@id":"https:\/\/www.encontratatui.com.br\/guia\/#\/schema\/person\/image\/","url":"https:\/\/secure.gravatar.com\/avatar\/c50c17820bcf322f0a8fd6b110b8c0918141409dc69076470f6fca5fee70a5d4?s=96&d=mm&r=g","contentUrl":"https:\/\/secure.gravatar.com\/avatar\/c50c17820bcf322f0a8fd6b110b8c0918141409dc69076470f6fca5fee70a5d4?s=96&d=mm&r=g","caption":"Encontra Tatu\u00ed"},"url":"https:\/\/www.encontratatui.com.br\/guia\/author\/encontratatui\/"}]}},"_links":{"self":[{"href":"https:\/\/www.encontratatui.com.br\/guia\/wp-json\/wp\/v2\/posts\/4750","targetHints":{"allow":["GET"]}}],"collection":[{"href":"https:\/\/www.encontratatui.com.br\/guia\/wp-json\/wp\/v2\/posts"}],"about":[{"href":"https:\/\/www.encontratatui.com.br\/guia\/wp-json\/wp\/v2\/types\/post"}],"author":[{"embeddable":true,"href":"https:\/\/www.encontratatui.com.br\/guia\/wp-json\/wp\/v2\/users\/1"}],"replies":[{"embeddable":true,"href":"https:\/\/www.encontratatui.com.br\/guia\/wp-json\/wp\/v2\/comments?post=4750"}],"version-history":[{"count":0,"href":"https:\/\/www.encontratatui.com.br\/guia\/wp-json\/wp\/v2\/posts\/4750\/revisions"}],"wp:featuredmedia":[{"embeddable":true,"href":"https:\/\/www.encontratatui.com.br\/guia\/wp-json\/wp\/v2\/media\/4749"}],"wp:attachment":[{"href":"https:\/\/www.encontratatui.com.br\/guia\/wp-json\/wp\/v2\/media?parent=4750"}],"wp:term":[{"taxonomy":"category","embeddable":true,"href":"https:\/\/www.encontratatui.com.br\/guia\/wp-json\/wp\/v2\/categories?post=4750"},{"taxonomy":"post_tag","embeddable":true,"href":"https:\/\/www.encontratatui.com.br\/guia\/wp-json\/wp\/v2\/tags?post=4750"}],"curies":[{"name":"wp","href":"https:\/\/api.w.org\/{rel}","templated":true}]}}